{"id":9999,"date":"2008-06-21T08:08:05","date_gmt":"2008-06-21T06:08:05","guid":{"rendered":"http:\/\/www.schoene-nachrichten.de\/?p=9999"},"modified":"2008-06-21T08:08:05","modified_gmt":"2008-06-21T06:08:05","slug":"internationaler-weltjugendtag-in-sydney-events-in-huenfeld","status":"publish","type":"post","link":"https:\/\/www.fuldaernachrichten.de\/?p=9999","title":{"rendered":"Internationaler Weltjugendtag in Sydney &#8211; Events in H\u00fcnfeld"},"content":{"rendered":"<p><a rel=\"lightbox[roadtrip]\" href=\"http:\/\/www.schoene-nachrichten.de\/wp-content\/uploads\/2008\/06\/wjt-2008-flyer.jpg\" target=\"_blank\"><img decoding=\"async\" class=\"alignleft size-medium wp-image-10007\" title=\"wjt-2008-flyer\" src=\"http:\/\/www.schoene-nachrichten.de\/wp-content\/uploads\/2008\/06\/wjt-2008-flyer-90x128.jpg\" alt=\"\" hspace=\"5\" width=\"90\" height=\"128\" align=\"left\" srcset=\"https:\/\/www.fuldaernachrichten.de\/wp-content\/uploads\/2008\/06\/wjt-2008-flyer-90x128.jpg 90w, https:\/\/www.fuldaernachrichten.de\/wp-content\/uploads\/2008\/06\/wjt-2008-flyer.jpg 399w\" sizes=\"(max-width: 90px) 100vw, 90px\" \/><\/a><strong>Fulda\/H\u00fcnfeld.<\/strong> Bunte Fahnen, Menschen aus aller Welt, fr\u00f6hliche und ausgelassene Stimmung: w\u00e4hrend des Weltjugendtages (WJT) 2005 sangen und klatschten sich begeisterte Jugendliche aus aller Welt in die Herzen der H\u00fcnfelder und Fuldaer Bev\u00f6lkerung. Im Juli 2008 soll sich dieses Ereignis im H\u00fcnfelder Bonifatiuskloster wiederholen. Parallel zum internationalen Weltjugendtag in Sydney findet vom 16. bis 20. Juli 2008 im Bistum Fulda der \u201eWJT@home\u201c statt, eine intensive Weltjugendtagswoche f\u00fcr Jugendliche und junge Erwachsene mit Live-\u00dcbertragung der Ereignisse aus Sydney.<!--more--><\/p>\n<p>Geleitet wird das Projekt von Thomas Bretz vom Referat f\u00fcr Neuevangelisierung des Bisch\u00f6flichen Generalvikariates Fulda, Pater Martin Wolf OMI, Novizenmeister der Oblaten aus H\u00fcnfeld, und Pater Felix Rehbock OMI, Schulseelsorger aus Burlo.<\/p>\n<p><strong>Er\u00f6ffnung durch Bischof Algermissen &#8211; offene Angebote f\u00fcr alle Interessierte<\/strong><\/p>\n<p>Neben den Dauerteilnehmern sind auch alle Interessierten zu den verschiedenen Angeboten herzlich eingeladen. Am Mittwoch, 16. Juli, um 17 Uhr wird Bischof Heinz Josef Algermissen den Er\u00f6ffnungsgottesdienst in der Klosterkirche zu H\u00fcnfeld feiern, dem sich eine Auftaktveranstaltung im Klosterpark mit Abendessen anschlie\u00dft. Pater Felix Rehbock OMI wird am Donnerstag, 17. Juli, um 20.15 Uhr eine Heilige Messe in der Klosterkirche halten. Am Freitag, 18. Juli, wird Pfarrer Ulrich Sch\u00e4fer aus Freigericht-Somborn vormittags um 10 Uhr einen Gottesdienst feiern. Am Abend findet dann von 20.15 Uhr bis 22.30 Uhr ein Gebetsabend mit Anbetung, Musik, Firmerneuerung und Beichte in der Klosterkirche statt.<\/p>\n<p><strong>Live-\u00dcbertragungen aus Sydney und Konzert mit Elke Reichert<\/strong><\/p>\n<p>Am Samstag, 19. Juli, wird es von 11 bis 13 Uhr eine Live-\u00dcbertragung der Weltjugendtags-Vigil aus Sydney in der Klosterkirche sowie am Abend von 21 bis 23 Uhr ein Konzert mit der S\u00e4ngerin Elke Reichert aus K\u00f6ln geben. Der Eintritt betr\u00e4gt 3 Euro. Reichert singt seit etwa 18 Jahren. Nach dem Studium der Popularmusik an der Hamburger Hochschule f\u00fcr Musik hatte sie die Chance, mit vielen nationalen und internationalen K\u00fcnstlern zu arbeiten. Ihre musikalische Bandbreite erweiterte und kultivierte sie in verschiedenen Bandprojekten und Studiojobs.<\/p>\n<p>Seit sechs Jahren leitet sie die musikalische Anbetungsarbeit in ihrer Gemeinde, gestaltet Lobpreisgottesdienste mit ihrer Band, gibt Seminare und coacht au\u00dferdem junge Gemeindebands. Die Live-\u00dcbertragung der feierlichen Abschlu\u00dfmesse des Weltjugendtages aus Sydney findet dann in der Nacht zum Sonntag, 20. Juli, von 1 bis 4 Uhr in der Klosterkirche statt. Anschlie\u00dfend gibt es ein Feuerwerk im Garten des Klosters.<\/p>\n<p>\u201eWir m\u00f6chten die Weltjugendtagswoche im Juli auch hier vor Ort nutzen, um uns mit der Weltkirche zu verbinden und junge Menschen in ihrem Glauben und in ihrem Engagement in der Gesellschaft voranzubringen\u201c, so Thomas Bretz. Pater Martin Wolf erg\u00e4nzt: \u201eWir arbeiten dazu mit verschiedenen Elementen. So wird es ein Lobpreiskonzert mit Elke Reichert aus K\u00f6ln geben, au\u00dferdem eine Lebenswerkstatt mit verschiedenen Themen wie z. B. kreative Lebensplanung, Bibel und Evolution, Kommunikationstraining und \u00e2\u20ac\u0161Gott neu in Deutschland\u00e2\u20ac\u2122. Au\u00dferdem gibt es eine Gebetsnacht in der Klosterkirche. Die inhaltlichen Akzente sind uns sehr wichtig.\u201c<\/p>\n<p>Alle Weltjugendtags-Interessierte sind herzlich zu den Veranstaltungen eingeladen. Weitere Informationen beim Bisch\u00f6flichen Jugendamt, Paulustor 5, 36037 Fulda, Tel. 0661\/87-367 oder online unter www.wjt2008-fulda.de.<\/p>\n","protected":false},"excerpt":{"rendered":"<div class=\"tmnf_excerpt\"><p>Fulda\/H\u00fcnfeld. Bunte Fahnen, Menschen aus aller Welt, fr\u00f6hliche und ausgelassene Stimmung: w\u00e4hrend des Weltjugendtages (WJT) 2005 sangen und klatschten sich begeisterte Jugendliche aus aller Welt in die Herzen der H\u00fcnfelder und Fuldaer Bev\u00f6lkerung. Im Juli 2008 soll sich dieses Ereignis im H\u00fcnfelder Bonifatiuskloster wiederholen. Parallel zum internationalen Weltjugendtag in Sydney findet vom 16. bis 20. &hellip;<\/p>\n<\/div>","protected":false},"author":1,"featured_media":0,"comment_status":"closed","ping_status":"closed","sticky":false,"template":"","format":"standard","meta":{"footnotes":""},"categories":[1,50],"tags":[],"class_list":["post-9999","post","type-post","status-publish","format-standard","hentry","category-startseite","category-kirche"],"_links":{"self":[{"href":"https:\/\/www.fuldaernachrichten.de\/index.php?rest_route=\/wp\/v2\/posts\/9999","targetHints":{"allow":["GET"]}}],"collection":[{"href":"https:\/\/www.fuldaernachrichten.de\/index.php?rest_route=\/wp\/v2\/posts"}],"about":[{"href":"https:\/\/www.fuldaernachrichten.de\/index.php?rest_route=\/wp\/v2\/types\/post"}],"author":[{"embeddable":true,"href":"https:\/\/www.fuldaernachrichten.de\/index.php?rest_route=\/wp\/v2\/users\/1"}],"replies":[{"embeddable":true,"href":"https:\/\/www.fuldaernachrichten.de\/index.php?rest_route=%2Fwp%2Fv2%2Fcomments&post=9999"}],"version-history":[{"count":0,"href":"https:\/\/www.fuldaernachrichten.de\/index.php?rest_route=\/wp\/v2\/posts\/9999\/revisions"}],"wp:attachment":[{"href":"https:\/\/www.fuldaernachrichten.de\/index.php?rest_route=%2Fwp%2Fv2%2Fmedia&parent=9999"}],"wp:term":[{"taxonomy":"category","embeddable":true,"href":"https:\/\/www.fuldaernachrichten.de\/index.php?rest_route=%2Fwp%2Fv2%2Fcategories&post=9999"},{"taxonomy":"post_tag","embeddable":true,"href":"https:\/\/www.fuldaernachrichten.de\/index.php?rest_route=%2Fwp%2Fv2%2Ftags&post=9999"}],"curies":[{"name":"wp","href":"https:\/\/api.w.org\/{rel}","templated":true}]}}