{"id":9994,"date":"2008-06-24T09:54:48","date_gmt":"2008-06-24T07:54:48","guid":{"rendered":"http:\/\/www.schoene-nachrichten.de\/?p=9994"},"modified":"2008-12-15T13:16:48","modified_gmt":"2008-12-15T12:16:48","slug":"joerg-schuhej-gewinnt-28-rallye-200-in-huenfeld","status":"publish","type":"post","link":"https:\/\/www.fuldaernachrichten.de\/?p=9994","title":{"rendered":"J\u00f6rg Schuhej gewinnt 28. Rallye 200 in H\u00fcnfeld"},"content":{"rendered":"<p><strong>Motorsport.<\/strong> Am vergangenen Wochenende richtete der MC H\u00fcnfeld die 28. Rallye 200 auf insgesamt 30,8 Kilometern in Wertung rund um H\u00fcnfeld aus. Zentrum der Veranstaltung war das Autohaus Sorg, in dem sich mehr als 60 Teams einfanden. Die Lorbeeren erntete am Ende das osthessische Team Schuhej\/Timmer (Mitsubishi Lancer Evo VI), welches bei den Wetterkapriolen am besten zurecht kam und den verdienten Sieg mit nach Hause nehmen konnte. Kiehm\/Ziebuhr (Opel Kadett C Coup\u00e9) belegten den zweiten Gesamtrang und wurden erste in ihrer Klasse H14. Dritte wurden Fr\u00e4nzke\/Fr\u00e4nzke auf ihrem VW Golf GTI II 16V.<\/p>\n<p><strong>Fotos (3) und Video:<\/strong> Marco Hellwig<br \/>\n<strong>Kamera:<\/strong> Marco Hellwig, Denny &amp; Nico Rausch<\/p>\n<p><a title=\"Foto: Marco Hellwig\" rel=\"lightbox[roadtrip]\" href=\"http:\/\/www.schoene-nachrichten.de\/wp-content\/uploads\/2008\/Marco\/080526_rallye-alsfeld_006.jpg\" target=\"_blank\"><img decoding=\"async\" src=\"http:\/\/www.schoene-nachrichten.de\/wp-content\/uploads\/2008\/Marco\/080526_rallye-alsfeld_006.thumbnail.jpg\" alt=\"080526_rallye-alsfeld_006.jpg\" width=\"128\" \/><\/a> <a title=\"Foto: Marco Hellwig\" rel=\"lightbox[roadtrip]\" href=\"http:\/\/www.schoene-nachrichten.de\/wp-content\/uploads\/2008\/Marco\/080526_rallye-alsfeld_005.jpg\" target=\"_blank\"><img decoding=\"async\" src=\"http:\/\/www.schoene-nachrichten.de\/wp-content\/uploads\/2008\/Marco\/080526_rallye-alsfeld_005.thumbnail.jpg\" alt=\"080526_rallye-alsfeld_005.jpg\" width=\"128\" \/><\/a> <a title=\"Foto: Marco Hellwig\" rel=\"lightbox[roadtrip]\" href=\"http:\/\/www.schoene-nachrichten.de\/wp-content\/uploads\/2008\/Marco\/080526_rallye-alsfeld_010.jpg\" target=\"_blank\"><img decoding=\"async\" src=\"http:\/\/www.schoene-nachrichten.de\/wp-content\/uploads\/2008\/Marco\/080526_rallye-alsfeld_010.thumbnail.jpg\" alt=\"080526_rallye-alsfeld_010.jpg\" width=\"128\" \/><\/a> <!--more--><strong><\/strong><\/p>\n<p>Das als Favorit gehandelte Team Koch\/Assmann (Opel Kadett C Coup\u00e9) ging um 12:44 Uhr als erstes auf der ersten Wertungspr\u00fcfung an den 4,6 Kilometer langen Rundkurs in Gro\u00dfenbach an den Start. Koch konnte die F\u00fchrung anf\u00e4nglich \u00fcbernehmen, musste diese aber bereits auf WP 2 &#8220;Kirschberg&#8221; an Schuhej\/Timmer nach einem Plattfu\u00df und Elektrikproblemen abgeben. Nach einem Dreher auf dieser Pr\u00fcfung musste auch das Team Gutbier\/Winning (VW Golf GTI II 16V) die Rallye beenden. Ihr Auto musste von WP-Leiter Thomas Willi Hahn an einer B\u00f6schung geborgen werden.<\/p>\n<p>Nach einsetzendem Regen glich die WP Michelsrombach einer Rutschbahn und sorgte dadurch bei einigen Teams f\u00fcr einen h\u00f6heren Pulsschlag, da ihnen \u00f6fter als gew\u00fcnscht &#8220;die Strecke ausging&#8221;. Verbremser, Dreher und Abfl\u00fcge in Auslaufzonen und \u00c4cker wurden im Minutentakt k\u00fcnstlerisch zur Freude der Zuschauer dargeboten.<\/p>\n<p><strong>Endergebnis der 28. ADAC Rallye 200 H\u00fcnfeld 2008<br \/>\n<\/strong>01. Schuhej J\u00f6rg \/ Timmer Tanja Mitsubishi Lancer Evo VI 1358 sec.<br \/>\n02. Kiehm Uwe \/ Ziebuhr Heiko Opel Kadett C 1428<br \/>\n03. Fr\u00e4nzke Wilfried \/ Fr\u00e4nzke Kerstin VW Golf II 16 V 1446<br \/>\n04. Schaaf Walter \/ Groppel Marco VW Golf II 16 V 1467<br \/>\n05. Eyert Lothar \/ Kittelmann Thomas BMW 325ix 1475<br \/>\n06. Altenheiner J\u00f6rg \/ Knaack Michael Audi S2 1477<br \/>\n07. Leipold Thomas \/ Pfaff Bianca Suzuki Swift 1477<br \/>\n08. Heine Andreas \/ Lubitz Holger Opel Astra GSI 1480<br \/>\n09. Wagner Uwe \/ Casper Michaela BMW 318is 1482<br \/>\n10. Schmitt Gerrit \/ Pfister Stefan Opel Kadett GSI 1483<\/p>\n","protected":false},"excerpt":{"rendered":"<div class=\"tmnf_excerpt\"><p>Motorsport. Am vergangenen Wochenende richtete der MC H\u00fcnfeld die 28. Rallye 200 auf insgesamt 30,8 Kilometern in Wertung rund um H\u00fcnfeld aus. Zentrum der Veranstaltung war das Autohaus Sorg, in dem sich mehr als 60 Teams einfanden. Die Lorbeeren erntete am Ende das osthessische Team Schuhej\/Timmer (Mitsubishi Lancer Evo VI), welches bei den Wetterkapriolen am &hellip;<\/p>\n<\/div>","protected":false},"author":1,"featured_media":0,"comment_status":"closed","ping_status":"closed","sticky":false,"template":"","format":"standard","meta":{"footnotes":""},"categories":[1,35,54,79,46],"tags":[],"class_list":["post-9994","post","type-post","status-publish","format-standard","hentry","category-startseite","category-auto","category-bildergalerien","category-kino","category-sport"],"_links":{"self":[{"href":"https:\/\/www.fuldaernachrichten.de\/index.php?rest_route=\/wp\/v2\/posts\/9994","targetHints":{"allow":["GET"]}}],"collection":[{"href":"https:\/\/www.fuldaernachrichten.de\/index.php?rest_route=\/wp\/v2\/posts"}],"about":[{"href":"https:\/\/www.fuldaernachrichten.de\/index.php?rest_route=\/wp\/v2\/types\/post"}],"author":[{"embeddable":true,"href":"https:\/\/www.fuldaernachrichten.de\/index.php?rest_route=\/wp\/v2\/users\/1"}],"replies":[{"embeddable":true,"href":"https:\/\/www.fuldaernachrichten.de\/index.php?rest_route=%2Fwp%2Fv2%2Fcomments&post=9994"}],"version-history":[{"count":4,"href":"https:\/\/www.fuldaernachrichten.de\/index.php?rest_route=\/wp\/v2\/posts\/9994\/revisions"}],"predecessor-version":[{"id":17520,"href":"https:\/\/www.fuldaernachrichten.de\/index.php?rest_route=\/wp\/v2\/posts\/9994\/revisions\/17520"}],"wp:attachment":[{"href":"https:\/\/www.fuldaernachrichten.de\/index.php?rest_route=%2Fwp%2Fv2%2Fmedia&parent=9994"}],"wp:term":[{"taxonomy":"category","embeddable":true,"href":"https:\/\/www.fuldaernachrichten.de\/index.php?rest_route=%2Fwp%2Fv2%2Fcategories&post=9994"},{"taxonomy":"post_tag","embeddable":true,"href":"https:\/\/www.fuldaernachrichten.de\/index.php?rest_route=%2Fwp%2Fv2%2Ftags&post=9994"}],"curies":[{"name":"wp","href":"https:\/\/api.w.org\/{rel}","templated":true}]}}