{"id":9990,"date":"2008-06-21T08:12:47","date_gmt":"2008-06-21T06:12:47","guid":{"rendered":"http:\/\/www.schoene-nachrichten.de\/?p=9990"},"modified":"2008-06-21T08:16:57","modified_gmt":"2008-06-21T06:16:57","slug":"poppenhausen-praesentierte-sich-auf-hessentagsfestzug-2008","status":"publish","type":"post","link":"https:\/\/www.fuldaernachrichten.de\/?p=9990","title":{"rendered":"Poppenhausen pr\u00e4sentierte sich auf Hessentagsfestzug 2008"},"content":{"rendered":"<p><strong>Poppenhausen. <\/strong>Zum 8. Mal in Folge wurde eine Teilnehmergruppe aus Poppenhausen bei der Teilnahme am Hessentagsfestzug zugelassen. Die bisherigen Stationen: 2001 Dietzenbach, 2002 Idstein, 2003 Bad Arolsen, 2004 Heppenheim, 2005 Weilburg\/Lahn, 2006 Hessisch-Lichtenau, 2007 Butzbach, 2008 Homberg\/Efze. Die Motivgruppe, die etwa 70 Personen z\u00e4hlte, vertrat die Luftkurortgemeinde und die Region Rh\u00f6n beim diesj\u00e4hrigen 48. Hessentagsfestzug in Homberg \/ Efze bei optimalen Wetterbedingungen mit dem Motto:<\/p>\n<p><strong>Fotos (6):<\/strong> Gemeinde Poppenhausen<\/p>\n<p><a rel=\"lightbox[roadtrip]\" href=\"http:\/\/www.schoene-nachrichten.de\/wp-content\/uploads\/2008\/06\/hessentag-2008-077.jpg\" target=\"_blank\"><img decoding=\"async\" class=\"alignleft size-thumbnail wp-image-10013\" title=\"hessentag-2008-077\" src=\"http:\/\/www.schoene-nachrichten.de\/wp-content\/uploads\/2008\/06\/hessentag-2008-077-128x85.jpg\" alt=\"\" width=\"128\" height=\"85\" \/><\/a> <a rel=\"lightbox[roadtrip]\" href=\"http:\/\/www.schoene-nachrichten.de\/wp-content\/uploads\/2008\/06\/hessentag-2008-007.jpg\" target=\"_blank\"><img decoding=\"async\" class=\"alignleft size-thumbnail wp-image-10008\" title=\"hessentag-2008-007\" src=\"http:\/\/www.schoene-nachrichten.de\/wp-content\/uploads\/2008\/06\/hessentag-2008-007-128x85.jpg\" alt=\"\" width=\"128\" height=\"85\" \/><\/a> <a rel=\"lightbox[roadtrip]\" href=\"http:\/\/www.schoene-nachrichten.de\/wp-content\/uploads\/2008\/06\/hessentag-2008-046.jpg\" target=\"_blank\"><img decoding=\"async\" class=\"alignleft size-thumbnail wp-image-10010\" title=\"hessentag-2008-046\" src=\"http:\/\/www.schoene-nachrichten.de\/wp-content\/uploads\/2008\/06\/hessentag-2008-046-128x85.jpg\" alt=\"\" width=\"128\" height=\"85\" \/><!--more--><\/a><\/p>\n<p>Luftkurortgemeinde Poppenhausen an der Wasserkuppe<br \/>\n\u00e2\u20ac\u00a2 Geschichte und Tradition,<br \/>\n\u00e2\u20ac\u00a2 Natursport und die Flieger im Biosph\u00e4renreservat Rh\u00f6n.<\/p>\n<p>Die Gruppe wurde von einer F\u00fchrungsgruppe mit Repr\u00e4sentanten der Gemeinde angef\u00fchrt. In einer M\u00f6nchskutte k\u00fcndigte Hermann M\u00fcller mit einer Tafel, auf der unser neues Logo zu sehen war, die Poppenhausener Formation an. Ihm folgten B\u00fcrgermeister Manfred Helfrich, der sich als Nachfahre von Heinrich Steinau-von-Steinr\u00fcck pr\u00e4sentierte mit Ehefrau Regina, Ortsbeirat Gregor Farnung, Edith M\u00fcller sowie die Kinder Johanna Schleicher, Aaron Helfrich und Julian Leitschuh.<\/p>\n<p>In mittelalterlicher Tracht erinnerten sie an das Adelsgeschlecht derer \u201eVon-Steinau-Steinr\u00fcck\u201c, die ehemaligen Grundherren von Poppenhausen, die von Mitte des 13. bis Mitte des 15. Jahrhunderts in Poppenhausen das Sagen hatten und dort das wirtschaftliche und soziale Leben bestimmten. Von deren Adelswappen wurde das heutige Gemeindewappen abgeleitet. Es besteht aus einem in Silber und Schwarz gespaltenen Schild mit 3 in 2:1 gestellten f\u00fcnfspeichigen R\u00e4dern in verwechselten Farben.<\/p>\n<p><a rel=\"lightbox[roadtrip]\" href=\"http:\/\/www.schoene-nachrichten.de\/wp-content\/uploads\/2008\/06\/hessentag-2008-070.jpg\" target=\"_blank\"><img loading=\"lazy\" decoding=\"async\" class=\"alignleft size-thumbnail wp-image-10012\" title=\"hessentag-2008-070\" src=\"http:\/\/www.schoene-nachrichten.de\/wp-content\/uploads\/2008\/06\/hessentag-2008-070-128x85.jpg\" alt=\"\" width=\"128\" height=\"85\" \/><\/a> <a rel=\"lightbox[roadtrip]\" href=\"http:\/\/www.schoene-nachrichten.de\/wp-content\/uploads\/2008\/06\/hessentag-2008-013.jpg\" target=\"_blank\"><img loading=\"lazy\" decoding=\"async\" class=\"alignleft size-thumbnail wp-image-10009\" title=\"hessentag-2008-013\" src=\"http:\/\/www.schoene-nachrichten.de\/wp-content\/uploads\/2008\/06\/hessentag-2008-013-128x85.jpg\" alt=\"\" width=\"128\" height=\"85\" \/><\/a> <a rel=\"lightbox[roadtrip]\" href=\"http:\/\/www.schoene-nachrichten.de\/wp-content\/uploads\/2008\/06\/hessentag-2008-063.jpg\" target=\"_blank\"><img loading=\"lazy\" decoding=\"async\" class=\"alignleft size-medium wp-image-10011\" title=\"hessentag-2008-063\" src=\"http:\/\/www.schoene-nachrichten.de\/wp-content\/uploads\/2008\/06\/hessentag-2008-063-128x96.jpg\" alt=\"\" width=\"128\" height=\"96\" srcset=\"https:\/\/www.fuldaernachrichten.de\/wp-content\/uploads\/2008\/06\/hessentag-2008-063-128x96.jpg 128w, https:\/\/www.fuldaernachrichten.de\/wp-content\/uploads\/2008\/06\/hessentag-2008-063.jpg 592w\" sizes=\"(max-width: 128px) 100vw, 128px\" \/><\/a><\/p>\n<p>Es folgte eine Abordnung der \u201eBobbeh\u00fcser Kermes\u201c mit ihrem kleinen Leiterwagen, in dem eine Bierzapfanlage samt K\u00fchlung eingebaut ist. Das Bierfass hatte Enzian-H\u00fctten-Wirt Georg Koch f\u00fcr die Festzugteilnahme gesponsert. Die Rh\u00f6ner Natursportgemeinde wurde anschaulich dargestellt von einer Gruppe Nordic-Walker mit dem neuen Werbeshirt. Vier Mountainbiker demonstrierten die M\u00f6glichkeiten einer sportlichen Freizeitgestaltung in der Rh\u00f6n.<\/p>\n<p>Danach folgte auch in diesem Jahr ein stattlicher Laster des in Poppenhausen ans\u00e4ssigen gr\u00f6\u00dften Palettenherstellers Deutschlands, der Fa. Aloysius Krenzer KG, der mit gro\u00dfer Umsicht von Josef Gensler gesteuert wurde. Auf der Ladefl\u00e4che befanden sich \u00fcber 30 Musiker des Musikvereins \u201eC\u00e4cilia e.V. Poppenhausen\u201c. Unter der Leitung von Manfred M\u00fcnch begeisterten diese wieder die vielen Hessentagsbesucher mit z\u00fcnftiger Blasmusik und Gesang.<\/p>\n<p>Weiterhin wurde der Flugsport mit einem Modellflieger sowie Werbebannern \u00fcber den Gleitschirmflug und die Wasserkuppe pr\u00e4sentiert. Den Abschluss unserer langen Formation bildeten wieder die Oldtimer Bulldogs der Marke Lanz (Bernhard Fl\u00fcgel) und Deutz (Erhard Henkel) mit einem originellen \u201eSpazierwagen\u201c und einem Balkenm\u00e4her mit Rh\u00f6ner Landsleuten.<\/p>\n<p>An der Ehrentrib\u00fcne konnte B\u00fcrgermeister Manfred Helfrich zahlreiche bekannte Landespolitiker begr\u00fc\u00dfen. Dort \u00fcbermittelte er dem Ministerpr\u00e4sidenten Roland Koch die Gr\u00fc\u00dfe aus Poppenhausen an der Wasserkuppe und \u00fcberreichte als Gastgeschenk einen kleinen Pr\u00e4sentkorb mit regional erzeugten Produkten vom Biohof Gensler. Die Poppenhausener Gruppe nutzte den Hessentagsfestzug, um Werbeflyer und Aufkleber \u00fcber Tourismusangebote zu verteilen.<\/p>\n<p>Auf der Heimfahrt dankte der B\u00fcrgermeister allen Mitwirkenden f\u00fcr ihre Teilnahme und Unterst\u00fctzung, ohne die es nicht ginge. Lob und Dank ging an alle, die bei der Vorbereitung und Organisation mitgewirkt hatten. Der Hessentag 2009 findet in Langenselbold, Main-Kinzig-Kreis statt.<\/p>\n","protected":false},"excerpt":{"rendered":"<div class=\"tmnf_excerpt\"><p>Poppenhausen. Zum 8. Mal in Folge wurde eine Teilnehmergruppe aus Poppenhausen bei der Teilnahme am Hessentagsfestzug zugelassen. Die bisherigen Stationen: 2001 Dietzenbach, 2002 Idstein, 2003 Bad Arolsen, 2004 Heppenheim, 2005 Weilburg\/Lahn, 2006 Hessisch-Lichtenau, 2007 Butzbach, 2008 Homberg\/Efze. Die Motivgruppe, die etwa 70 Personen z\u00e4hlte, vertrat die Luftkurortgemeinde und die Region Rh\u00f6n beim diesj\u00e4hrigen 48. Hessentagsfestzug &hellip;<\/p>\n<\/div>","protected":false},"author":1,"featured_media":0,"comment_status":"closed","ping_status":"closed","sticky":false,"template":"","format":"standard","meta":{"footnotes":""},"categories":[1],"tags":[],"class_list":["post-9990","post","type-post","status-publish","format-standard","hentry","category-startseite"],"_links":{"self":[{"href":"https:\/\/www.fuldaernachrichten.de\/index.php?rest_route=\/wp\/v2\/posts\/9990","targetHints":{"allow":["GET"]}}],"collection":[{"href":"https:\/\/www.fuldaernachrichten.de\/index.php?rest_route=\/wp\/v2\/posts"}],"about":[{"href":"https:\/\/www.fuldaernachrichten.de\/index.php?rest_route=\/wp\/v2\/types\/post"}],"author":[{"embeddable":true,"href":"https:\/\/www.fuldaernachrichten.de\/index.php?rest_route=\/wp\/v2\/users\/1"}],"replies":[{"embeddable":true,"href":"https:\/\/www.fuldaernachrichten.de\/index.php?rest_route=%2Fwp%2Fv2%2Fcomments&post=9990"}],"version-history":[{"count":0,"href":"https:\/\/www.fuldaernachrichten.de\/index.php?rest_route=\/wp\/v2\/posts\/9990\/revisions"}],"wp:attachment":[{"href":"https:\/\/www.fuldaernachrichten.de\/index.php?rest_route=%2Fwp%2Fv2%2Fmedia&parent=9990"}],"wp:term":[{"taxonomy":"category","embeddable":true,"href":"https:\/\/www.fuldaernachrichten.de\/index.php?rest_route=%2Fwp%2Fv2%2Fcategories&post=9990"},{"taxonomy":"post_tag","embeddable":true,"href":"https:\/\/www.fuldaernachrichten.de\/index.php?rest_route=%2Fwp%2Fv2%2Ftags&post=9990"}],"curies":[{"name":"wp","href":"https:\/\/api.w.org\/{rel}","templated":true}]}}