{"id":99880,"date":"2012-06-28T00:13:18","date_gmt":"2012-06-28T00:13:18","guid":{"rendered":"http:\/\/www.fuldaer-nachrichten.de\/?p=99880"},"modified":"2012-06-28T06:24:12","modified_gmt":"2012-06-28T06:24:12","slug":"mittelalterliches-theaterspektakel-mit-narrenkai","status":"publish","type":"post","link":"https:\/\/www.fuldaernachrichten.de\/?p=99880","title":{"rendered":"Mittelalterliches Theaterspektakel mit Narrenkai"},"content":{"rendered":"<p><a href=\"http:\/\/www.fuldaer-nachrichten.de\/wp-content\/uploads\/2012\/06\/KKS2012-Narrenkai-1.jpg\"><img fetchpriority=\"high\" decoding=\"async\" class=\"alignleft size-thumbnail wp-image-99881\" title=\"KKS2012 Narrenkai (1)\" src=\"http:\/\/www.fuldaer-nachrichten.de\/wp-content\/uploads\/2012\/06\/KKS2012-Narrenkai-1-265x377.jpg\" alt=\"\" width=\"265\" height=\"377\" srcset=\"https:\/\/www.fuldaernachrichten.de\/wp-content\/uploads\/2012\/06\/KKS2012-Narrenkai-1-265x377.jpg 265w, https:\/\/www.fuldaernachrichten.de\/wp-content\/uploads\/2012\/06\/KKS2012-Narrenkai-1-421x600.jpg 421w, https:\/\/www.fuldaernachrichten.de\/wp-content\/uploads\/2012\/06\/KKS2012-Narrenkai-1.jpg 600w\" sizes=\"(max-width: 265px) 100vw, 265px\" \/><\/a>Lauterbach. Am Montag, 2. Juli gastiert auf Einladung der Stadtjugendpflege Lauterbach der NARRENKAI mit seinem Theaterspektakel an der Eichberggrundschule\/Stadtpark Lauterbach. Ab 15 Uhr k\u00f6nnen gro\u00dfe und kleine Menschen bei freiem Eintritt und unter freiem Himmel (bei Regen in der Aula der Grundschule) die K\u00fcnste dieses au\u00dfergew\u00f6hnlichen Darstellers bewundern. Der Hofnarr und Gaukler unterh\u00e4lt mit einer grandiosen Mischung aus Comedy-Jonglage, Feuershow, Walkact und Stehgreiftheater. Seine zwerchfellersch\u00fctternde Mimik und geniale Improvisation zaubern Lachtr\u00e4nen in die Augen jedes Zuschauers, egal ob gro\u00df oder klein. Diese kuriose Show bildet zugleich den Auftakt der Lauterbacher Ferienspiele 2012. Weitere Informationen gibt es unter der Telefonnummer 0661-97209295\u201c<\/p>\n","protected":false},"excerpt":{"rendered":"<div class=\"tmnf_excerpt\"><p>Lauterbach. Am Montag, 2. Juli gastiert auf Einladung der Stadtjugendpflege Lauterbach der NARRENKAI mit seinem Theaterspektakel an der Eichberggrundschule\/Stadtpark Lauterbach. Ab 15 Uhr k\u00f6nnen gro\u00dfe und kleine Menschen bei freiem Eintritt und unter freiem Himmel (bei Regen in der Aula der Grundschule) die K\u00fcnste dieses au\u00dfergew\u00f6hnlichen Darstellers bewundern. Der Hofnarr und Gaukler unterh\u00e4lt mit einer &hellip;<\/p>\n<\/div>","protected":false},"author":1,"featured_media":0,"comment_status":"closed","ping_status":"closed","sticky":false,"template":"","format":"standard","meta":{"footnotes":""},"categories":[1,44],"tags":[],"class_list":["post-99880","post","type-post","status-publish","format-standard","hentry","category-startseite","category-kultur"],"_links":{"self":[{"href":"https:\/\/www.fuldaernachrichten.de\/index.php?rest_route=\/wp\/v2\/posts\/99880","targetHints":{"allow":["GET"]}}],"collection":[{"href":"https:\/\/www.fuldaernachrichten.de\/index.php?rest_route=\/wp\/v2\/posts"}],"about":[{"href":"https:\/\/www.fuldaernachrichten.de\/index.php?rest_route=\/wp\/v2\/types\/post"}],"author":[{"embeddable":true,"href":"https:\/\/www.fuldaernachrichten.de\/index.php?rest_route=\/wp\/v2\/users\/1"}],"replies":[{"embeddable":true,"href":"https:\/\/www.fuldaernachrichten.de\/index.php?rest_route=%2Fwp%2Fv2%2Fcomments&post=99880"}],"version-history":[{"count":0,"href":"https:\/\/www.fuldaernachrichten.de\/index.php?rest_route=\/wp\/v2\/posts\/99880\/revisions"}],"wp:attachment":[{"href":"https:\/\/www.fuldaernachrichten.de\/index.php?rest_route=%2Fwp%2Fv2%2Fmedia&parent=99880"}],"wp:term":[{"taxonomy":"category","embeddable":true,"href":"https:\/\/www.fuldaernachrichten.de\/index.php?rest_route=%2Fwp%2Fv2%2Fcategories&post=99880"},{"taxonomy":"post_tag","embeddable":true,"href":"https:\/\/www.fuldaernachrichten.de\/index.php?rest_route=%2Fwp%2Fv2%2Ftags&post=99880"}],"curies":[{"name":"wp","href":"https:\/\/api.w.org\/{rel}","templated":true}]}}