{"id":99861,"date":"2012-06-28T00:12:15","date_gmt":"2012-06-28T00:12:15","guid":{"rendered":"http:\/\/www.fuldaer-nachrichten.de\/?p=99861"},"modified":"2012-06-28T06:18:46","modified_gmt":"2012-06-28T06:18:46","slug":"60-jahre-feuerwehr-loschenrod-gemeindefeuerwehrtag-eichenzell","status":"publish","type":"post","link":"https:\/\/www.fuldaernachrichten.de\/?p=99861","title":{"rendered":"60 Jahre Feuerwehr L\u00f6schenrod &#8211; Gemeindefeuerwehrtag Eichenzell"},"content":{"rendered":"<p><a href=\"http:\/\/www.fuldaer-nachrichten.de\/wp-content\/uploads\/2012\/06\/Bild10.jpg\"><img decoding=\"async\" class=\"alignleft size-thumbnail wp-image-99862\" title=\"Bild10\" src=\"http:\/\/www.fuldaer-nachrichten.de\/wp-content\/uploads\/2012\/06\/Bild10-265x177.jpg\" alt=\"\" width=\"265\" height=\"177\" srcset=\"https:\/\/www.fuldaernachrichten.de\/wp-content\/uploads\/2012\/06\/Bild10-265x177.jpg 265w, https:\/\/www.fuldaernachrichten.de\/wp-content\/uploads\/2012\/06\/Bild10.jpg 600w\" sizes=\"(max-width: 265px) 100vw, 265px\" \/><\/a>Eichenzell. Am vergangenen Wochenende beging die Freiwillige Feuerwehr L\u00f6schenrod ihr 60-j\u00e4hriges Jubil\u00e4um. Anl\u00e4sslich dieser Feierlichkeiten fand dort auch der Gemeindefeuerwehrtag statt. Am Samstag begann das Festprogramm mit den Gemeindewettk\u00e4mpfen der Einsatzabteilungen. Neben f\u00fcnf Mannschaften aus der Gemeinde Eichenzell nahm auch die Feuerwehr Niederkalbach an den Wettk\u00e4mpfen teil, letztere allerdings au\u00dfer Konkurrenz.<!--more--><\/p>\n<p>Nach spannenden Wettk\u00e4mpfen, bestehend aus dem Aufbau eines L\u00f6schangriffs nach Feuerwehrdienstvorschrift 3, Knoten und Stiche und der schriftlichen Beantwortung eines Fragebogens, kam es zu einem sehr knappen Ergebnis. Die Feuerwehr Rothemann belegte mit 98 Prozent den ersten Platz und ist somit zum ersten mal im Besitz des Wanderpokals der Gemeinde Eichenzell. Auf Platz zwei folgte die Mannschaft aus R\u00f6nshausen (97 %), dritte wurden die Brandsch\u00fctzer aus L\u00fctter (96 %). Die weiteren Pl\u00e4tze belegte die Jubil\u00e4umswehr aus L\u00f6schenrod, gefolgt von B\u00fcchenberg.<\/p>\n<p>Die Jubil\u00e4umsfeierlichkeiten am Abend waren gepr\u00e4gt von Ehrungen, Auszeichnungen und der Weihe des neuen Einsatzfahrzeugs der Feuerwehr L\u00f6schenrod. Bei diesem Fahrzeug, einem Mannschaftstransportfahrzeug, handelt es sich um ein ehemaliges Fahrzeug des Deutschen Roten Kreuzes Eichenzell. Nachdem es dort au\u00dfer Dienst gestellt wurde, erwarb es die Gemeinde Eichenzell und stellte es den Kameradinnen und Kameraden der Feuerwehr L\u00f6schenrod zur Verf\u00fcgung. Mit einem hohen Anteil an Eigenleistung wurde es zu einem Feuerwehrfahrzeug umgebaut und leistet der Feuerwehr, sowie der Jugendfeuerwehr L\u00f6schenrod, seit dem Fr\u00fchjahr wertvolle Dienste. Zum dank erhielten die Vertreter der gemeindlichen Gremien kleine Pr\u00e4sente aus den Hg\u00e4nden von wehrf\u00fchrer Dominik H\u00f6rl. Die kirchliche Weihe des Fahrzeugs wurde von den Pfarrern Krenzer und R\u00f6der vollzogen.<\/p>\n<p>Manfred Diegelmann, Silke Hirsch, Brigitte H\u00f6rl und Frank K\u00f6hler wurden vom 1. Vorsitzenden Martin Berg f\u00fcr ihre 25-j\u00e4hrige Vereinsmitgliedschaft geehrt. F\u00fcr ihre 40-j\u00e4hrige Mitgliedschaft wurden Anton Dworschak, Wolfgang Schneider und Lothar Storch geehrt. F\u00fcr die 60-j\u00e4hrige Vereinsmitgliedschaft konnte Martin Berg\u00c2\u00a0 Werner Balzter, Helmut Diegelmann, Hubert Gaul, Ludwig Goldbach, Josef Kalb, Adolf K\u00f6nig, Hugo Sch\u00e4fer und Karl We\u00df eine Urkunde des Vereins \u00fcberreichen.<\/p>\n<p>Kreisbrandmeister Bernhard Wehner zeichnete Stefan B\u00f6hm, Dieter Diegelmann und Wilhelm Storch f\u00fcr ihren Einsatz zum Wohle der Feuerwehr L\u00f6schenrod mit der St. Floriansmedallie in Bronze aus. Vanessa H\u00f6rl und Lukas St\u00fcbiger wurden f\u00fcr ihre langj\u00e4hrige T\u00e4tigkeit in der Jugendarbeit von Kreisbrandmeister Wehner mit der Floriansmedaille der hessischen Jugendfeuerwehr in Bronze ausgezeichnet .<\/p>\n<p>Hilmar Heil, fr\u00fcher langj\u00e4hrigen Wehrf\u00fchrer und Vereinsvorsitzenden der Feuerwehr L\u00f6schenrod, wurde von Martin Berg die Urkunde zur Ehrenmitgliedschaft \u00fcberreicht. Die Laudatio auf Hilmar Heil hielt Rudolf Breithecker, der ehemalige B\u00fcrgermeister der Gemeinde Eichenzell.<\/p>\n<p>Gru\u00dfworte sprachen Landrat Bernd Woide, der erste Beigeordnete der Gemeindevertretung Joachim Bohl, Kreisbrandmeister Bernhard Wehner, Gemeindebrandinspektor Martin Fischer, sowie Vertreter der \u00f6rtlichen Vereine. Musikalisch umrahmt wurden die Jubil\u00e4umsfeierlichkeiten vom Musikverein Lyra Kerzell.<\/p>\n<p>Der Sonntag stand ganz im Zeichen der Jugendfeuerwehren. Die Gemeindewettk\u00e4mpfe der Jugendabteilungen wurden nach einem gemeinsamen Gottesdienst von B\u00fcrgermeister Dieter Kolb, Gemeindejugendfeuerwehrwart Jan Diegelmann und Gemeindebrandinspektor Martin Fischer und er\u00f6ffnet.<\/p>\n<p>Bei den Wettk\u00e4mpfen, bestehend aus der Beantwortung von Fachfragen, dem Anlegen von Knoten und Stichen, einer Schnelligkeits\u00fcbung, bei der Schl\u00e4uche in m\u00f6glichst kurzer Zeit verlegt und gekuppelt werden m\u00fcssen und und dem Vortragen eines L\u00f6schangriffs, ging die Jugendfeuerwehr aus L\u00f6schenrod mit 465 Punkten als Sieger hervor. Auf den weiteren Pl\u00e4tzen folgten die Jugendfeuerwehren Rothemann 1 (462), Rothemann 2 (450), R\u00f6nshausen, Welkers und Eichenzell. Am Nachmittag konnten die Jugendlichen bei den Spielen der Feuerwehr-Olympiade ihre Geschicklichkeit unter Beweis stellen.<\/p>\n\n\t\t<style type=\"text\/css\">\n\t\t\t#gallery-1 {\n\t\t\t\tmargin: auto;\n\t\t\t}\n\t\t\t#gallery-1 .gallery-item {\n\t\t\t\tfloat: left;\n\t\t\t\tmargin-top: 10px;\n\t\t\t\ttext-align: center;\n\t\t\t\twidth: 50%;\n\t\t\t}\n\t\t\t#gallery-1 img {\n\t\t\t\tborder: 2px solid #cfcfcf;\n\t\t\t}\n\t\t\t#gallery-1 .gallery-caption {\n\t\t\t\tmargin-left: 0;\n\t\t\t}\n\t\t\t\/* see gallery_shortcode() in wp-includes\/media.php *\/\n\t\t<\/style>\n\t\t<div id='gallery-1' class='gallery galleryid-99861 gallery-columns-2 gallery-size-thumbnail'><dl class='gallery-item'>\n\t\t\t<dt class='gallery-icon landscape'>\n\t\t\t\t<a href='https:\/\/www.fuldaernachrichten.de\/wp-content\/uploads\/2012\/06\/Bild10.jpg'><img decoding=\"async\" width=\"150\" height=\"100\" src=\"https:\/\/www.fuldaernachrichten.de\/wp-content\/uploads\/2012\/06\/Bild10-265x177.jpg\" class=\"attachment-thumbnail size-thumbnail\" alt=\"\" srcset=\"https:\/\/www.fuldaernachrichten.de\/wp-content\/uploads\/2012\/06\/Bild10-265x177.jpg 265w, https:\/\/www.fuldaernachrichten.de\/wp-content\/uploads\/2012\/06\/Bild10.jpg 600w\" sizes=\"(max-width: 150px) 100vw, 150px\" \/><\/a>\n\t\t\t<\/dt><\/dl><dl class='gallery-item'>\n\t\t\t<dt class='gallery-icon landscape'>\n\t\t\t\t<a href='https:\/\/www.fuldaernachrichten.de\/wp-content\/uploads\/2012\/06\/Bild9.jpg'><img decoding=\"async\" width=\"150\" height=\"100\" src=\"https:\/\/www.fuldaernachrichten.de\/wp-content\/uploads\/2012\/06\/Bild9-265x177.jpg\" class=\"attachment-thumbnail size-thumbnail\" alt=\"\" srcset=\"https:\/\/www.fuldaernachrichten.de\/wp-content\/uploads\/2012\/06\/Bild9-265x177.jpg 265w, https:\/\/www.fuldaernachrichten.de\/wp-content\/uploads\/2012\/06\/Bild9.jpg 600w\" sizes=\"(max-width: 150px) 100vw, 150px\" \/><\/a>\n\t\t\t<\/dt><\/dl><br style=\"clear: both\" \/><dl class='gallery-item'>\n\t\t\t<dt class='gallery-icon landscape'>\n\t\t\t\t<a href='https:\/\/www.fuldaernachrichten.de\/wp-content\/uploads\/2012\/06\/Bild8.jpg'><img loading=\"lazy\" decoding=\"async\" width=\"150\" height=\"100\" src=\"https:\/\/www.fuldaernachrichten.de\/wp-content\/uploads\/2012\/06\/Bild8-265x177.jpg\" class=\"attachment-thumbnail size-thumbnail\" alt=\"\" srcset=\"https:\/\/www.fuldaernachrichten.de\/wp-content\/uploads\/2012\/06\/Bild8-265x177.jpg 265w, https:\/\/www.fuldaernachrichten.de\/wp-content\/uploads\/2012\/06\/Bild8.jpg 600w\" sizes=\"(max-width: 150px) 100vw, 150px\" \/><\/a>\n\t\t\t<\/dt><\/dl><dl class='gallery-item'>\n\t\t\t<dt class='gallery-icon landscape'>\n\t\t\t\t<a href='https:\/\/www.fuldaernachrichten.de\/wp-content\/uploads\/2012\/06\/Bild7.jpg'><img loading=\"lazy\" decoding=\"async\" width=\"150\" height=\"100\" src=\"https:\/\/www.fuldaernachrichten.de\/wp-content\/uploads\/2012\/06\/Bild7-265x177.jpg\" class=\"attachment-thumbnail size-thumbnail\" alt=\"\" srcset=\"https:\/\/www.fuldaernachrichten.de\/wp-content\/uploads\/2012\/06\/Bild7-265x177.jpg 265w, https:\/\/www.fuldaernachrichten.de\/wp-content\/uploads\/2012\/06\/Bild7.jpg 600w\" sizes=\"(max-width: 150px) 100vw, 150px\" \/><\/a>\n\t\t\t<\/dt><\/dl><br style=\"clear: both\" \/><dl class='gallery-item'>\n\t\t\t<dt class='gallery-icon landscape'>\n\t\t\t\t<a href='https:\/\/www.fuldaernachrichten.de\/wp-content\/uploads\/2012\/06\/Bild6.jpg'><img loading=\"lazy\" decoding=\"async\" width=\"150\" height=\"100\" src=\"https:\/\/www.fuldaernachrichten.de\/wp-content\/uploads\/2012\/06\/Bild6-265x177.jpg\" class=\"attachment-thumbnail size-thumbnail\" alt=\"\" srcset=\"https:\/\/www.fuldaernachrichten.de\/wp-content\/uploads\/2012\/06\/Bild6-265x177.jpg 265w, https:\/\/www.fuldaernachrichten.de\/wp-content\/uploads\/2012\/06\/Bild6.jpg 600w\" sizes=\"(max-width: 150px) 100vw, 150px\" \/><\/a>\n\t\t\t<\/dt><\/dl><dl class='gallery-item'>\n\t\t\t<dt class='gallery-icon landscape'>\n\t\t\t\t<a href='https:\/\/www.fuldaernachrichten.de\/wp-content\/uploads\/2012\/06\/Bild5.jpg'><img loading=\"lazy\" decoding=\"async\" width=\"150\" height=\"100\" src=\"https:\/\/www.fuldaernachrichten.de\/wp-content\/uploads\/2012\/06\/Bild5-265x177.jpg\" class=\"attachment-thumbnail size-thumbnail\" alt=\"\" srcset=\"https:\/\/www.fuldaernachrichten.de\/wp-content\/uploads\/2012\/06\/Bild5-265x177.jpg 265w, https:\/\/www.fuldaernachrichten.de\/wp-content\/uploads\/2012\/06\/Bild5.jpg 600w\" sizes=\"(max-width: 150px) 100vw, 150px\" \/><\/a>\n\t\t\t<\/dt><\/dl><br style=\"clear: both\" \/><dl class='gallery-item'>\n\t\t\t<dt class='gallery-icon landscape'>\n\t\t\t\t<a href='https:\/\/www.fuldaernachrichten.de\/wp-content\/uploads\/2012\/06\/Bild51.jpg'><img loading=\"lazy\" decoding=\"async\" width=\"150\" height=\"100\" src=\"https:\/\/www.fuldaernachrichten.de\/wp-content\/uploads\/2012\/06\/Bild51-265x177.jpg\" class=\"attachment-thumbnail size-thumbnail\" alt=\"\" srcset=\"https:\/\/www.fuldaernachrichten.de\/wp-content\/uploads\/2012\/06\/Bild51-265x177.jpg 265w, https:\/\/www.fuldaernachrichten.de\/wp-content\/uploads\/2012\/06\/Bild51.jpg 600w\" sizes=\"(max-width: 150px) 100vw, 150px\" \/><\/a>\n\t\t\t<\/dt><\/dl><dl class='gallery-item'>\n\t\t\t<dt class='gallery-icon landscape'>\n\t\t\t\t<a href='https:\/\/www.fuldaernachrichten.de\/wp-content\/uploads\/2012\/06\/Bild4.jpg'><img loading=\"lazy\" decoding=\"async\" width=\"150\" height=\"100\" src=\"https:\/\/www.fuldaernachrichten.de\/wp-content\/uploads\/2012\/06\/Bild4-265x177.jpg\" class=\"attachment-thumbnail size-thumbnail\" alt=\"\" srcset=\"https:\/\/www.fuldaernachrichten.de\/wp-content\/uploads\/2012\/06\/Bild4-265x177.jpg 265w, https:\/\/www.fuldaernachrichten.de\/wp-content\/uploads\/2012\/06\/Bild4.jpg 600w\" sizes=\"(max-width: 150px) 100vw, 150px\" \/><\/a>\n\t\t\t<\/dt><\/dl><br style=\"clear: both\" \/><dl class='gallery-item'>\n\t\t\t<dt class='gallery-icon landscape'>\n\t\t\t\t<a href='https:\/\/www.fuldaernachrichten.de\/wp-content\/uploads\/2012\/06\/Bild3.jpg'><img loading=\"lazy\" decoding=\"async\" width=\"150\" height=\"100\" src=\"https:\/\/www.fuldaernachrichten.de\/wp-content\/uploads\/2012\/06\/Bild3-265x177.jpg\" class=\"attachment-thumbnail size-thumbnail\" alt=\"\" srcset=\"https:\/\/www.fuldaernachrichten.de\/wp-content\/uploads\/2012\/06\/Bild3-265x177.jpg 265w, https:\/\/www.fuldaernachrichten.de\/wp-content\/uploads\/2012\/06\/Bild3.jpg 600w\" sizes=\"(max-width: 150px) 100vw, 150px\" \/><\/a>\n\t\t\t<\/dt><\/dl><dl class='gallery-item'>\n\t\t\t<dt class='gallery-icon landscape'>\n\t\t\t\t<a href='https:\/\/www.fuldaernachrichten.de\/wp-content\/uploads\/2012\/06\/Bild2.jpg'><img loading=\"lazy\" decoding=\"async\" width=\"150\" height=\"100\" src=\"https:\/\/www.fuldaernachrichten.de\/wp-content\/uploads\/2012\/06\/Bild2-265x177.jpg\" class=\"attachment-thumbnail size-thumbnail\" alt=\"\" srcset=\"https:\/\/www.fuldaernachrichten.de\/wp-content\/uploads\/2012\/06\/Bild2-265x177.jpg 265w, https:\/\/www.fuldaernachrichten.de\/wp-content\/uploads\/2012\/06\/Bild2.jpg 600w\" sizes=\"(max-width: 150px) 100vw, 150px\" \/><\/a>\n\t\t\t<\/dt><\/dl><br style=\"clear: both\" \/><dl class='gallery-item'>\n\t\t\t<dt class='gallery-icon landscape'>\n\t\t\t\t<a href='https:\/\/www.fuldaernachrichten.de\/wp-content\/uploads\/2012\/06\/Bild1.jpg'><img loading=\"lazy\" decoding=\"async\" width=\"150\" height=\"100\" src=\"https:\/\/www.fuldaernachrichten.de\/wp-content\/uploads\/2012\/06\/Bild1-265x177.jpg\" class=\"attachment-thumbnail size-thumbnail\" alt=\"\" srcset=\"https:\/\/www.fuldaernachrichten.de\/wp-content\/uploads\/2012\/06\/Bild1-265x177.jpg 265w, https:\/\/www.fuldaernachrichten.de\/wp-content\/uploads\/2012\/06\/Bild1.jpg 600w\" sizes=\"(max-width: 150px) 100vw, 150px\" \/><\/a>\n\t\t\t<\/dt><\/dl><dl class='gallery-item'>\n\t\t\t<dt class='gallery-icon landscape'>\n\t\t\t\t<a href='https:\/\/www.fuldaernachrichten.de\/wp-content\/uploads\/2012\/06\/Bild11.jpg'><img loading=\"lazy\" decoding=\"async\" width=\"150\" height=\"100\" src=\"https:\/\/www.fuldaernachrichten.de\/wp-content\/uploads\/2012\/06\/Bild11-265x177.jpg\" class=\"attachment-thumbnail size-thumbnail\" alt=\"\" srcset=\"https:\/\/www.fuldaernachrichten.de\/wp-content\/uploads\/2012\/06\/Bild11-265x177.jpg 265w, https:\/\/www.fuldaernachrichten.de\/wp-content\/uploads\/2012\/06\/Bild11.jpg 600w\" sizes=\"(max-width: 150px) 100vw, 150px\" \/><\/a>\n\t\t\t<\/dt><\/dl><br style=\"clear: both\" \/>\n\t\t<\/div>\n\n","protected":false},"excerpt":{"rendered":"<div class=\"tmnf_excerpt\"><p>Eichenzell. Am vergangenen Wochenende beging die Freiwillige Feuerwehr L\u00f6schenrod ihr 60-j\u00e4hriges Jubil\u00e4um. Anl\u00e4sslich dieser Feierlichkeiten fand dort auch der Gemeindefeuerwehrtag statt. Am Samstag begann das Festprogramm mit den Gemeindewettk\u00e4mpfen der Einsatzabteilungen. Neben f\u00fcnf Mannschaften aus der Gemeinde Eichenzell nahm auch die Feuerwehr Niederkalbach an den Wettk\u00e4mpfen teil, letztere allerdings au\u00dfer Konkurrenz.<\/p>\n<\/div>","protected":false},"author":1,"featured_media":0,"comment_status":"closed","ping_status":"closed","sticky":false,"template":"","format":"standard","meta":{"footnotes":""},"categories":[1,71],"tags":[],"class_list":["post-99861","post","type-post","status-publish","format-standard","hentry","category-startseite","category-feuerwehr"],"_links":{"self":[{"href":"https:\/\/www.fuldaernachrichten.de\/index.php?rest_route=\/wp\/v2\/posts\/99861","targetHints":{"allow":["GET"]}}],"collection":[{"href":"https:\/\/www.fuldaernachrichten.de\/index.php?rest_route=\/wp\/v2\/posts"}],"about":[{"href":"https:\/\/www.fuldaernachrichten.de\/index.php?rest_route=\/wp\/v2\/types\/post"}],"author":[{"embeddable":true,"href":"https:\/\/www.fuldaernachrichten.de\/index.php?rest_route=\/wp\/v2\/users\/1"}],"replies":[{"embeddable":true,"href":"https:\/\/www.fuldaernachrichten.de\/index.php?rest_route=%2Fwp%2Fv2%2Fcomments&post=99861"}],"version-history":[{"count":0,"href":"https:\/\/www.fuldaernachrichten.de\/index.php?rest_route=\/wp\/v2\/posts\/99861\/revisions"}],"wp:attachment":[{"href":"https:\/\/www.fuldaernachrichten.de\/index.php?rest_route=%2Fwp%2Fv2%2Fmedia&parent=99861"}],"wp:term":[{"taxonomy":"category","embeddable":true,"href":"https:\/\/www.fuldaernachrichten.de\/index.php?rest_route=%2Fwp%2Fv2%2Fcategories&post=99861"},{"taxonomy":"post_tag","embeddable":true,"href":"https:\/\/www.fuldaernachrichten.de\/index.php?rest_route=%2Fwp%2Fv2%2Ftags&post=99861"}],"curies":[{"name":"wp","href":"https:\/\/api.w.org\/{rel}","templated":true}]}}