{"id":9985,"date":"2008-06-20T00:45:18","date_gmt":"2008-06-19T22:45:18","guid":{"rendered":"http:\/\/www.schoene-nachrichten.de\/?p=9985"},"modified":"2008-06-19T22:21:45","modified_gmt":"2008-06-19T20:21:45","slug":"unesco-biosphaerenreservat-rhoen-ausstellung-zur-modellregion-im-uewag-kundenzentrum","status":"publish","type":"post","link":"https:\/\/www.fuldaernachrichten.de\/?p=9985","title":{"rendered":"UNESCO-Biosph\u00e4renreservat Rh\u00f6n &#8211; Ausstellung zur Modellregion im \u00dcWAG-Kundenzentrum"},"content":{"rendered":"<p><strong>Fulda.<\/strong> Am Dienstag, 24. Juni 2008, wird im \u00dcWAG-Kundenzentrum in der Bahnhofstra\u00dfe in Fulda eine neue Ausstellung er\u00f6ffnet: Unter dem Titel \u201eUNESCO-Biosph\u00e4renreservat Rh\u00f6n\u201c pr\u00e4sentiert der f\u00fchrende osthessische Energieversorger in Zusammenarbeit mit dem Landkreis Fulda erstmalig die Wanderausstellung \u00fcber diese Modellregion.<!--more--><\/p>\n<p>Schon lange engagiert sich die \u00dcWAG f\u00fcr den Natur- und Klimaschutz in der Region. \u201eAus diesem Grund freuen wir uns besonders, in unserem Kundenzentrum die Ausstellung zum Biosph\u00e4renreservat Rh\u00f6n zu pr\u00e4sentieren und damit auf die Besonderheiten dieses einzigartigen Lebensraums in unserer Heimat aufmerksam zu machen\u201c, so Dipl.-Ing. Bernhard Herber, Bereichsleiter Energiewirtschaft bei der \u00dcWAG. Bebilderte Schautafeln informieren unter anderem \u00fcber Arten- und Lebensraumvielfalt und \u00fcber Unternehmen, die im Biosph\u00e4renreservat produzieren.<\/p>\n<p>Ausstellungser\u00f6ffnung ist am Dienstag, 24. Juni 2008, um 14:00 Uhr, mit Oberb\u00fcrgermeister Gerhard M\u00f6ller und dem Ersten Kreisbeigeordneten Dr. Heiko Wingenfeld. Anschlie\u00dfend stellt Otto Evers, Leiter der hessischen Verwaltungsstelle des Biosph\u00e4renreservats Rh\u00f6n, die Modellregion vor unserer Haust\u00fcr n\u00e4her vor, und bei den Mitgliedern der Rh\u00f6ner Apfelinitiative sowie der Hessischen Apfelwein K\u00f6nigin Maike I. k\u00f6nnen Besucher fl\u00fcssige Streuobst-Spezialit\u00e4ten aus dem Biosph\u00e4renreservat probieren. Dazu gibt es einen kleinen Imbiss.<\/p>\n<p>Die Ausstellung \u201eUNESCO-Biosph\u00e4renreservat Rh\u00f6n\u201c ist bis zum 31. Juli im \u00dcWAG-Kundenzentrum in der Bahnhofstra\u00dfe 2 in Fulda zu sehen. Zus\u00e4tzlich bietet die Rh\u00f6ner Apfelinitiative an mehreren Tagen leckere Kostproben ihrer Produkte: zwischen dem 25. und 27. Juni von 10:00 bis 18:00 Uhr sowie am 28. Juni von 10:00 bis 13:00 Uhr. Interessenten sind herzlich willkommen.<\/p>\n","protected":false},"excerpt":{"rendered":"<div class=\"tmnf_excerpt\"><p>Fulda. Am Dienstag, 24. Juni 2008, wird im \u00dcWAG-Kundenzentrum in der Bahnhofstra\u00dfe in Fulda eine neue Ausstellung er\u00f6ffnet: Unter dem Titel \u201eUNESCO-Biosph\u00e4renreservat Rh\u00f6n\u201c pr\u00e4sentiert der f\u00fchrende osthessische Energieversorger in Zusammenarbeit mit dem Landkreis Fulda erstmalig die Wanderausstellung \u00fcber diese Modellregion.<\/p>\n<\/div>","protected":false},"author":1,"featured_media":0,"comment_status":"closed","ping_status":"closed","sticky":false,"template":"","format":"standard","meta":{"footnotes":""},"categories":[1],"tags":[],"class_list":["post-9985","post","type-post","status-publish","format-standard","hentry","category-startseite"],"_links":{"self":[{"href":"https:\/\/www.fuldaernachrichten.de\/index.php?rest_route=\/wp\/v2\/posts\/9985","targetHints":{"allow":["GET"]}}],"collection":[{"href":"https:\/\/www.fuldaernachrichten.de\/index.php?rest_route=\/wp\/v2\/posts"}],"about":[{"href":"https:\/\/www.fuldaernachrichten.de\/index.php?rest_route=\/wp\/v2\/types\/post"}],"author":[{"embeddable":true,"href":"https:\/\/www.fuldaernachrichten.de\/index.php?rest_route=\/wp\/v2\/users\/1"}],"replies":[{"embeddable":true,"href":"https:\/\/www.fuldaernachrichten.de\/index.php?rest_route=%2Fwp%2Fv2%2Fcomments&post=9985"}],"version-history":[{"count":0,"href":"https:\/\/www.fuldaernachrichten.de\/index.php?rest_route=\/wp\/v2\/posts\/9985\/revisions"}],"wp:attachment":[{"href":"https:\/\/www.fuldaernachrichten.de\/index.php?rest_route=%2Fwp%2Fv2%2Fmedia&parent=9985"}],"wp:term":[{"taxonomy":"category","embeddable":true,"href":"https:\/\/www.fuldaernachrichten.de\/index.php?rest_route=%2Fwp%2Fv2%2Fcategories&post=9985"},{"taxonomy":"post_tag","embeddable":true,"href":"https:\/\/www.fuldaernachrichten.de\/index.php?rest_route=%2Fwp%2Fv2%2Ftags&post=9985"}],"curies":[{"name":"wp","href":"https:\/\/api.w.org\/{rel}","templated":true}]}}