{"id":99821,"date":"2012-06-27T00:09:09","date_gmt":"2012-06-27T00:09:09","guid":{"rendered":"http:\/\/www.fuldaer-nachrichten.de\/?p=99821"},"modified":"2012-06-26T09:54:32","modified_gmt":"2012-06-26T09:54:32","slug":"magistratsmitglieder-besuchen-baustelle-unter-dem-schlossdach-experten-bewahren-viel-historische-substanz","status":"publish","type":"post","link":"https:\/\/www.fuldaernachrichten.de\/?p=99821","title":{"rendered":"Magistratsmitglieder besuchen Baustelle unter dem Schlossdach &#8211; Experten bewahren viel historische Substanz"},"content":{"rendered":"<p><a href=\"http:\/\/www.fuldaer-nachrichten.de\/wp-content\/uploads\/2012\/06\/Dachdecker-bei-der-Arbeit.jpg\"><img fetchpriority=\"high\" decoding=\"async\" class=\"alignnone size-full wp-image-99822\" title=\"Dachdecker-bei-der-Arbeit\" src=\"http:\/\/www.fuldaer-nachrichten.de\/wp-content\/uploads\/2012\/06\/Dachdecker-bei-der-Arbeit.jpg\" alt=\"\" width=\"560\" height=\"362\" \/><\/a>Fulda (mb). Fast wie ein \u201eriesiges Segel\u201c w\u00f6lbt sich die ungewohnte Konstruktion \u00fcber dem Schloss. Und ganz oben unterm Dach, da \u201ef\u00fchlt man sich wie in einem Schiffsk\u00f6rper, da knarzt und knurzt es fortw\u00e4hrend \u2013 vor allem bei heftigem Wind\u201c, versucht Frank Volmer, Leiter des st\u00e4dtischen Geb\u00e4udemanagements seine Gef\u00fchle bildhaft zu beschreiben, wenn er sich inmitten der historischen Balkenkonstruktion bewegt. Den Fuldaern bietet sich zurzeit eine imposante \u201eWanderbaustelle\u201c. Denn das Dach \u00fcber dem Mittelbau und dem s\u00fcdwestlichen Fl\u00fcgel des Schlosses muss saniert werden. Ein mobiles \u201eNotdach\u201c sch\u00fctzt die offene Baustelle vor Regen und im Winter vor Schnee. Nachdem die Arbeiten am Mittelbau weitgehend abgeschlossen sind, haben Baufachleute inzwischen das \u201eSchutzdach\u201c\u00c2\u00a0 Richtung Busbahnhof versetzt und ein neues Ger\u00fcst hochgezogen.<!--more--><\/p>\n<p><strong>Ambitioniertes Projekt<\/strong><\/p>\n<p><a href=\"http:\/\/www.fuldaer-nachrichten.de\/wp-content\/uploads\/2012\/06\/Magistrat-informiert-sich.jpg\"><img decoding=\"async\" class=\"alignleft size-thumbnail wp-image-99823\" title=\"Magistrat-informiert-sich\" src=\"http:\/\/www.fuldaer-nachrichten.de\/wp-content\/uploads\/2012\/06\/Magistrat-informiert-sich-265x251.jpg\" alt=\"\" width=\"265\" height=\"251\" srcset=\"https:\/\/www.fuldaernachrichten.de\/wp-content\/uploads\/2012\/06\/Magistrat-informiert-sich-265x251.jpg 265w, https:\/\/www.fuldaernachrichten.de\/wp-content\/uploads\/2012\/06\/Magistrat-informiert-sich.jpg 399w\" sizes=\"(max-width: 265px) 100vw, 265px\" \/><\/a>Als \u201ehoch ambitioniertes Projekt\u201c stufte Fuldas Verwaltungschef Gerhard M\u00f6ller die Schlossdachsanierung bei einem Rundgang auf der Baustelle mit Mitgliedern des Magistrats ein.\u00c2\u00a0 Nicht nur f\u00fcr die Finanzierung habe \u201eviel Kreativit\u00e4t aktiviert werden m\u00fcssen, um das Projekt in eine entsprechende F\u00f6rderkulisse hinein zu bekommen.\u201c Rund 1,5 Millionen Euro konnten dank Bem\u00fchungen des OBs aus dem Energiepakt akquiriert werden. Auch der Fortschritt der Sanierung selbst sorge immer wieder f\u00fcr neue \u00dcberraschungen. Denn wenn die Decken ge\u00f6ffnet werden, zeige sich oft erst das tats\u00e4chliche Schadensbild.<\/p>\n<p><strong>Reinigen oder reparieren<\/strong><\/p>\n<p>Mit diesem Hinweis begr\u00fcndet M\u00f6ller, warum sich die Sanierungskosten gegen\u00fcber dem urspr\u00fcnglichen Ansatz erh\u00f6ht haben. Statt 3,35 Millionen Euro d\u00fcrften sie sich einschlie\u00dflich der Sanierungsarbeiten am s\u00fcdwestlichen Schlossfl\u00fcgel voraussichtlich auf 3,65 Millionen Euro belaufen. Offen ist nach M\u00f6llers Worten noch die Frage, wie mit den Decken und den historischen R\u00e4umen im musealen Teil des Schlosses umgegangen werden soll \u2013 bleibt es beim Reinigen oder soll, wo notwendig auch restauriert und repariert werden. Die Kosten f\u00fcr die Reinigung der Decke des F\u00fcrstensaals sind bereits budgetiert. Als Beispiele f\u00fcr eine gelungene \u201eAuffrischung\u201c f\u00fchrte M\u00f6ller das \u201eGr\u00fcne Zimmer\u201c und das historische B\u00fcro des Kulturamtsleiters an. Was gegenw\u00e4rtig anstehe, bezeichnete Fuldas Verwaltungschef als eine \u201eGenerationenaufgabe, die wir \u00fcbernommen haben.\u201c<\/p>\n<p><strong>Organismus<\/strong><\/p>\n<p><a href=\"http:\/\/www.fuldaer-nachrichten.de\/wp-content\/uploads\/2012\/06\/DSC_2425.jpg\"><img decoding=\"async\" class=\"alignleft size-thumbnail wp-image-99825\" title=\"DSC_2425\" src=\"http:\/\/www.fuldaer-nachrichten.de\/wp-content\/uploads\/2012\/06\/DSC_2425-265x175.jpg\" alt=\"\" width=\"265\" height=\"175\" srcset=\"https:\/\/www.fuldaernachrichten.de\/wp-content\/uploads\/2012\/06\/DSC_2425-265x175.jpg 265w, https:\/\/www.fuldaernachrichten.de\/wp-content\/uploads\/2012\/06\/DSC_2425.jpg 592w\" sizes=\"(max-width: 265px) 100vw, 265px\" \/><\/a>Stadtbaur\u00e4tin Cornelia Zuschke kehrt bei ihren Ausf\u00fchrungen gedanklich auf die Metapher des \u201eOrganismus\u201c zur\u00fcck, mit dem sie das Dach vergleicht. \u201eEs hebt und senkt sich.\u201c Und \u00fcber die Jahrhunderte hat es einen schleichenden Verfall der Balken gegeben. F\u00e4ulnis und Schimmelpilz infolge von Leckagen und stehender N\u00e4sse haben den horizontalen \u201eFu\u00dfpunkten\u201c, auf denen die Dachbalken aufliegen, ziemlich zugesetzt, wie Amtsleiter Volmer den Magistratsmitgliedern erl\u00e4utert. \u201eErfreulicherweise war das Schwamm-Szenario aber nicht so schlimm, wie erwartet\u201c, pr\u00e4zisiert die Stadtbaur\u00e4tin, um hinzuzuf\u00fcgen, dass viel historische Substanz erhalten werden konnte. Momentan sei es schwierig, exakte Prozentangaben zu machen, erg\u00e4nzt Volmer. Bei den Deckenbalken h\u00e4tten jedoch wohl mehr als zwei Drittel gerettet werden k\u00f6nnen. Pr\u00e4zise Angaben werden noch folgen.<\/p>\n<p><strong>Komplexes Projekt<\/strong><\/p>\n<p><a href=\"http:\/\/www.fuldaer-nachrichten.de\/wp-content\/uploads\/2012\/06\/Schlossdachsanierung.jpg\"><img loading=\"lazy\" decoding=\"async\" class=\"alignleft size-thumbnail wp-image-99824\" title=\"Schlossdachsanierung\" src=\"http:\/\/www.fuldaer-nachrichten.de\/wp-content\/uploads\/2012\/06\/Schlossdachsanierung-265x175.jpg\" alt=\"\" width=\"265\" height=\"175\" srcset=\"https:\/\/www.fuldaernachrichten.de\/wp-content\/uploads\/2012\/06\/Schlossdachsanierung-265x175.jpg 265w, https:\/\/www.fuldaernachrichten.de\/wp-content\/uploads\/2012\/06\/Schlossdachsanierung.jpg 592w\" sizes=\"(max-width: 265px) 100vw, 265px\" \/><\/a>Die Dimension der Dachsanierung wirkt beeindruckend; darin sind sich die Magistratsmitglieder einig. In der Tat handele es sich um ein \u00e4u\u00dferst komplexes Projekt, betont Volmer \u2013 allerdings nicht nur hinsichtlich der Sanierung selbst, sondern vor allem auch im Hinblick auf den notwendigen Abstimmungsprozess mit den vielen Nutzern der R\u00e4ume und Freifl\u00e4chen des Schlosses. Ein \u201eStein\u201c f\u00e4llt dem Leiter des Geb\u00e4udemanagements f\u00f6rmlich vom Herzen, wenn er an die laufenden Arbeiten \u00fcber dem F\u00fcrstensaal denkt. Das Schadensbild sehe Gott sei Dank weit weniger schlimm aus als bef\u00fcrchtet. In den 70er Jahren sei viel gemacht worden. Starke konstruktive Ver\u00e4nderungen waren damals vorgenommen worden, um statische Probleme der schwierigen Deckenkonstruktion des F\u00fcrstensaals auszugleichen. Doch l\u00e4ngst sind die Arbeiten nicht beendet. Bis weit ins kommende Jahr werden Zimmerleute und Dachdecker \u00fcber dem s\u00fcdwestlichen Schlossfl\u00fcgel zu tun haben. Aufgrund der Arbeiten erfolgt im historischen Teil, also den museal genutzten R\u00e4umen, eine Teilauslagerung, bis zu guter Letzt die historischen R\u00e4ume f\u00fcr eine gewisse Zeit sogar ganz geschlossen werden m\u00fcssen. \u201eDoch wenn wir erst einmal alles hinter uns haben, werden wir mit unserer Perle Stadtschloss getrost in die Zukunft der n\u00e4chsten Jahrzehnte blicken k\u00f6nnen\u201c, freut sich Fuldas Verwaltungschef auf den Abschluss der Arbeiten.<\/p>\n","protected":false},"excerpt":{"rendered":"<div class=\"tmnf_excerpt\"><p>Fulda (mb). Fast wie ein \u201eriesiges Segel\u201c w\u00f6lbt sich die ungewohnte Konstruktion \u00fcber dem Schloss. Und ganz oben unterm Dach, da \u201ef\u00fchlt man sich wie in einem Schiffsk\u00f6rper, da knarzt und knurzt es fortw\u00e4hrend \u2013 vor allem bei heftigem Wind\u201c, versucht Frank Volmer, Leiter des st\u00e4dtischen Geb\u00e4udemanagements seine Gef\u00fchle bildhaft zu beschreiben, wenn er sich &hellip;<\/p>\n<\/div>","protected":false},"author":1,"featured_media":0,"comment_status":"closed","ping_status":"closed","sticky":false,"template":"","format":"standard","meta":{"footnotes":""},"categories":[1,29,78],"tags":[],"class_list":["post-99821","post","type-post","status-publish","format-standard","hentry","category-startseite","category-politik","category-topthema"],"_links":{"self":[{"href":"https:\/\/www.fuldaernachrichten.de\/index.php?rest_route=\/wp\/v2\/posts\/99821","targetHints":{"allow":["GET"]}}],"collection":[{"href":"https:\/\/www.fuldaernachrichten.de\/index.php?rest_route=\/wp\/v2\/posts"}],"about":[{"href":"https:\/\/www.fuldaernachrichten.de\/index.php?rest_route=\/wp\/v2\/types\/post"}],"author":[{"embeddable":true,"href":"https:\/\/www.fuldaernachrichten.de\/index.php?rest_route=\/wp\/v2\/users\/1"}],"replies":[{"embeddable":true,"href":"https:\/\/www.fuldaernachrichten.de\/index.php?rest_route=%2Fwp%2Fv2%2Fcomments&post=99821"}],"version-history":[{"count":0,"href":"https:\/\/www.fuldaernachrichten.de\/index.php?rest_route=\/wp\/v2\/posts\/99821\/revisions"}],"wp:attachment":[{"href":"https:\/\/www.fuldaernachrichten.de\/index.php?rest_route=%2Fwp%2Fv2%2Fmedia&parent=99821"}],"wp:term":[{"taxonomy":"category","embeddable":true,"href":"https:\/\/www.fuldaernachrichten.de\/index.php?rest_route=%2Fwp%2Fv2%2Fcategories&post=99821"},{"taxonomy":"post_tag","embeddable":true,"href":"https:\/\/www.fuldaernachrichten.de\/index.php?rest_route=%2Fwp%2Fv2%2Ftags&post=99821"}],"curies":[{"name":"wp","href":"https:\/\/api.w.org\/{rel}","templated":true}]}}