{"id":99807,"date":"2012-06-26T00:14:34","date_gmt":"2012-06-26T00:14:34","guid":{"rendered":"http:\/\/www.fuldaer-nachrichten.de\/?p=99807"},"modified":"2012-06-25T18:10:49","modified_gmt":"2012-06-25T18:10:49","slug":"ehrung-von-sportlichen-und-kulturellen-leistungen-der-jahre-2010-und-2011-in-der-gemeinde-flieden","status":"publish","type":"post","link":"https:\/\/www.fuldaernachrichten.de\/?p=99807","title":{"rendered":"Ehrung von sportlichen und kulturellen Leistungen der Jahre 2010 und 2011 in der Gemeinde Flieden"},"content":{"rendered":"<p><a href=\"http:\/\/www.fuldaer-nachrichten.de\/wp-content\/uploads\/2012\/06\/gruppe1.jpg\"><img decoding=\"async\" class=\"alignleft size-thumbnail wp-image-99809\" title=\"gruppe1\" src=\"http:\/\/www.fuldaer-nachrichten.de\/wp-content\/uploads\/2012\/06\/gruppe1-265x176.jpg\" alt=\"\" width=\"265\" height=\"176\" srcset=\"https:\/\/www.fuldaernachrichten.de\/wp-content\/uploads\/2012\/06\/gruppe1-265x176.jpg 265w, https:\/\/www.fuldaernachrichten.de\/wp-content\/uploads\/2012\/06\/gruppe1.jpg 600w\" sizes=\"(max-width: 265px) 100vw, 265px\" \/><\/a>Flieden. Zum vierten Mal wurden<strong> <\/strong>in\u00c2\u00a0 der Gemeinde Flieden\u00c2\u00a0 Sportlerinnen und Sportler jeden Alters f\u00fcr besonders erworbenen Leistungen auf dem Gebiet des Sports, der Kultur und der Kleintierzucht geehrt. B\u00fcrgermeister Winfried Kre\u00df begr\u00fc\u00dfte rund 150 Kinder, Jugendliche, Erwachsene, Vereinsvorsitzende, \u00dcbungsleiter und Eltern im Dorfgemeinschaftshaus R\u00fcckers zur Sportlerehrung der Gemeinde. Auch die Jahre 2010 und 2011 sind f\u00fcr die Sportler der Gemeinde Flieden sehr erfolgreiche Jahre gewesen, in dessen Verlauf zahlreich regionalen Titel sowie Erfolge auf Hessen- und Bundesebene errungen werden konnten.<!--more-->Kre\u00df lobte das Engagement der zahlreichen sporttreibenden Vereine, was sich u.a. auch dadurch auszeichnet, dass der SV Buchonia Flieden und der TV Flieden in diesem Jahr ihr 100j\u00e4hriges Jubil\u00e4um begehen. Geehrt wurden 35 Einzelsportler und 15 Mannschaften. Von B\u00fcrgermeister Kre\u00df, dem bei der Verleihung der Ausschussvorsitzende Klaus Neidert zur Seite stand, erhielten die Sportler neben einer Urkunde ein kleines Pr\u00e4sent. Umrahmt wurde der Abend mit dem Auftritt der Ballettm\u00e4dchen des TV\u00c2\u00a0Flieden.<\/p>\n<p>&nbsp;<\/p>\n","protected":false},"excerpt":{"rendered":"<div class=\"tmnf_excerpt\"><p>Flieden. Zum vierten Mal wurden in\u00c2\u00a0 der Gemeinde Flieden\u00c2\u00a0 Sportlerinnen und Sportler jeden Alters f\u00fcr besonders erworbenen Leistungen auf dem Gebiet des Sports, der Kultur und der Kleintierzucht geehrt. B\u00fcrgermeister Winfried Kre\u00df begr\u00fc\u00dfte rund 150 Kinder, Jugendliche, Erwachsene, Vereinsvorsitzende, \u00dcbungsleiter und Eltern im Dorfgemeinschaftshaus R\u00fcckers zur Sportlerehrung der Gemeinde. Auch die Jahre 2010 und 2011 &hellip;<\/p>\n<\/div>","protected":false},"author":1,"featured_media":0,"comment_status":"closed","ping_status":"closed","sticky":false,"template":"","format":"standard","meta":{"footnotes":""},"categories":[1,46],"tags":[],"class_list":["post-99807","post","type-post","status-publish","format-standard","hentry","category-startseite","category-sport"],"_links":{"self":[{"href":"https:\/\/www.fuldaernachrichten.de\/index.php?rest_route=\/wp\/v2\/posts\/99807","targetHints":{"allow":["GET"]}}],"collection":[{"href":"https:\/\/www.fuldaernachrichten.de\/index.php?rest_route=\/wp\/v2\/posts"}],"about":[{"href":"https:\/\/www.fuldaernachrichten.de\/index.php?rest_route=\/wp\/v2\/types\/post"}],"author":[{"embeddable":true,"href":"https:\/\/www.fuldaernachrichten.de\/index.php?rest_route=\/wp\/v2\/users\/1"}],"replies":[{"embeddable":true,"href":"https:\/\/www.fuldaernachrichten.de\/index.php?rest_route=%2Fwp%2Fv2%2Fcomments&post=99807"}],"version-history":[{"count":0,"href":"https:\/\/www.fuldaernachrichten.de\/index.php?rest_route=\/wp\/v2\/posts\/99807\/revisions"}],"wp:attachment":[{"href":"https:\/\/www.fuldaernachrichten.de\/index.php?rest_route=%2Fwp%2Fv2%2Fmedia&parent=99807"}],"wp:term":[{"taxonomy":"category","embeddable":true,"href":"https:\/\/www.fuldaernachrichten.de\/index.php?rest_route=%2Fwp%2Fv2%2Fcategories&post=99807"},{"taxonomy":"post_tag","embeddable":true,"href":"https:\/\/www.fuldaernachrichten.de\/index.php?rest_route=%2Fwp%2Fv2%2Ftags&post=99807"}],"curies":[{"name":"wp","href":"https:\/\/api.w.org\/{rel}","templated":true}]}}