{"id":99789,"date":"2012-06-26T00:13:18","date_gmt":"2012-06-26T00:13:18","guid":{"rendered":"http:\/\/www.fuldaer-nachrichten.de\/?p=99789"},"modified":"2012-06-25T17:46:51","modified_gmt":"2012-06-25T17:46:51","slug":"bergauf-bergab-gipfelsturmer-huttentrekking-in-den-bayrischen-alpen","status":"publish","type":"post","link":"https:\/\/www.fuldaernachrichten.de\/?p=99789","title":{"rendered":"Bergauf, bergab &#8211; Gipfelst\u00fcrmer: H\u00fcttentrekking in den bayrischen Alpen"},"content":{"rendered":"<p><a href=\"http:\/\/www.fuldaer-nachrichten.de\/wp-content\/uploads\/2012\/06\/Gipfel_Jenner.jpg\"><img decoding=\"async\" class=\"alignleft size-thumbnail wp-image-99793\" title=\"Gipfel_Jenner\" src=\"http:\/\/www.fuldaer-nachrichten.de\/wp-content\/uploads\/2012\/06\/Gipfel_Jenner-265x176.jpg\" alt=\"\" width=\"265\" height=\"176\" srcset=\"https:\/\/www.fuldaernachrichten.de\/wp-content\/uploads\/2012\/06\/Gipfel_Jenner-265x176.jpg 265w, https:\/\/www.fuldaernachrichten.de\/wp-content\/uploads\/2012\/06\/Gipfel_Jenner.jpg 592w\" sizes=\"(max-width: 265px) 100vw, 265px\" \/><\/a>Fulda (cp). Als Angebot des Jugendbildungswerks sowie der Ferienspiele und Freizeiten der Stadt Fulda wurde ein H\u00fcttentrekking in den bayrischen Alpen veranstaltet. So wanderten zehn Jungen im Alter zwischen 14 und 17 Jahren unl\u00e4ngst rund um den K\u00f6nigssee bei Berchtesgaden. \u201eEin perfektes Angebot f\u00fcr die Jugendlichen, denn was gibt es Besseres, als sich in der Natur k\u00f6rperlich zu bet\u00e4tigen und gemeinsam etwas zu erleben\u201c, betont B\u00fcrgermeister und Jugenddezernent Dr. Wolfgang Dippel. Los ging es am ersten Tag schon fr\u00fch morgens, mit zwei Kleinbussen an den K\u00f6nigssee. Mit einem Boot setzte die Gruppe nach St. Bartholom\u00e4 \u00fcber, wobei es grandiose Ausblicke auf die Watzmann-Steilwand sowie das ber\u00fchmte \u201eEcho vom K\u00f6nigssee\u201c zu bestaunen gab. Dann ging es f\u00fcnf Stunden lang durch die \u201eSaugasse\u201c steil bergauf, nach ca. 1000 H\u00f6henmetern war dann auch endlich das K\u00e4rlingerhaus in Sicht.<!--more--><\/p>\n<p><strong>\u00dcbernachtung auf der H\u00fctte<\/strong><\/p>\n<p><a href=\"http:\/\/www.fuldaer-nachrichten.de\/wp-content\/uploads\/2012\/06\/Ausblick_Koenigssee1.jpg\"><img decoding=\"async\" class=\"alignleft size-thumbnail wp-image-99791\" title=\"Ausblick_Koenigssee\" src=\"http:\/\/www.fuldaer-nachrichten.de\/wp-content\/uploads\/2012\/06\/Ausblick_Koenigssee1-265x176.jpg\" alt=\"\" width=\"265\" height=\"176\" srcset=\"https:\/\/www.fuldaernachrichten.de\/wp-content\/uploads\/2012\/06\/Ausblick_Koenigssee1-265x176.jpg 265w, https:\/\/www.fuldaernachrichten.de\/wp-content\/uploads\/2012\/06\/Ausblick_Koenigssee1.jpg 592w\" sizes=\"(max-width: 265px) 100vw, 265px\" \/><\/a>Am n\u00e4chsten Morgen wurde noch kurz der Feldkogel (1886m) in Angriff genommen und dann der Weg \u00fcber viele Schneefelder fortgesetzt. Vom Halsk\u00f6pfl (1719m) hatten die Jugendlichen einen grandiosen Ausblick zur\u00fcck auf den K\u00f6nigssee und die Berchtesgadener Alpen, bevor es dann weiter zur Wasseralm ging. Nach einem st\u00e4rkenden Abendessen \u00fcbernachteten alle dort unter dem urigen H\u00fcttendach im Matratzenlager. Tags darauf regnete es dann fast durchgehend, doch der Weg \u00fcber den schmalen Steig mit einigen Tiefblicken ins Tal sorgte f\u00fcr gen\u00fcgend Highlights, bevor dann nachmittags die Gotzenalm erreicht war. Nach ausgiebiger Erholungspause mit Kaiserschmarrn und warmem Tee konnte die Gruppe abends sogar gemeinsam mit den beiden Betreuern Ingmar S\u00fc\u00df (Jugendbildungswerk) und Daniel Hunold (Ferienspiele und Freizeiten) das EM-Spiel der deutschen Nationalmannschaft gegen Portugal ansehen.<\/p>\n<p><strong>Aufstieg auf den Jenner<\/strong><\/p>\n<p><a href=\"http:\/\/www.fuldaer-nachrichten.de\/wp-content\/uploads\/2012\/06\/Watzmann.jpg\"><img decoding=\"async\" class=\"alignleft size-thumbnail wp-image-99792\" title=\"Watzmann\" src=\"http:\/\/www.fuldaer-nachrichten.de\/wp-content\/uploads\/2012\/06\/Watzmann-265x176.jpg\" alt=\"\" width=\"265\" height=\"176\" srcset=\"https:\/\/www.fuldaernachrichten.de\/wp-content\/uploads\/2012\/06\/Watzmann-265x176.jpg 265w, https:\/\/www.fuldaernachrichten.de\/wp-content\/uploads\/2012\/06\/Watzmann.jpg 592w\" sizes=\"(max-width: 265px) 100vw, 265px\" \/><\/a>Am vierten Tag wurde als Highlight der Tour der Jenner (1874m) bestiegen, wobei durch Regen und Nebel leider keine wirklichen Fernblicke m\u00f6glich waren. Trotzdem waren nat\u00fcrlich alle Teilnehmer unheimlich stolz, nach vier Tagen H\u00fcttentour auch diesen Gipfel noch erst\u00fcrmt zu haben. Auf der Talfahrt in der Gondelbahn und der Heimfahrt nach Fulda konnten die Jungen das H\u00fcttentrekking mit urigen Bergh\u00fctten, Steinb\u00f6cken, Murmeltieren sowie fantastischen Ausblicken Revue passieren lassen. Ingmar S\u00fc\u00df betont, wie wichtig diese Erlebnisse f\u00fcr die Jugendlichen sind, denn die Alpenregion biete doch komplett andere Eindr\u00fccke und (Grenz-) Erfahrungen f\u00fcr Jungen, die sonst noch nicht mal die Rh\u00f6n wirklich kennen. Und trotz aller Anstrengungen, Blasen an den F\u00fc\u00dfen und nasser Rucks\u00e4cke hat diese H\u00fcttentour bei den Teilnehmern Lust auf weitere Bergwanderungen gemacht, so dass n\u00e4chstes Jahr mit Sicherheit wieder eine H\u00fcttentour in den Alpen auf dem Programm stehen wird.<\/p>\n","protected":false},"excerpt":{"rendered":"<div class=\"tmnf_excerpt\"><p>Fulda (cp). Als Angebot des Jugendbildungswerks sowie der Ferienspiele und Freizeiten der Stadt Fulda wurde ein H\u00fcttentrekking in den bayrischen Alpen veranstaltet. So wanderten zehn Jungen im Alter zwischen 14 und 17 Jahren unl\u00e4ngst rund um den K\u00f6nigssee bei Berchtesgaden. \u201eEin perfektes Angebot f\u00fcr die Jugendlichen, denn was gibt es Besseres, als sich in der &hellip;<\/p>\n<\/div>","protected":false},"author":1,"featured_media":0,"comment_status":"closed","ping_status":"closed","sticky":false,"template":"","format":"standard","meta":{"footnotes":""},"categories":[1],"tags":[],"class_list":["post-99789","post","type-post","status-publish","format-standard","hentry","category-startseite"],"_links":{"self":[{"href":"https:\/\/www.fuldaernachrichten.de\/index.php?rest_route=\/wp\/v2\/posts\/99789","targetHints":{"allow":["GET"]}}],"collection":[{"href":"https:\/\/www.fuldaernachrichten.de\/index.php?rest_route=\/wp\/v2\/posts"}],"about":[{"href":"https:\/\/www.fuldaernachrichten.de\/index.php?rest_route=\/wp\/v2\/types\/post"}],"author":[{"embeddable":true,"href":"https:\/\/www.fuldaernachrichten.de\/index.php?rest_route=\/wp\/v2\/users\/1"}],"replies":[{"embeddable":true,"href":"https:\/\/www.fuldaernachrichten.de\/index.php?rest_route=%2Fwp%2Fv2%2Fcomments&post=99789"}],"version-history":[{"count":0,"href":"https:\/\/www.fuldaernachrichten.de\/index.php?rest_route=\/wp\/v2\/posts\/99789\/revisions"}],"wp:attachment":[{"href":"https:\/\/www.fuldaernachrichten.de\/index.php?rest_route=%2Fwp%2Fv2%2Fmedia&parent=99789"}],"wp:term":[{"taxonomy":"category","embeddable":true,"href":"https:\/\/www.fuldaernachrichten.de\/index.php?rest_route=%2Fwp%2Fv2%2Fcategories&post=99789"},{"taxonomy":"post_tag","embeddable":true,"href":"https:\/\/www.fuldaernachrichten.de\/index.php?rest_route=%2Fwp%2Fv2%2Ftags&post=99789"}],"curies":[{"name":"wp","href":"https:\/\/api.w.org\/{rel}","templated":true}]}}