{"id":99785,"date":"2012-06-26T00:10:52","date_gmt":"2012-06-26T00:10:52","guid":{"rendered":"http:\/\/www.fuldaer-nachrichten.de\/?p=99785"},"modified":"2012-06-25T17:38:29","modified_gmt":"2012-06-25T17:38:29","slug":"schweizer-caritas-vertreter-zu-gast-in-fulda","status":"publish","type":"post","link":"https:\/\/www.fuldaernachrichten.de\/?p=99785","title":{"rendered":"Schweizer Caritas-Vertreter zu Gast in Fulda"},"content":{"rendered":"<p><a href=\"http:\/\/www.fuldaer-nachrichten.de\/wp-content\/uploads\/2012\/06\/Gruppenbild-Schweizer-Caritas-Del.-FD200612_P1030122.jpg\"><img fetchpriority=\"high\" decoding=\"async\" class=\"alignleft size-thumbnail wp-image-99786\" title=\"Gruppenbild Schweizer Caritas-Del. FD200612_P1030122\" src=\"http:\/\/www.fuldaer-nachrichten.de\/wp-content\/uploads\/2012\/06\/Gruppenbild-Schweizer-Caritas-Del.-FD200612_P1030122-265x198.jpg\" alt=\"\" width=\"265\" height=\"198\" srcset=\"https:\/\/www.fuldaernachrichten.de\/wp-content\/uploads\/2012\/06\/Gruppenbild-Schweizer-Caritas-Del.-FD200612_P1030122-265x198.jpg 265w, https:\/\/www.fuldaernachrichten.de\/wp-content\/uploads\/2012\/06\/Gruppenbild-Schweizer-Caritas-Del.-FD200612_P1030122.jpg 600w\" sizes=\"(max-width: 265px) 100vw, 265px\" \/><\/a>Fulda, Wiesbaden (cif). Station in Fulda machten Vertreter der Schweizerischen Caritas, die sich als G\u00e4ste der Hessen-Caritas zu einem Informationsbesuch Einrichtungen in den Bist\u00fcmern Mainz, Limburg und Fulda anschauten. Die Schweizer Delegation setzte mit ihrer Reise durch Hessen den bilateralen Fachaustausch fort, der vor einigen Jahren mit einem Besuch von hessischen Caritas-Vertretern in der Schweiz seinen Auftakt genommen hatte.<!--more--><\/p>\n<p>In der osthessischen Bischofsstadt besichtigte die Caritas-Delegation vom Schweizer Verband die Carisma-Werkst\u00e4tten f\u00fcr Menschen mit psychischer Erkrankung, lernte die verschiedenen Arbeitsfelder f\u00fcr die Mitarbeiter kennen,\u00c2\u00a0 und kam bei dem Rundgang nicht nur mit dem Betreuerteam sondern auch mit den betreuten Werkstattmitarbeitern ins Gespr\u00e4ch. Zuvor war den G\u00e4sten von Einrichtungsleiter Dominique Vilmin und dem Ressortleiter Behindertenhilfe und Psychiatrie, Ernst-Paul Walter, das Konzept in den Caritas Werkst\u00e4tten ausf\u00fchrlich dargelegt worden.<\/p>\n<p>Bei seiner Begr\u00fc\u00dfung im Caritas-Haus unterstrich Di\u00f6zesan-Caritasdirektor Dr. Markus Juch die Wichtigkeit internationaler Caritas-Kontakte und des genseitigen Kennenlernens von Arbeitsfeldern und -methoden in den verschiedenen L\u00e4ndern. Durch solche Kontakte profitiere man voneinander und n\u00e4hme immer positive Impulse f\u00fcr eigene Arbeit mit, so Juch, der sich selbst im April gerade als Mitglied einer Delegation der Hessen-Caritas \u00fcber die Caritas in \u00d6sterreich informiert hatte. In der Carisma-Werkstatt waren die Schweizer bereits durch Caritas-Vorstandsmitglied Malte Crome begr\u00fc\u00dft worden, der wiederum an der damaligen Informationsreise zur Caritas in die Schweiz teilgenommen hatte.<\/p>\n<p>Die Schweizer G\u00e4ste mit Caritas-Direktor Hugo Fasel als Leiter der Delegation res\u00fcmierten als positiv, dass die hessische Caritas sichtbare N\u00e4he zu den Menschen habe; es g\u00e4be eine deutliche Gehstruktur und Sozialraumorientierung, die betreuten w\u00fcrden an den individuellen Probleml\u00f6sungen immer beteiligt. Als interessant erachteten die Schweizer Caritas-Vertreter Mehrgenerationenkonzepte und die interkulturelle Arbeit, die auch in der Schweiz einen Schwerpunkt darstelle. Fulda war die letzte Station der Informationsreise, die Kooperation zwischen Caritas Hessen und Caritas Schweiz soll fortgesetzt werden.<\/p>\n","protected":false},"excerpt":{"rendered":"<div class=\"tmnf_excerpt\"><p>Fulda, Wiesbaden (cif). Station in Fulda machten Vertreter der Schweizerischen Caritas, die sich als G\u00e4ste der Hessen-Caritas zu einem Informationsbesuch Einrichtungen in den Bist\u00fcmern Mainz, Limburg und Fulda anschauten. Die Schweizer Delegation setzte mit ihrer Reise durch Hessen den bilateralen Fachaustausch fort, der vor einigen Jahren mit einem Besuch von hessischen Caritas-Vertretern in der Schweiz &hellip;<\/p>\n<\/div>","protected":false},"author":1,"featured_media":0,"comment_status":"closed","ping_status":"closed","sticky":false,"template":"","format":"standard","meta":{"footnotes":""},"categories":[1,50],"tags":[],"class_list":["post-99785","post","type-post","status-publish","format-standard","hentry","category-startseite","category-kirche"],"_links":{"self":[{"href":"https:\/\/www.fuldaernachrichten.de\/index.php?rest_route=\/wp\/v2\/posts\/99785","targetHints":{"allow":["GET"]}}],"collection":[{"href":"https:\/\/www.fuldaernachrichten.de\/index.php?rest_route=\/wp\/v2\/posts"}],"about":[{"href":"https:\/\/www.fuldaernachrichten.de\/index.php?rest_route=\/wp\/v2\/types\/post"}],"author":[{"embeddable":true,"href":"https:\/\/www.fuldaernachrichten.de\/index.php?rest_route=\/wp\/v2\/users\/1"}],"replies":[{"embeddable":true,"href":"https:\/\/www.fuldaernachrichten.de\/index.php?rest_route=%2Fwp%2Fv2%2Fcomments&post=99785"}],"version-history":[{"count":0,"href":"https:\/\/www.fuldaernachrichten.de\/index.php?rest_route=\/wp\/v2\/posts\/99785\/revisions"}],"wp:attachment":[{"href":"https:\/\/www.fuldaernachrichten.de\/index.php?rest_route=%2Fwp%2Fv2%2Fmedia&parent=99785"}],"wp:term":[{"taxonomy":"category","embeddable":true,"href":"https:\/\/www.fuldaernachrichten.de\/index.php?rest_route=%2Fwp%2Fv2%2Fcategories&post=99785"},{"taxonomy":"post_tag","embeddable":true,"href":"https:\/\/www.fuldaernachrichten.de\/index.php?rest_route=%2Fwp%2Fv2%2Ftags&post=99785"}],"curies":[{"name":"wp","href":"https:\/\/api.w.org\/{rel}","templated":true}]}}