{"id":99782,"date":"2012-06-26T00:13:53","date_gmt":"2012-06-26T00:13:53","guid":{"rendered":"http:\/\/www.fuldaer-nachrichten.de\/?p=99782"},"modified":"2012-06-25T17:36:34","modified_gmt":"2012-06-25T17:36:34","slug":"ehemalige-polnische-ns-gefangene-berichteten-vor-schulern-des-marianums","status":"publish","type":"post","link":"https:\/\/www.fuldaernachrichten.de\/?p=99782","title":{"rendered":"Ehemalige polnische NS-Gefangene berichteten vor Sch\u00fclern des Marianums"},"content":{"rendered":"<p><strong><a href=\"http:\/\/www.fuldaer-nachrichten.de\/wp-content\/uploads\/2012\/06\/polnischeZeitzeugen_Klassensprecher_StefanZeier_IMG_2212.jpg\"><img decoding=\"async\" class=\"alignleft size-thumbnail wp-image-99783\" title=\"polnischeZeitzeugen_Klassensprecher_StefanZeier_IMG_2212\" src=\"http:\/\/www.fuldaer-nachrichten.de\/wp-content\/uploads\/2012\/06\/polnischeZeitzeugen_Klassensprecher_StefanZeier_IMG_2212-265x176.jpg\" alt=\"\" width=\"265\" height=\"176\" srcset=\"https:\/\/www.fuldaernachrichten.de\/wp-content\/uploads\/2012\/06\/polnischeZeitzeugen_Klassensprecher_StefanZeier_IMG_2212-265x176.jpg 265w, https:\/\/www.fuldaernachrichten.de\/wp-content\/uploads\/2012\/06\/polnischeZeitzeugen_Klassensprecher_StefanZeier_IMG_2212.jpg 600w\" sizes=\"(max-width: 265px) 100vw, 265px\" \/><\/a>Fulda (cif<\/strong>). Vier Klassen der Jahrgangsstufe Zehn des Marianums waren in der Aula der Schule zusammen gekommen, um f\u00fcr zwei Unterrichtsstunden an einem\u00c2\u00a0 au\u00dfergew\u00f6hnlichen Geschichtsprojekt teilzunehmen. Sieben Seniorinnen und Senioren aus Polen, die derzeit als G\u00e4ste der Caritas zu einem Erholungsaufenthalt in Bad Salzschlirf verweilen, hatten sich bereit erkl\u00e4rt, den Sch\u00fclern von ihren Kindheitserinnerungen an Zeiten zu berichten, die sie verst\u00e4ndlicherweise eigentlich gerne vergessen w\u00fcrden: Alle aus dieser polnischen G\u00e4stegruppe waren als Kinder oder Jugendliche in den Konzentrationslagern der Nazis eingesperrt gewesen.<!--more--><\/p>\n<p>Nach einer kurzen Begr\u00fc\u00dfung der G\u00e4ste und Vorstellung der Schule durch den Leiter des Realschulzweiges vom Marianum, Stefan Zeier, berichteten die polnischen Senioren, in welcher Weise sie in Gefangenschaft gerieten, und unter welchen Bedingungen sie diese Zeit im Konzentrationslager \u00fcberstehen mussten. Kinder gerieten oft durch Festnahme der Eltern mit in die Lager. Dort waren sie dann der Willk\u00fcr des Wachpersonals ausgeliefert, das Essen reichte kaum, und die Jugendlichen mussten wie die Erwachsenen \u2013 oft sinnlose \u2013 harte Arbeiten verrichten. Eine Frau berichtete den Sch\u00fclern, dass in ihrem Lager Kinder im Alter von acht, neun Jahren f\u00fcr medizinische Versuche ausgesondert wurden und sie \u2013 ebenfalls in diesem Alter \u2013 noch bek\u00fcmmert gewesen war, dass\u00c2\u00a0 sie nicht dabei war. Erst sp\u00e4ter habe sie dann erfahren, dass viele Menschen durch diese medizinischen Experimente grausam verst\u00fcmmelt worden waren oder gar zu Tode kamen. Einige aus der polnischen G\u00e4stegruppe hatten als Kinder ihre Eltern im Lager verloren, der j\u00fcngste war im KZ geboren worden.<\/p>\n<p><a href=\"http:\/\/www.fuldaer-nachrichten.de\/wp-content\/uploads\/2012\/06\/Plenum_Sch\u00fcler_Marianum_IMG_2184.jpg\"><img decoding=\"async\" class=\"alignleft size-thumbnail wp-image-99784\" title=\"Plenum_Sch\u00fcler_Marianum_IMG_2184\" src=\"http:\/\/www.fuldaer-nachrichten.de\/wp-content\/uploads\/2012\/06\/Plenum_Sch\u00fcler_Marianum_IMG_2184-265x176.jpg\" alt=\"\" width=\"265\" height=\"176\" \/><\/a>Die Sch\u00fclerinnen und Sch\u00fcler h\u00f6rten den eindr\u00fccklichen Berichten, die vom aus Polen stammenden Domk\u00fcster Richard Bok immer direkt \u00fcbersetzt wurden, aufmerksam zu. Anschlie\u00dfend stellten sie ihre Fragen. So wollte beispielsweise eine der Jugendlichen wissen, ob und wie man solche schrecklichen Erinnerungen \u00fcberhaupt verarbeiten k\u00f6nne. Eine weitere Mitsch\u00fclerin besch\u00e4ftigte die Frage, wie das Verh\u00e4ltnis der Senioren heute zu Deutschland und den Deutschen sei. Die polnischen G\u00e4ste betonten, dass es zwar Jahre gebraucht hatte, wieder Vertrauen zu fassen. Nun aber sei man gerne in Deutschland und f\u00fchle sich wohl. \u201eWichtig ist\u201c, so eine der Seniorinnen, \u201edass so etwas nie wieder passieren kann. Und deshalb berichten wir euch auch davon, wie das damals gewesen war!\u201c<\/p>\n","protected":false},"excerpt":{"rendered":"<div class=\"tmnf_excerpt\"><p>Fulda (cif). Vier Klassen der Jahrgangsstufe Zehn des Marianums waren in der Aula der Schule zusammen gekommen, um f\u00fcr zwei Unterrichtsstunden an einem\u00c2\u00a0 au\u00dfergew\u00f6hnlichen Geschichtsprojekt teilzunehmen. Sieben Seniorinnen und Senioren aus Polen, die derzeit als G\u00e4ste der Caritas zu einem Erholungsaufenthalt in Bad Salzschlirf verweilen, hatten sich bereit erkl\u00e4rt, den Sch\u00fclern von ihren Kindheitserinnerungen an &hellip;<\/p>\n<\/div>","protected":false},"author":1,"featured_media":0,"comment_status":"closed","ping_status":"closed","sticky":false,"template":"","format":"standard","meta":{"footnotes":""},"categories":[1,53],"tags":[],"class_list":["post-99782","post","type-post","status-publish","format-standard","hentry","category-startseite","category-bildung"],"_links":{"self":[{"href":"https:\/\/www.fuldaernachrichten.de\/index.php?rest_route=\/wp\/v2\/posts\/99782","targetHints":{"allow":["GET"]}}],"collection":[{"href":"https:\/\/www.fuldaernachrichten.de\/index.php?rest_route=\/wp\/v2\/posts"}],"about":[{"href":"https:\/\/www.fuldaernachrichten.de\/index.php?rest_route=\/wp\/v2\/types\/post"}],"author":[{"embeddable":true,"href":"https:\/\/www.fuldaernachrichten.de\/index.php?rest_route=\/wp\/v2\/users\/1"}],"replies":[{"embeddable":true,"href":"https:\/\/www.fuldaernachrichten.de\/index.php?rest_route=%2Fwp%2Fv2%2Fcomments&post=99782"}],"version-history":[{"count":0,"href":"https:\/\/www.fuldaernachrichten.de\/index.php?rest_route=\/wp\/v2\/posts\/99782\/revisions"}],"wp:attachment":[{"href":"https:\/\/www.fuldaernachrichten.de\/index.php?rest_route=%2Fwp%2Fv2%2Fmedia&parent=99782"}],"wp:term":[{"taxonomy":"category","embeddable":true,"href":"https:\/\/www.fuldaernachrichten.de\/index.php?rest_route=%2Fwp%2Fv2%2Fcategories&post=99782"},{"taxonomy":"post_tag","embeddable":true,"href":"https:\/\/www.fuldaernachrichten.de\/index.php?rest_route=%2Fwp%2Fv2%2Ftags&post=99782"}],"curies":[{"name":"wp","href":"https:\/\/api.w.org\/{rel}","templated":true}]}}