{"id":99775,"date":"2012-06-26T00:12:45","date_gmt":"2012-06-26T00:12:45","guid":{"rendered":"http:\/\/www.fuldaer-nachrichten.de\/?p=99775"},"modified":"2012-06-25T17:20:34","modified_gmt":"2012-06-25T17:20:34","slug":"sommer-der-bewegung-startet-am-1-juli-in-der-kinder-akademie-fulda","status":"publish","type":"post","link":"https:\/\/www.fuldaernachrichten.de\/?p=99775","title":{"rendered":"Sommer der Bewegung startet am 1. Juli in der Kinder Akademie Fulda"},"content":{"rendered":"<p>Fulda. Die 18. Sommerakademie der Kinder-Akademie Fulda &#8216;Sommer der Bewegung&#8217; startet am Sonntag, 1. Juli 2012 ab 15.00 Uhr mit der Auftaktveranstaltung in der Kinder-Akademie Fulda. Sportlich-spannende Stunden bietet die Auftaktveranstaltung zur diesj\u00e4hrigen Sommerakademie der Kinder-Akademie Fulda. Denn die Partner des \u201eSommers der Bewegung\u201c tragen gemeinsam mit Spielern des TTC Rh\u00f6nSprudel Fulda-Maberzell ein Doppelturnier aus, das in zwei Gewinns\u00e4tzen gespielt wird.<!--more--><\/p>\n<p><span style=\"text-decoration: underline;\">Mitspieler:<\/span><\/p>\n<p>Wolfgang Gutberlet, tegut<br \/>\nRainer Rausch, tegut<br \/>\nUwe Marohn, Sparkasse Fulda<br \/>\nDr. Gabriele K\u00f6nig, KAF<\/p>\n<p><span style=\"text-decoration: underline;\">Spieler des TTC Rh\u00f6nSprudel Fulda-Maberzell<\/span><\/p>\n<p>Thorsten M\u00e4hner,\u00c2\u00a0 2. Mannschaft<br \/>\nClaus-Dieter Schad, Vizepr\u00e4sident<br \/>\nJohannes Hodes, 4. Mannschaft<br \/>\nN.N.<\/p>\n<p><span style=\"text-decoration: underline;\">Moderation:<\/span><\/p>\n<p>Michael Hodes, Vizepr\u00e4sident TTC Rh\u00f6nSprudel Fulda-Maberzell<\/p>\n<p><span style=\"text-decoration: underline;\">Z\u00e4hlschiedsrichterinnen:<\/span><\/p>\n<p>Helen Bonzel, KAF und Gabriele Nitz, Rh\u00f6nSprudel<\/p>\n<p><strong>2. Juli bis 10. August 2012<\/strong><br \/>\n<strong> 12 ganzt\u00e4gige einw\u00f6chige Workshops f\u00fcr Kinder und Jugendliche von 6 bis 14 Jahren<\/strong><\/p>\n<p>Was bewegt Menschen? Wie kommt etwas in Bewegung? Was geschieht, wenn sich nichts bewegt? Ist Stillstand auch Bewegung?\u00c2\u00a0 Fragen nach den Gr\u00fcnden, was Menschen, Sachverhalte und Gegenst\u00e4nde in Bewegung bringt oder am Laufen h\u00e4lt, sind so vielf\u00e4ltig wie selbstverst\u00e4ndlich und notwendig. Im <strong>\u201eSommer der Bewegung\u201c <\/strong>machen sich Kinder und Jugendliche zwischen 6 und 14 Jahren diesen bewegenden Fragestellungen in 12 ganzt\u00e4gigen einw\u00f6chigen Workshops zu eigen, um sie zu durchdringen, zu erforschen und zu untersuchen. Damit die Gedanken in Schwung kommen, beginnt jeder Morgen mit einem viertelst\u00fcndlichen Sportprogramm, das von Physiotherapeuten, Shiatsulehrern, T\u00e4nzern und Pilatestrainern geleitet wird.<\/p>\n","protected":false},"excerpt":{"rendered":"<div class=\"tmnf_excerpt\"><p>Fulda. Die 18. Sommerakademie der Kinder-Akademie Fulda &#8216;Sommer der Bewegung&#8217; startet am Sonntag, 1. Juli 2012 ab 15.00 Uhr mit der Auftaktveranstaltung in der Kinder-Akademie Fulda. Sportlich-spannende Stunden bietet die Auftaktveranstaltung zur diesj\u00e4hrigen Sommerakademie der Kinder-Akademie Fulda. Denn die Partner des \u201eSommers der Bewegung\u201c tragen gemeinsam mit Spielern des TTC Rh\u00f6nSprudel Fulda-Maberzell ein Doppelturnier aus, &hellip;<\/p>\n<\/div>","protected":false},"author":1,"featured_media":0,"comment_status":"closed","ping_status":"closed","sticky":false,"template":"","format":"standard","meta":{"footnotes":""},"categories":[1,53],"tags":[],"class_list":["post-99775","post","type-post","status-publish","format-standard","hentry","category-startseite","category-bildung"],"_links":{"self":[{"href":"https:\/\/www.fuldaernachrichten.de\/index.php?rest_route=\/wp\/v2\/posts\/99775","targetHints":{"allow":["GET"]}}],"collection":[{"href":"https:\/\/www.fuldaernachrichten.de\/index.php?rest_route=\/wp\/v2\/posts"}],"about":[{"href":"https:\/\/www.fuldaernachrichten.de\/index.php?rest_route=\/wp\/v2\/types\/post"}],"author":[{"embeddable":true,"href":"https:\/\/www.fuldaernachrichten.de\/index.php?rest_route=\/wp\/v2\/users\/1"}],"replies":[{"embeddable":true,"href":"https:\/\/www.fuldaernachrichten.de\/index.php?rest_route=%2Fwp%2Fv2%2Fcomments&post=99775"}],"version-history":[{"count":0,"href":"https:\/\/www.fuldaernachrichten.de\/index.php?rest_route=\/wp\/v2\/posts\/99775\/revisions"}],"wp:attachment":[{"href":"https:\/\/www.fuldaernachrichten.de\/index.php?rest_route=%2Fwp%2Fv2%2Fmedia&parent=99775"}],"wp:term":[{"taxonomy":"category","embeddable":true,"href":"https:\/\/www.fuldaernachrichten.de\/index.php?rest_route=%2Fwp%2Fv2%2Fcategories&post=99775"},{"taxonomy":"post_tag","embeddable":true,"href":"https:\/\/www.fuldaernachrichten.de\/index.php?rest_route=%2Fwp%2Fv2%2Ftags&post=99775"}],"curies":[{"name":"wp","href":"https:\/\/api.w.org\/{rel}","templated":true}]}}