{"id":99771,"date":"2012-06-26T00:13:06","date_gmt":"2012-06-26T00:13:06","guid":{"rendered":"http:\/\/www.fuldaer-nachrichten.de\/?p=99771"},"modified":"2012-06-25T17:14:45","modified_gmt":"2012-06-25T17:14:45","slug":"erster-kompetenztag-schweistechnik-bei-rubsam-fachkrafte-ein-voller-erfolg","status":"publish","type":"post","link":"https:\/\/www.fuldaernachrichten.de\/?p=99771","title":{"rendered":"Erster \u201eKompetenztag Schwei\u00dftechnik\u201c bei R\u00dcBSAM Fachkr\u00e4fte ein voller Erfolg"},"content":{"rendered":"<p><a href=\"http:\/\/www.fuldaer-nachrichten.de\/wp-content\/uploads\/2012\/06\/DSC_7551.jpg\"><img decoding=\"async\" class=\"alignleft size-thumbnail wp-image-99772\" title=\"DSC_7551\" src=\"http:\/\/www.fuldaer-nachrichten.de\/wp-content\/uploads\/2012\/06\/DSC_7551-265x175.jpg\" alt=\"\" width=\"265\" height=\"175\" srcset=\"https:\/\/www.fuldaernachrichten.de\/wp-content\/uploads\/2012\/06\/DSC_7551-265x175.jpg 265w, https:\/\/www.fuldaernachrichten.de\/wp-content\/uploads\/2012\/06\/DSC_7551.jpg 600w\" sizes=\"(max-width: 265px) 100vw, 265px\" \/><\/a>Petersberg. Vorf\u00fchrungen an den modernen Schwei\u00df-Maschinen, hochkar\u00e4tige Fachvortr\u00e4ge und ein Einblick in das betriebseigene R\u00dcBSAM Weiterbildungszentrum WBZ:\u00c2\u00a0 Mit rund 400 G\u00e4sten war die Premiere des \u201eKompetenztags Schwei\u00dftechnik\u201c im Unternehmen R\u00dcBSAM Fachkr\u00e4fte ein voller Erfolg. \u201eWir m\u00f6chten das Image der Zeitarbeit in die richtige Wertigkeit bringen, daher haben wir unser breitgef\u00e4chertes Leistungsspektrum im Bereich Schwei\u00dfen und unser Weiterbildungszentrum WBZ vorgestellt. Zudem wollen wir zum Ausdruck bringen, dass wir unser Handwerk verstehen und unser Knowhow weitergeben\u201c, erl\u00e4utert Gesch\u00e4ftsf\u00fchrer Erhard R\u00fcbsam das Ziel der Veranstaltung.<!--more--><\/p>\n<p>In seinem Vortrag zum Thema \u201eZeitarbeit im Zeichen der Weiterbildung\u201c kritisierte der Unternehmer, dass \u201eFachkr\u00e4fte aussortiert werden, nur weil sie einen Hauptschulabschluss haben\u201c und merkte an, dass die Qualit\u00e4t des Schulabschlusses keine R\u00fcckschl\u00fcsse auf die Arbeitsleistung eines Absolventen zulasse. Dass Aus- und Weiterbildung wichtige Bausteine f\u00fcr die Zukunft sind, hat R\u00fcbsam bereits vor einigen Jahren erkannt und deshalb ein eigenes Weiterbildungszentrum aufgebaut, in dem Fachkr\u00e4fte in unterschiedlichen Modulen geschult werden und so ihre Chancen auf dem Arbeitsmarkt optimieren k\u00f6nnen.<\/p>\n<p>R\u00fcbsam betonte, dass es wichtig sei, den Fachkr\u00e4ften stets auf Augenh\u00f6he und mit Respekt zu begegnen: \u201eAuf den Baustellen werden unsere Mitarbeiter nicht als Leiharbeiter angesehen, sondern sie werden als das wahrgenommen, was sie sind: als qualifizierte Fachkr\u00e4fte.\u201c<\/p>\n<p>Auch der Bereich Gesundheitsmanagement nimmt im Petersberger Unternehmen einen hohen Stellenwert ein, da die Arbeitskraft der Mitarbeiter eine entscheidende Rolle spielt. Anl\u00e4sslich des Kompetenztages wurde dieses Thema durch hochkar\u00e4tige Vortr\u00e4ge von Referenten der Universit\u00e4t Gie\u00dfen in den Fokus ger\u00fcckt.<\/p>\n<p>An Infost\u00e4nden konnten sich die Interessenten einen \u00dcberblick \u00fcber die vielf\u00e4ltigen Angebote der R\u00dcBSAM- Kooperationspartner, wie beispielsweise Technolit, 3M Deutschland und DVS Fulda verschaffen. Zahlreiche fachliche Gespr\u00e4che unter Schwei\u00dfexperten und Einblicke in die einzelnen Fachbereiche des Personaldienstleisters rundeten den Erfolg des ersten Kompetenztags ab.<\/p>\n","protected":false},"excerpt":{"rendered":"<div class=\"tmnf_excerpt\"><p>Petersberg. Vorf\u00fchrungen an den modernen Schwei\u00df-Maschinen, hochkar\u00e4tige Fachvortr\u00e4ge und ein Einblick in das betriebseigene R\u00dcBSAM Weiterbildungszentrum WBZ:\u00c2\u00a0 Mit rund 400 G\u00e4sten war die Premiere des \u201eKompetenztags Schwei\u00dftechnik\u201c im Unternehmen R\u00dcBSAM Fachkr\u00e4fte ein voller Erfolg. \u201eWir m\u00f6chten das Image der Zeitarbeit in die richtige Wertigkeit bringen, daher haben wir unser breitgef\u00e4chertes Leistungsspektrum im Bereich Schwei\u00dfen und &hellip;<\/p>\n<\/div>","protected":false},"author":1,"featured_media":0,"comment_status":"closed","ping_status":"closed","sticky":false,"template":"","format":"standard","meta":{"footnotes":""},"categories":[1,29],"tags":[],"class_list":["post-99771","post","type-post","status-publish","format-standard","hentry","category-startseite","category-politik"],"_links":{"self":[{"href":"https:\/\/www.fuldaernachrichten.de\/index.php?rest_route=\/wp\/v2\/posts\/99771","targetHints":{"allow":["GET"]}}],"collection":[{"href":"https:\/\/www.fuldaernachrichten.de\/index.php?rest_route=\/wp\/v2\/posts"}],"about":[{"href":"https:\/\/www.fuldaernachrichten.de\/index.php?rest_route=\/wp\/v2\/types\/post"}],"author":[{"embeddable":true,"href":"https:\/\/www.fuldaernachrichten.de\/index.php?rest_route=\/wp\/v2\/users\/1"}],"replies":[{"embeddable":true,"href":"https:\/\/www.fuldaernachrichten.de\/index.php?rest_route=%2Fwp%2Fv2%2Fcomments&post=99771"}],"version-history":[{"count":0,"href":"https:\/\/www.fuldaernachrichten.de\/index.php?rest_route=\/wp\/v2\/posts\/99771\/revisions"}],"wp:attachment":[{"href":"https:\/\/www.fuldaernachrichten.de\/index.php?rest_route=%2Fwp%2Fv2%2Fmedia&parent=99771"}],"wp:term":[{"taxonomy":"category","embeddable":true,"href":"https:\/\/www.fuldaernachrichten.de\/index.php?rest_route=%2Fwp%2Fv2%2Fcategories&post=99771"},{"taxonomy":"post_tag","embeddable":true,"href":"https:\/\/www.fuldaernachrichten.de\/index.php?rest_route=%2Fwp%2Fv2%2Ftags&post=99771"}],"curies":[{"name":"wp","href":"https:\/\/api.w.org\/{rel}","templated":true}]}}