{"id":99768,"date":"2012-06-26T00:12:45","date_gmt":"2012-06-26T00:12:45","guid":{"rendered":"http:\/\/www.fuldaer-nachrichten.de\/?p=99768"},"modified":"2012-06-25T17:09:33","modified_gmt":"2012-06-25T17:09:33","slug":"staatliches-schulamt-fulda-bietet-fortbildungsreihe-mentoring-2012-an","status":"publish","type":"post","link":"https:\/\/www.fuldaernachrichten.de\/?p=99768","title":{"rendered":"Staatliches Schulamt Fulda bietet Fortbildungsreihe &#8220;Mentoring 2012&#8221; an"},"content":{"rendered":"<p><a href=\"http:\/\/www.fuldaer-nachrichten.de\/wp-content\/uploads\/2012\/06\/Mentoring.jpg\"><img fetchpriority=\"high\" decoding=\"async\" class=\"alignleft size-thumbnail wp-image-99769\" title=\"Mentoring\" src=\"http:\/\/www.fuldaer-nachrichten.de\/wp-content\/uploads\/2012\/06\/Mentoring-265x208.jpg\" alt=\"\" width=\"265\" height=\"208\" srcset=\"https:\/\/www.fuldaernachrichten.de\/wp-content\/uploads\/2012\/06\/Mentoring-265x208.jpg 265w, https:\/\/www.fuldaernachrichten.de\/wp-content\/uploads\/2012\/06\/Mentoring.jpg 600w\" sizes=\"(max-width: 265px) 100vw, 265px\" \/><\/a>Fulda. Unter dem Titel \u201eMentoring 2012\u201c bietet das Staatliche Schulamt Fulda eine hochkar\u00e4tige Fortbildungsreihe f\u00fcr Lehrerinnen und Lehrer an, die sich f\u00fcr Leitungsaufgaben interessieren. Kernpunkte dieser Veranstaltungsreihe sind neben einem Vorbereitungstreffen drei Workshops zwischen September 2012 und Februar 2013, in denen den interessierten Lehrkr\u00e4ften erfahrene Mentorinnen und Mentoren, in der Regel Funktionsstelleninhaber aus der Region,\u00c2\u00a0 zur Seite stehen. Dadurch sollen in erster Linie Eindr\u00fccke in\u00c2\u00a0 das gew\u00fcnschte Berufsfeld beziehungsweise die konkrete Auseinandersetzung mit den Karrierew\u00fcnschen erm\u00f6glicht werden. F\u00fcr die Konzeption der Reihe sind Dr. Gudrun Schwegler (F\u00fchrungsp\u00e4dagogin und systemische Beraterin)\u00c2\u00a0 sowie die Gleichstellungsbeauftragte des Schulamtes, Martina Hering\u00c2\u00a0 und Sybille Unterstab (F\u00fchrungsakademie) verantwortlich, die Gesamtleitung liegt bei Schulamtsdirektor Wolfgang Kremer. Bewerbungsschluss (sybille.unterstab@fd.ssa.hessen.de)\u00c2\u00a0 ist am 28. Juni.<\/p>\n<p>Auf dem Bild pr\u00e4sentiert sich das Fortbildungsteam (von links): Sybille Unterstab, Martina Hering, Dr. Gudrun Schwegler und Wolfgang Kremer.<\/p>\n","protected":false},"excerpt":{"rendered":"<div class=\"tmnf_excerpt\"><p>Fulda. Unter dem Titel \u201eMentoring 2012\u201c bietet das Staatliche Schulamt Fulda eine hochkar\u00e4tige Fortbildungsreihe f\u00fcr Lehrerinnen und Lehrer an, die sich f\u00fcr Leitungsaufgaben interessieren. Kernpunkte dieser Veranstaltungsreihe sind neben einem Vorbereitungstreffen drei Workshops zwischen September 2012 und Februar 2013, in denen den interessierten Lehrkr\u00e4ften erfahrene Mentorinnen und Mentoren, in der Regel Funktionsstelleninhaber aus der Region,\u00c2\u00a0 &hellip;<\/p>\n<\/div>","protected":false},"author":1,"featured_media":0,"comment_status":"closed","ping_status":"closed","sticky":false,"template":"","format":"standard","meta":{"footnotes":""},"categories":[1,53],"tags":[],"class_list":["post-99768","post","type-post","status-publish","format-standard","hentry","category-startseite","category-bildung"],"_links":{"self":[{"href":"https:\/\/www.fuldaernachrichten.de\/index.php?rest_route=\/wp\/v2\/posts\/99768","targetHints":{"allow":["GET"]}}],"collection":[{"href":"https:\/\/www.fuldaernachrichten.de\/index.php?rest_route=\/wp\/v2\/posts"}],"about":[{"href":"https:\/\/www.fuldaernachrichten.de\/index.php?rest_route=\/wp\/v2\/types\/post"}],"author":[{"embeddable":true,"href":"https:\/\/www.fuldaernachrichten.de\/index.php?rest_route=\/wp\/v2\/users\/1"}],"replies":[{"embeddable":true,"href":"https:\/\/www.fuldaernachrichten.de\/index.php?rest_route=%2Fwp%2Fv2%2Fcomments&post=99768"}],"version-history":[{"count":0,"href":"https:\/\/www.fuldaernachrichten.de\/index.php?rest_route=\/wp\/v2\/posts\/99768\/revisions"}],"wp:attachment":[{"href":"https:\/\/www.fuldaernachrichten.de\/index.php?rest_route=%2Fwp%2Fv2%2Fmedia&parent=99768"}],"wp:term":[{"taxonomy":"category","embeddable":true,"href":"https:\/\/www.fuldaernachrichten.de\/index.php?rest_route=%2Fwp%2Fv2%2Fcategories&post=99768"},{"taxonomy":"post_tag","embeddable":true,"href":"https:\/\/www.fuldaernachrichten.de\/index.php?rest_route=%2Fwp%2Fv2%2Ftags&post=99768"}],"curies":[{"name":"wp","href":"https:\/\/api.w.org\/{rel}","templated":true}]}}