{"id":99766,"date":"2012-06-25T00:12:29","date_gmt":"2012-06-25T00:12:29","guid":{"rendered":"http:\/\/www.fuldaer-nachrichten.de\/?p=99766"},"modified":"2012-06-25T07:21:46","modified_gmt":"2012-06-25T07:21:46","slug":"ehrenamt-in-der-verbandlichen-caritas-fulda-flyer-und-broschure-informieren","status":"publish","type":"post","link":"https:\/\/www.fuldaernachrichten.de\/?p=99766","title":{"rendered":"Ehrenamt in der verbandlichen Caritas Fulda &#8211; Flyer und Brosch\u00fcre informieren"},"content":{"rendered":"<p><strong><a href=\"http:\/\/www.fuldaer-nachrichten.de\/wp-content\/uploads\/2012\/06\/Vorstellung_Ehrenamtsmedien_0612_IMG_2157.jpg\"><img fetchpriority=\"high\" decoding=\"async\" class=\"alignleft size-thumbnail wp-image-99767\" title=\"Vorstellung_Ehrenamtsmedien_0612_IMG_2157\" src=\"http:\/\/www.fuldaer-nachrichten.de\/wp-content\/uploads\/2012\/06\/Vorstellung_Ehrenamtsmedien_0612_IMG_2157-265x204.jpg\" alt=\"\" width=\"265\" height=\"204\" srcset=\"https:\/\/www.fuldaernachrichten.de\/wp-content\/uploads\/2012\/06\/Vorstellung_Ehrenamtsmedien_0612_IMG_2157-265x204.jpg 265w, https:\/\/www.fuldaernachrichten.de\/wp-content\/uploads\/2012\/06\/Vorstellung_Ehrenamtsmedien_0612_IMG_2157.jpg 592w\" sizes=\"(max-width: 265px) 100vw, 265px\" \/><\/a>Fulda (cif<\/strong>). Einen neuen Flyer und eine neue Brosch\u00fcre zum Ehrenamt bei der Caritas im Bistum Fulda ist k\u00fcrzlich erschienen und wurde nun offiziell von Referent Gemeindecaritas Josef Gebauer, Di\u00f6zesan-Caritasdirektor Dr. Markus Juch und Ressortleiter Soziale Dienste Armin Schomberg vorgestellt. \u201eDas Ehrenamt\u201c, so Caritasdirektor Juch, \u201eist f\u00fcr die Caritas sehr wichtig, um die Arbeit der Hauptamtlichen zu begleiten und das f\u00fcr die Caritas typische und dem Menschen zugewandte Angebot \u00fcberhaupt leisten zu k\u00f6nnen! Mit den neuen Medien wollen wir die vielseitigen M\u00f6glichkeiten zu einer Freiwilligent\u00e4tigkeit in unseren Diensten und Einrichtungen vorstellen und auch die Rahmenbedingungen f\u00fcr das Ehrenamt erl\u00e4utern.\u201c<!--more--><\/p>\n<p>W\u00e4hrend der Flyer als kurze Erstinformation zum Beispiel bei Veranstaltungen und an Messest\u00e4nden zum Einsatz kommen k\u00f6nnte, sollen sich Interessierte, die schon konkretere Vorstellungen von einem ehrenamtlichen Einsatz bei der Caritas haben, mit der Brosch\u00fcre umfassender informieren k\u00f6nnen. So werden darin zum Beispiel auch rechtliche Fragen und die M\u00f6glichkeit zur Fortbildung thematisiert. Auch der Hinweis auf die Ehrenamtsb\u00f6rse im Internet unter <a href=\"http:\/\/www.caritas-fulda.de\">www.caritas-fulda.de<\/a> (einfach unter Men\u00fcpunkt \u201eEngagement\u201c aufrufen) fehlt in der Brosch\u00fcre nicht.<\/p>\n<div>\n<p>Sowohl Flyer wie auch Brosch\u00fcre sind f\u00fcr Interessierte jederzeit kostenlos erh\u00e4ltlich. Kontakt: Caritasverband f\u00fcr die Di\u00f6zese Fulda, Wilhelmstra\u00dfe 2, 36037 Fulda, Tel. 0661 \/ 2428-111, E-Mail <a href=\"mailto:janine.altmann@caritas-fulda.de\">janine.altmann@caritas-fulda.de<\/a>.<\/p>\n<\/div>\n","protected":false},"excerpt":{"rendered":"<div class=\"tmnf_excerpt\"><p>Fulda (cif). Einen neuen Flyer und eine neue Brosch\u00fcre zum Ehrenamt bei der Caritas im Bistum Fulda ist k\u00fcrzlich erschienen und wurde nun offiziell von Referent Gemeindecaritas Josef Gebauer, Di\u00f6zesan-Caritasdirektor Dr. Markus Juch und Ressortleiter Soziale Dienste Armin Schomberg vorgestellt. \u201eDas Ehrenamt\u201c, so Caritasdirektor Juch, \u201eist f\u00fcr die Caritas sehr wichtig, um die Arbeit der &hellip;<\/p>\n<\/div>","protected":false},"author":1,"featured_media":0,"comment_status":"closed","ping_status":"closed","sticky":false,"template":"","format":"standard","meta":{"footnotes":""},"categories":[1,50],"tags":[],"class_list":["post-99766","post","type-post","status-publish","format-standard","hentry","category-startseite","category-kirche"],"_links":{"self":[{"href":"https:\/\/www.fuldaernachrichten.de\/index.php?rest_route=\/wp\/v2\/posts\/99766","targetHints":{"allow":["GET"]}}],"collection":[{"href":"https:\/\/www.fuldaernachrichten.de\/index.php?rest_route=\/wp\/v2\/posts"}],"about":[{"href":"https:\/\/www.fuldaernachrichten.de\/index.php?rest_route=\/wp\/v2\/types\/post"}],"author":[{"embeddable":true,"href":"https:\/\/www.fuldaernachrichten.de\/index.php?rest_route=\/wp\/v2\/users\/1"}],"replies":[{"embeddable":true,"href":"https:\/\/www.fuldaernachrichten.de\/index.php?rest_route=%2Fwp%2Fv2%2Fcomments&post=99766"}],"version-history":[{"count":0,"href":"https:\/\/www.fuldaernachrichten.de\/index.php?rest_route=\/wp\/v2\/posts\/99766\/revisions"}],"wp:attachment":[{"href":"https:\/\/www.fuldaernachrichten.de\/index.php?rest_route=%2Fwp%2Fv2%2Fmedia&parent=99766"}],"wp:term":[{"taxonomy":"category","embeddable":true,"href":"https:\/\/www.fuldaernachrichten.de\/index.php?rest_route=%2Fwp%2Fv2%2Fcategories&post=99766"},{"taxonomy":"post_tag","embeddable":true,"href":"https:\/\/www.fuldaernachrichten.de\/index.php?rest_route=%2Fwp%2Fv2%2Ftags&post=99766"}],"curies":[{"name":"wp","href":"https:\/\/api.w.org\/{rel}","templated":true}]}}