{"id":99762,"date":"2012-06-25T00:15:19","date_gmt":"2012-06-25T00:15:19","guid":{"rendered":"http:\/\/www.fuldaer-nachrichten.de\/?p=99762"},"modified":"2012-06-25T07:17:36","modified_gmt":"2012-06-25T07:17:36","slug":"kanu-wildwasser-weltmeisterschaft-in-la-plagne-acht-medaillen-sind-das-ziel","status":"publish","type":"post","link":"https:\/\/www.fuldaernachrichten.de\/?p=99762","title":{"rendered":"Kanu: Wildwasser-Weltmeisterschaft in La Plagne &#8211; Acht Medaillen sind das Ziel"},"content":{"rendered":"<p><a href=\"http:\/\/www.fuldaer-nachrichten.de\/wp-content\/uploads\/2012\/06\/IMG_8087.jpg\"><img decoding=\"async\" class=\"alignleft size-thumbnail wp-image-99764\" title=\"IMG_8087\" src=\"http:\/\/www.fuldaer-nachrichten.de\/wp-content\/uploads\/2012\/06\/IMG_8087-265x176.jpg\" alt=\"\" width=\"265\" height=\"176\" srcset=\"https:\/\/www.fuldaernachrichten.de\/wp-content\/uploads\/2012\/06\/IMG_8087-265x176.jpg 265w, https:\/\/www.fuldaernachrichten.de\/wp-content\/uploads\/2012\/06\/IMG_8087.jpg 592w\" sizes=\"(max-width: 265px) 100vw, 265px\" \/><\/a>La Plagne \/ Frankreich (dp) Mit gro\u00dfen Ambitionen geht das Team des Deutschen-Kanu-Verbandes (DKV) ab Dienstag bei den Weltmeisterschaften im Wildwasserrennsport in La Plagne (Frankreich) an den Start. Acht Medaillen sind die Vorgabe von Teammanagerin Manuela Gawehn, davon zwei Goldene seien realistisch. Zu den Topfavoriten aus Deutscher Sicht z\u00e4hlen Tobias Bong im Kajak Einer (K1), Alke Overbeck bei den Damen und der Canadier Zweier mit Johannes Baumann und Lars Walter, die f\u00fcr \u201eeine Titelverteidigung im Sprint sorgen k\u00f6nnen.\u201c, so Bundestrainer Gregor Simon. Er hofft zudem auf Canadier-Spezialist Normen Weber, der sowohl im gro\u00dfen als auch im kleinen Boot zu den Medaillenhoffnungen z\u00e4hlt.<!--more--><\/p>\n<p>Seit Freitag ist das Nationalteam in La Plagne Vorort, um sich die ideale Fahrlinie auf der technisch h\u00f6chst anspruchsvollen Is\u00e8re zu erarbeiten. F\u00fcr den Braunschweiger Achim Overbeck z\u00e4hlt die Is\u00e8re zu seinen absoluten Lieblingsfl\u00fcssen. \u201eHier habe ich 1998 das Wildwasserfahren gelernt, ich freue mich riesig auf die Wettk\u00e4mpfe.\u201c, beschreibt er seine Vorfreude. Nach Meinung des Bundestrainers k\u00f6nnte Achim Overbeck bei der WM f\u00fcr eine \u00dcberraschung in der K\u00f6nigsdisziplin der Herren K1 sorgen. \u201eAchim ist bekannt f\u00fcr seinen intelligenten Saisonaufbau\u00c2\u00a0 &#8211; bei der WM d\u00fcrfte er in Topform an den Start gehen. Und mit seinen hervorragenden Wildwasserf\u00e4higkeiten sch\u00e4tze ich ihn in Frankreich enorm stark sein.\u201c, prognostiziert der Bundestrainer.<\/p>\n<p>Dazu muss er jedoch am K\u00f6lner Tobias Bong vorbei. In ihm sieht Simon einen Goldfavoriten im Classicrennen: \u201eTobi ist in diesem Jahr hochmotiviert und bringt das ganze Jahr \u00fcber konstante Leistungen. Seine Dominanz hat er auf den Deutschen Meisterschaften eindrucksvoll unter Beweis gestellt \u2013 ich traue ihm Gold zu.\u201c<\/p>\n<p>Zudem ist das Deutsche Kajak-Herren Team in den Mannschaftswettk\u00e4mpfen nicht zu untersch\u00e4tzen. Die Kajak Damen starten gleich zwei Fahrerinnen mit Medaillenchancen: Alke Overbeck und Manuela St\u00f6berl lieferten sich \u00fcber den ganzen Saisonverlauf ein Kopf-an-Kopf Rennen. Wer bei der WM die Nase vorne haben wird, vermag Simon nicht zu sagen.<\/p>\n<p><a href=\"http:\/\/www.fuldaer-nachrichten.de\/wp-content\/uploads\/2012\/06\/IMG_5299.jpg\"><img decoding=\"async\" class=\"alignleft size-thumbnail wp-image-99763\" title=\"IMG_5299\" src=\"http:\/\/www.fuldaer-nachrichten.de\/wp-content\/uploads\/2012\/06\/IMG_5299-265x176.jpg\" alt=\"\" width=\"265\" height=\"176\" srcset=\"https:\/\/www.fuldaernachrichten.de\/wp-content\/uploads\/2012\/06\/IMG_5299-265x176.jpg 265w, https:\/\/www.fuldaernachrichten.de\/wp-content\/uploads\/2012\/06\/IMG_5299.jpg 592w\" sizes=\"(max-width: 265px) 100vw, 265px\" \/><\/a>Bei den Herren C2 werden hohe Erwartungen in Johannes Baumann und Lars Walter gesetzt. Der Bundestrainer traut ihnen nach schwachem Saisonbeginn, aber zuletzt \u00fcberzeugenden Ergebnissen bei der DM die Titelverteidigung zu: \u201eNach entt\u00e4uschenden Qualifikationswettk\u00e4mpfen gab es von mir f\u00fcr die beiden ein kr\u00e4ftiges Donnerwetter \u2013 das hat gefruchtet. Bei den Deutschen Meisterschaften konnten sie ihre Topform dann endlich unter Beweis stellen. Sie z\u00e4hlen f\u00fcr mich bei der WM zu den absoluten Favoriten.\u201c<\/p>\n<p>Auf der klassischen Distanz gehen die Boote Schmitz &#8211; Nies und Br\u00fccker \u2013 Weber mit Medaillenchancen an den Start. Zudem hat Weber auch im C1 das Potential, ganz nach oben auf das Podest fahren. Der Bundestrainer hofft indes, dass \u201eNormen die Doppelbelastung gut wegsteckt und nicht zu m\u00fcde in die Wettk\u00e4mpfe startet.\u201c<\/p>\n<p>F\u00fcr ein Novum bei den Weltmeisterschaften k\u00f6nnte Altmeister Stephan Stiefenh\u00f6fer sorgen: Er ist der erster Sportler der versucht in der drei Disziplinen einen WM-Medaille zu gewinnen: Nachdem er bei vorangegangen Weltmeisterschaften schon Medaillen in den Kategorien C1 und K1 sammelte, geht er in La Plagne zusammen mit Guido Wahl an den Start. Die Trainer trauen dem K\u00f6lner Duo zu, in die Mannschaft zu fahren und dort eine Medaille zu gewinnen.<\/p>\n<p>Bundestrainer Gregor Simon sieht eine Woche vor Wettkampfbeginn sein Team gut ger\u00fcstet: \u201eIch bin sicher, dass wir gut aufgestellt sind bei der WM, auch wenn wir im Sprint noch nicht so gut mithalten k\u00f6nnen wie in den Klassikdisziplinen.\u201c<\/p>\n<p>Zu den Hauptkonkurrenten des Deutschen Teams z\u00e4hlen laut Teammanagerin Gawehn die Franzosen, \u201edie ihren enormen Heimvorteil nat\u00fcrlich ausspielen wollen.\u201c Zudem wollen die \u00fcblichen Verd\u00e4chtigen aus Italien, Tschechien und Slowenien das deutsche Team stoppen.<\/p>\n<p>Die Rennen starten am Mittwoch mit den Einzelrennen \u00fcber die Classicdisziplin, Donnerstag folgen die Mannschaftsrennen, ehe Freitag ein Ruhetag ansteht. Samstag (Einzel) und Sonntag (Mannschaft) k\u00e4mpfen dann die Sprinter um WM-Medaillen. Alle Infos und Berichte zum deutschen Team werden zeitnah unter <a href=\"http:\/\/www.kanu-wildwasser.de\/\">www.kanu-wildwasser.de<\/a> \/ Service \/ Ergebnisse International 2012 eingestellt.<\/p>\n<p>Weitere Informationen zu den Weltmeisterschaften, sowie Zeitpl\u00e4ne gibt es auf der Homepage des Veranstalters unter <a href=\"http:\/\/www.laplagnecanoe2012.com\/\">http:\/\/www.laplagnecanoe2012.com\/<\/a><\/p>\n<p><strong><span style=\"text-decoration: underline;\">WM-Aufgebot Deutschland:<\/span><\/strong><\/p>\n<p>K1 Herren:<\/p>\n<ul>\n<li>Tobias Bong (RKC K\u00f6ln)<\/li>\n<li>Achim Overbeck (PSV Braunschweig)<\/li>\n<li>Marc R\u00f6sner (KC Altrip)<\/li>\n<li>Bj\u00f6rn Beerschwenger (RKC K\u00f6ln)<\/li>\n<\/ul>\n<p>K1 Damen:<\/p>\n<ul>\n<li>Alke Overbeck (KG Celle)<\/li>\n<li>Manuela St\u00f6berl (KK Rosenheim)<\/li>\n<li>Sabine F\u00fc\u00dfer (KS Augsburg)<\/li>\n<li>Maria Hollerieth (KK Rosenheim)<\/li>\n<\/ul>\n<p>C1 Herren:<\/p>\n<ul>\n<li>Normen Weber (KS Augsburg)<\/li>\n<li>Tim Heilinger (RKC K\u00f6ln)<\/li>\n<li>Julian Rohn (PSV Braunschweig)<\/li>\n<\/ul>\n<p>C2 Herren:<\/p>\n<ul>\n<li>Maik Schmitz\u00c2\u00a0 &#8211; Mathias Nies (RG NRW)<\/li>\n<li>Normen Weber \u2013 Rene Br\u00fccker (RG Deutschland)<\/li>\n<li>Johannes Baumann &#8211; Lars Walter (KC Fulda)<\/li>\n<li>Stephan Stiefenh\u00f6fer \u2013 Guido Wahl (BW K\u00f6ln)<\/li>\n<\/ul>\n<p>Betreuer:<\/p>\n<ul>\n<li>Michael Fey, Physiotherapeut<\/li>\n<li>Stefanie K\u00fcpper, Osteopathin<\/li>\n<li>Karl-Friedrich Schneider, Disziplintrainer Canadier<\/li>\n<li>Gregor Simon, Bundestrainer<\/li>\n<li>\u00c2\u00a0Manuela Gawehn, Team Leader<\/li>\n<\/ul>\n<p>&nbsp;<\/p>\n<p><strong><span style=\"text-decoration: underline;\">WM-Splitter:<\/span><\/strong><\/p>\n<ul>\n<li>Masters Cup: Freitag, 29.06 wird der MasterCup ausgetragen. Hierbei handelt es sich um einen offenes Rennen f\u00fcr Altersklassesportler \u00fcber 35.<\/li>\n<li>Schulprogramm: W\u00e4hrend der WM-Woche gibt es ein spezielles Programm f\u00fcr die Schulen im Austragungsort. Anstatt Unterricht steht f\u00fcr die ortsans\u00e4ssigen Sch\u00fcler Rafting und Zuschauen bei den Rennen auf dem Stundenplan.<\/li>\n<\/ul>\n<p>&nbsp;<\/p>\n","protected":false},"excerpt":{"rendered":"<div class=\"tmnf_excerpt\"><p>La Plagne \/ Frankreich (dp) Mit gro\u00dfen Ambitionen geht das Team des Deutschen-Kanu-Verbandes (DKV) ab Dienstag bei den Weltmeisterschaften im Wildwasserrennsport in La Plagne (Frankreich) an den Start. Acht Medaillen sind die Vorgabe von Teammanagerin Manuela Gawehn, davon zwei Goldene seien realistisch. Zu den Topfavoriten aus Deutscher Sicht z\u00e4hlen Tobias Bong im Kajak Einer (K1), &hellip;<\/p>\n<\/div>","protected":false},"author":1,"featured_media":0,"comment_status":"closed","ping_status":"closed","sticky":false,"template":"","format":"standard","meta":{"footnotes":""},"categories":[1,46],"tags":[],"class_list":["post-99762","post","type-post","status-publish","format-standard","hentry","category-startseite","category-sport"],"_links":{"self":[{"href":"https:\/\/www.fuldaernachrichten.de\/index.php?rest_route=\/wp\/v2\/posts\/99762","targetHints":{"allow":["GET"]}}],"collection":[{"href":"https:\/\/www.fuldaernachrichten.de\/index.php?rest_route=\/wp\/v2\/posts"}],"about":[{"href":"https:\/\/www.fuldaernachrichten.de\/index.php?rest_route=\/wp\/v2\/types\/post"}],"author":[{"embeddable":true,"href":"https:\/\/www.fuldaernachrichten.de\/index.php?rest_route=\/wp\/v2\/users\/1"}],"replies":[{"embeddable":true,"href":"https:\/\/www.fuldaernachrichten.de\/index.php?rest_route=%2Fwp%2Fv2%2Fcomments&post=99762"}],"version-history":[{"count":1,"href":"https:\/\/www.fuldaernachrichten.de\/index.php?rest_route=\/wp\/v2\/posts\/99762\/revisions"}],"predecessor-version":[{"id":99765,"href":"https:\/\/www.fuldaernachrichten.de\/index.php?rest_route=\/wp\/v2\/posts\/99762\/revisions\/99765"}],"wp:attachment":[{"href":"https:\/\/www.fuldaernachrichten.de\/index.php?rest_route=%2Fwp%2Fv2%2Fmedia&parent=99762"}],"wp:term":[{"taxonomy":"category","embeddable":true,"href":"https:\/\/www.fuldaernachrichten.de\/index.php?rest_route=%2Fwp%2Fv2%2Fcategories&post=99762"},{"taxonomy":"post_tag","embeddable":true,"href":"https:\/\/www.fuldaernachrichten.de\/index.php?rest_route=%2Fwp%2Fv2%2Ftags&post=99762"}],"curies":[{"name":"wp","href":"https:\/\/api.w.org\/{rel}","templated":true}]}}