{"id":99761,"date":"2012-06-25T00:11:02","date_gmt":"2012-06-25T00:11:02","guid":{"rendered":"http:\/\/www.fuldaer-nachrichten.de\/?p=99761"},"modified":"2012-06-25T07:14:54","modified_gmt":"2012-06-25T07:14:54","slug":"gedachtnistrainer-mit-zertifikat-ausbildungsgang-im-bonifatiushaus-beendet","status":"publish","type":"post","link":"https:\/\/www.fuldaernachrichten.de\/?p=99761","title":{"rendered":"Ged\u00e4chtnistrainer mit Zertifikat &#8211; Ausbildungsgang im Bonifatiushaus beendet"},"content":{"rendered":"<p>Fulda. \u201eWer rastet, der rostet\u201c \u2013 dies gilt nicht nur f\u00fcr die k\u00f6rperliche, sondern auch f\u00fcr die geistige Fitness.<br \/>\nRegelm\u00e4\u00dfiges Ged\u00e4chtnistraining tr\u00e4gt zu einer Steigerung der Gehirnleistung und der Lebensqualit\u00e4t bei, das belegen\u00c2\u00a0 wissenschaftliche Untersuchungen gleicherma\u00dfen wie die allt\u00e4glichen Erfahrungen vieler Menschen. Der Bedarf an qualifizierten Trainerinnen und Trainern steigt. Einerseits wegen der zunehmenden Zahl \u00e4lterer Menschen andererseits wegen des wachsenden Bewusstseins \u00fcber die Vorteile eines guten Ged\u00e4chtnisses und der Beherrschung von Merk- und Konzentrationstechniken in Alltag, Schule, Studium und Beruf.<!--more--><br \/>\nDie Diplom-P\u00e4dagogin\u00c2\u00a0 Regina Schepe, Paderborn, ist Ged\u00e4chtnistrainerin und bildet in ihrer Funktion als Referentin des Bundesverbandes Ged\u00e4chtnistraining e.V. Interessierte zu Ged\u00e4chtnistrainer aus. Die Ausbildungsteilnehmer lernen Ansatz\u00c2\u00a0 und Umsetzung des Ganzheitlichen Ged\u00e4chtnistrainings in Theorie und Praxis kennen. Der Einsatz liegt in Bereichen der Kinder-, Jugend-, Erwachsenen- und Altenarbeit sowie in Pr\u00e4vention, Rehabilitation und Pflege. Zielgruppe der Ausbildung sind sowohl haupt- als auch ehrenamtlich T\u00e4tige.<\/p>\n<p>Bereits zum dritten Mal wurde im Bonifatiushaus in Fulda eine Ausbildung zum Ged\u00e4chtnistrainer durchgef\u00fchrt und erfolgreich beendet. Die Teilnehmer zeigten in praktischen Lehrproben in Einrichtungen des Betreuten Wohnens, im Altenheim und in einer Schule gelungene Umsetzungen dessen, was sie\u00c2\u00a0 in der Ausbildung gelernt hatten. Anschlie\u00dfend erhielten alle Teilnehmer des Kurses aus der Hand des Akademiedirektors, Gunter Geiger, die Zertifikate des Bundesverbandes Ged\u00e4chtnistraining e.V.<\/p>\n<p>\u201eIch habe viel erfahren \u00fcber Hirnfunktionen, \u00fcber Trainingsziele und dar\u00fcber, wie ein effektives Ged\u00e4chtnistraining gestaltet wird,\u201c res\u00fcmiert eine Teilnehmerin. \u201eHierdurch f\u00fchle ich mich gut ger\u00fcstet und freue mich auf eine abwechslungsreiche, vielf\u00e4ltige Arbeit als Ged\u00e4chtnistrainerin mit Zielgruppen von jung bis alt.\u201c<\/p>\n<p>Die n\u00e4chste Ausbildung zum Ged\u00e4chtnistrainer beginnt im November 2012 im Bonifatiushaus in Fulda. N\u00e4here Informationen dazu erhalten Sie im Bonifatiushaus bei Frau Michel unter Telefon 0661 \u2013 8398-114, auf der Homepage unter www.bonifatiushaus.de oder per Mail an oeffentlichkeitsarbeit@bonifatiushaus.de<\/p>\n","protected":false},"excerpt":{"rendered":"<div class=\"tmnf_excerpt\"><p>Fulda. \u201eWer rastet, der rostet\u201c \u2013 dies gilt nicht nur f\u00fcr die k\u00f6rperliche, sondern auch f\u00fcr die geistige Fitness. Regelm\u00e4\u00dfiges Ged\u00e4chtnistraining tr\u00e4gt zu einer Steigerung der Gehirnleistung und der Lebensqualit\u00e4t bei, das belegen\u00c2\u00a0 wissenschaftliche Untersuchungen gleicherma\u00dfen wie die allt\u00e4glichen Erfahrungen vieler Menschen. Der Bedarf an qualifizierten Trainerinnen und Trainern steigt. Einerseits wegen der zunehmenden Zahl &hellip;<\/p>\n<\/div>","protected":false},"author":1,"featured_media":0,"comment_status":"closed","ping_status":"closed","sticky":false,"template":"","format":"standard","meta":{"footnotes":""},"categories":[1,53],"tags":[],"class_list":["post-99761","post","type-post","status-publish","format-standard","hentry","category-startseite","category-bildung"],"_links":{"self":[{"href":"https:\/\/www.fuldaernachrichten.de\/index.php?rest_route=\/wp\/v2\/posts\/99761","targetHints":{"allow":["GET"]}}],"collection":[{"href":"https:\/\/www.fuldaernachrichten.de\/index.php?rest_route=\/wp\/v2\/posts"}],"about":[{"href":"https:\/\/www.fuldaernachrichten.de\/index.php?rest_route=\/wp\/v2\/types\/post"}],"author":[{"embeddable":true,"href":"https:\/\/www.fuldaernachrichten.de\/index.php?rest_route=\/wp\/v2\/users\/1"}],"replies":[{"embeddable":true,"href":"https:\/\/www.fuldaernachrichten.de\/index.php?rest_route=%2Fwp%2Fv2%2Fcomments&post=99761"}],"version-history":[{"count":0,"href":"https:\/\/www.fuldaernachrichten.de\/index.php?rest_route=\/wp\/v2\/posts\/99761\/revisions"}],"wp:attachment":[{"href":"https:\/\/www.fuldaernachrichten.de\/index.php?rest_route=%2Fwp%2Fv2%2Fmedia&parent=99761"}],"wp:term":[{"taxonomy":"category","embeddable":true,"href":"https:\/\/www.fuldaernachrichten.de\/index.php?rest_route=%2Fwp%2Fv2%2Fcategories&post=99761"},{"taxonomy":"post_tag","embeddable":true,"href":"https:\/\/www.fuldaernachrichten.de\/index.php?rest_route=%2Fwp%2Fv2%2Ftags&post=99761"}],"curies":[{"name":"wp","href":"https:\/\/api.w.org\/{rel}","templated":true}]}}