{"id":9974,"date":"2008-06-19T00:38:37","date_gmt":"2008-06-18T22:38:37","guid":{"rendered":"http:\/\/www.schoene-nachrichten.de\/?p=9974"},"modified":"2008-06-18T22:19:45","modified_gmt":"2008-06-18T20:19:45","slug":"floristinnen-stellen-ihre-praktischen-arbeiten-im-schlosstheater-aus","status":"publish","type":"post","link":"https:\/\/www.fuldaernachrichten.de\/?p=9974","title":{"rendered":"Floristinnen stellen ihre praktischen Arbeiten im Schlosstheater aus"},"content":{"rendered":"<p><strong>Fulda.<\/strong> Am Samstag, dem 21., und am Sonntag, dem 22. Juni pr\u00e4sentiert die Industrie- und Handelskammer Fulda (IHK) von 11:00 bis 18:00 Uhr die praktischen Arbeiten der angehenden Floristinnen im Schlosstheater in Fulda. In diesem stilvollen Rahmen haben die Pr\u00fcflinge einen Tag vorher ihr K\u00f6nnen unter Beweis gestellt und dem Foyer mit ihren floralen Werken eine ganz besondere Note verliehen. <!--more--><\/p>\n<p>\u201eDie Ausbildung ist nach wie vor eine bew\u00e4hrte Eintrittskarte ins Berufsleben\u201c, betont Maria P\u00fctz, Ausbildungsberaterin bei der IHK. \u201eDie Pr\u00e4sentation will einen Beitrag dazu leisten, den Beruf und das T\u00e4tigkeitsfeld der Floristen der \u00d6ffentlichkeit n\u00e4herzubringen. Gleichzeitig wird so die Arbeit der Azubis und die Ausbildungsleistung der Betriebe gew\u00fcrdigt, die diese anspruchsvolle und betreuungsintensive Ausbildung anbieten\u201c, erl\u00e4utert P\u00fctz \u2013 eine gute Plattform f\u00fcr die Nachwuchsf\u00f6rderung.<\/p>\n<p>Alle interessierten Besucher sind herzlich willkommen, die kostenlose Ausstellung zu besuchen. Sie lernen die aktuellen Trends der Branche kennen und erhalten Anregungen, wie sie ihr eigenes Heim versch\u00f6nern k\u00f6nnen. Nicht zuletzt verdient es die verg\u00e4ngliche Bl\u00fctenpracht, von m\u00f6glichst vielen Augen bewundert zu werden.<\/p>\n<p>\u00dcbrigens: 2007 kam die deutschlandweit beste Floristin aus Fulda. Kristin Bernhard, ehemalige Auszubildende aus dem Blumenfachgesch\u00e4ft \u201eIm Blument\u00f6pfchen\u201c in Poppenhausen gl\u00e4nzte mit 97 Punkten und wurde mit weiteren 230 Top-Absolventen aus den IHK-Berufen im Berliner Palais am Funkturm f\u00fcr ihre herausragenden Leistungen gefeiert. Pr\u00e4sident Ludwig-Georg Braun, Pr\u00e4sident des Deutschen Industrie- und Handelskammertages (DIHK), und Annette Schavan, Bundesministerin f\u00fcr Bildung und Forschung, \u00fcberreichten Pokale und Urkunden.<\/p>\n","protected":false},"excerpt":{"rendered":"<div class=\"tmnf_excerpt\"><p>Fulda. Am Samstag, dem 21., und am Sonntag, dem 22. Juni pr\u00e4sentiert die Industrie- und Handelskammer Fulda (IHK) von 11:00 bis 18:00 Uhr die praktischen Arbeiten der angehenden Floristinnen im Schlosstheater in Fulda. In diesem stilvollen Rahmen haben die Pr\u00fcflinge einen Tag vorher ihr K\u00f6nnen unter Beweis gestellt und dem Foyer mit ihren floralen Werken &hellip;<\/p>\n<\/div>","protected":false},"author":1,"featured_media":0,"comment_status":"closed","ping_status":"closed","sticky":false,"template":"","format":"standard","meta":{"footnotes":""},"categories":[1],"tags":[],"class_list":["post-9974","post","type-post","status-publish","format-standard","hentry","category-startseite"],"_links":{"self":[{"href":"https:\/\/www.fuldaernachrichten.de\/index.php?rest_route=\/wp\/v2\/posts\/9974","targetHints":{"allow":["GET"]}}],"collection":[{"href":"https:\/\/www.fuldaernachrichten.de\/index.php?rest_route=\/wp\/v2\/posts"}],"about":[{"href":"https:\/\/www.fuldaernachrichten.de\/index.php?rest_route=\/wp\/v2\/types\/post"}],"author":[{"embeddable":true,"href":"https:\/\/www.fuldaernachrichten.de\/index.php?rest_route=\/wp\/v2\/users\/1"}],"replies":[{"embeddable":true,"href":"https:\/\/www.fuldaernachrichten.de\/index.php?rest_route=%2Fwp%2Fv2%2Fcomments&post=9974"}],"version-history":[{"count":0,"href":"https:\/\/www.fuldaernachrichten.de\/index.php?rest_route=\/wp\/v2\/posts\/9974\/revisions"}],"wp:attachment":[{"href":"https:\/\/www.fuldaernachrichten.de\/index.php?rest_route=%2Fwp%2Fv2%2Fmedia&parent=9974"}],"wp:term":[{"taxonomy":"category","embeddable":true,"href":"https:\/\/www.fuldaernachrichten.de\/index.php?rest_route=%2Fwp%2Fv2%2Fcategories&post=9974"},{"taxonomy":"post_tag","embeddable":true,"href":"https:\/\/www.fuldaernachrichten.de\/index.php?rest_route=%2Fwp%2Fv2%2Ftags&post=9974"}],"curies":[{"name":"wp","href":"https:\/\/api.w.org\/{rel}","templated":true}]}}