{"id":99729,"date":"2012-06-25T00:12:15","date_gmt":"2012-06-25T00:12:15","guid":{"rendered":"http:\/\/www.fuldaer-nachrichten.de\/?p=99729"},"modified":"2012-06-25T06:56:52","modified_gmt":"2012-06-25T06:56:52","slug":"112-deutsche-wandertag-zog-30-000-gaste-nach-brandenburg","status":"publish","type":"post","link":"https:\/\/www.fuldaernachrichten.de\/?p=99729","title":{"rendered":"112. Deutsche Wandertag zog 30.000 G\u00e4ste nach Brandenburg"},"content":{"rendered":"<p><a href=\"http:\/\/www.fuldaer-nachrichten.de\/wp-content\/uploads\/2012\/06\/DWT-Platzeck.jpg\"><img fetchpriority=\"high\" decoding=\"async\" class=\"alignleft size-thumbnail wp-image-99731\" title=\"DWT Platzeck\" src=\"http:\/\/www.fuldaer-nachrichten.de\/wp-content\/uploads\/2012\/06\/DWT-Platzeck-265x264.jpg\" alt=\"\" width=\"265\" height=\"264\" srcset=\"https:\/\/www.fuldaernachrichten.de\/wp-content\/uploads\/2012\/06\/DWT-Platzeck-265x265.jpg 265w, https:\/\/www.fuldaernachrichten.de\/wp-content\/uploads\/2012\/06\/DWT-Platzeck.jpg 600w\" sizes=\"(max-width: 265px) 100vw, 265px\" \/><\/a>Bad Belzig. Brandenburgs Ministerpr\u00e4sident Matthias Platzeck sagte, dass es eine so gro\u00dfe Veranstaltung in Brandenburg noch nicht gegeben habe. Das weltweit gr\u00f6\u00dfte Wanderfest wird dem Schirmherrn des Deutschen Wandertages zufolge dem Wandertourismus in Brandenburg einen nachhaltigen Schub verleihen. Platzeck: \u201eDer Wandertag birgt eine gro\u00dfe Chance f\u00fcr die Fl\u00e4ming-Region. Die Zehntausenden G\u00e4ste aus ganz Deutschland und umliegenden Nachbarl\u00e4ndern k\u00f6nnen als Botschafter des Wanderlandes Brandenburg in ihre Heimat zur\u00fcckkehren und somit dem Tourismus hier bei uns einen wichtigen Schub geben.\u201c Eine gro\u00dfe Rolle spielen dabei laut dem Ministerpr\u00e4sident die hochwertigen Angebote im Fl\u00e4ming. So sei der vom Deutschen Wanderverband zertifizierte Qualit\u00e4tswanderweg wichtig f\u00fcr die Destinationsentscheidung von Touristen. Insgesamt gebe es \u00fcber 2.000 Kilometer ausgeschilderte Wanderwege in Brandenburg. Platzeck: \u201eDie M\u00f6glichkeiten, auf Schusters Rappen unser sch\u00f6nes Land zu erkunden, sind nahezu unersch\u00f6pflich.\u201c <!--more--><\/p>\n<p>Ein H\u00f6hepunkt der Gro\u00dfveranstaltung war der Festumzug am Sonntag, an dem rund 12.000 Wanderer aus ganz Deutschland teilnahmen. Begeistert waren die Wandertagsbesucher auch vom feierlichen Einzug der Wimpelgruppe des\u00c2\u00a0 Wiehengebirgsverbandes. Die Wanderer waren rund 500 Kilometer von Melle, wo der Deutsche Wandertag im vergangenen Jahr stattgefunden hat, nach Bad Belzig gewandert, um den Wimpel in die neue Wanderhauptstadt zu bringen. Unter dem Jubel der Wandertagsbesucher \u00fcbergaben die Wanderer den Wimpel auf dem Marktplatz von Bad Belzig an den Pr\u00e4sident des Deutschen Wanderverbandes (DWV), Dr. Hans-Ulrich Rauchfu\u00df. Der Wandertagswimpel ist das \u201eOlympische Feuer\u201c des Deutschen Wandertages. Er wird\u00c2\u00a0 traditionell von Vertretern des Wandervereines der Region, in der das Gro\u00dfereignis im Vorjahr stattgefunden hat, zum Austragungsort des kommenden Wandertages zu Fu\u00df gebracht. Rauchfu\u00df sagte, dass das Wandertagsmotto \u201eZu Gast bei Wanderfreunden\u201c im Fl\u00e4ming mit Leben erf\u00fcllt worden sei. Rauchfu\u00df: \u201eDie Gastfreundschaft in der Region wird viele G\u00e4ste dazu bewegen, den Fl\u00e4ming mehrmals zu besuchen.\u201c<\/p>\n<p>Auch der DWV-Pr\u00e4sident rechnet mit einer nachhaltigen Belebung des Wandertourismus in der Region. Rauchfu\u00df: \u201eF\u00fcr den Wandertag sind viele attraktive Wanderrouten entwickelt und ausgezeichnet worden sowie 150 Aktivangebote und es gab 500 gef\u00fchrte Besichtigungen \u2013 ein ideales Fundament f\u00fcr einen lebendigen Wandertourismus auch in der Zukunft.\u201c<\/p>\n<p><a href=\"http:\/\/www.fuldaer-nachrichten.de\/wp-content\/uploads\/2012\/06\/DWT2012Umzug.jpg\"><img decoding=\"async\" class=\"alignleft size-thumbnail wp-image-99732\" title=\"DWT2012Umzug\" src=\"http:\/\/www.fuldaer-nachrichten.de\/wp-content\/uploads\/2012\/06\/DWT2012Umzug-265x168.jpg\" alt=\"\" width=\"265\" height=\"168\" srcset=\"https:\/\/www.fuldaernachrichten.de\/wp-content\/uploads\/2012\/06\/DWT2012Umzug-265x168.jpg 265w, https:\/\/www.fuldaernachrichten.de\/wp-content\/uploads\/2012\/06\/DWT2012Umzug.jpg 600w\" sizes=\"(max-width: 265px) 100vw, 265px\" \/><\/a>Die Veranstalter des 112 Deutschen Wandertages waren ebenfalls zufrieden. Traugott Heinemann-Gr\u00fcder, Gesch\u00e4ftsf\u00fchrer\u00c2\u00a0 des Tourismusverband\u00c2\u00a0 Fl\u00e4ming: \u201eDas Beherbergungswesen hat schon heute sehr profitiert.\u201c Laut Heinemann-Gr\u00fcder\u00c2\u00a0 sind die \u00dcbernachtungszahlen mit Einsetzen der bundesweiten Werbung f\u00fcr das Gro\u00dfereignis um acht Prozent gestiegen. Davor h\u00e4tten die Zahlen mehr oder weniger stagniert. Der Vorsitzende des M\u00e4rkischen Wanderbundes Fl\u00e4ming-Havelland, Lothar Koch, sagte in Bad Belzig, dass der Wandertourismus mit dem Wandertag einen Qualit\u00e4tssprung erlebt habe. Koch: \u201eWir haben 76 Wanderleiter und 114 Wanderbegleiter nach den anspruchsvollen Richtlinien des Deutschen Wanderverbandes ausgebildet. Diese Kompetenz kommt der gesamten Region in den kommenden Jahren sicher zugute.\u201c<\/p>\n<p>Traditionell findet w\u00e4hrend des Wandertages die Jahreshauptversammlung des Deutschen Wanderverbandes statt. W\u00e4hrend der diesj\u00e4hrigen Versammlung wurde der Wanderverband S\u00e4chsische Schweiz als 58. Gebietsverein im DWV aufgenommen. Ute Dicks, DWV-Gesch\u00e4ftsf\u00fchrerin: \u201eDamit sind nun nahezu alle deutschen Gebietsvereine unter dem Dach des Deutschen Wanderverbandes vereint.\u201c Ebenfalls zugestimmt hat die Versammlung der Einf\u00fchrung einer DWV-Mitgliederkarte. Inhaber dieser Karte werden in Zukunft u.a. von erm\u00e4\u00dfigten Preisen f\u00fcr Wanderunterk\u00fcnfte des Verbandes profitieren.<\/p>\n<p>Der Deutsche Wanderverband\u00c2\u00a0 veranstaltet einmal im Jahr gemeinsam mit einem Mitgliedsverein und regionalen Partnern den Deutschen Wandertag. Er gilt als weltweit gr\u00f6\u00dftes Wanderfest, zu dem j\u00e4hrlich bis zu 50.000 G\u00e4ste kommen. W\u00e4hrend des Wandertages finden traditionell diverse Fachtagungen, Vorstandssitzungen und die Jahreshauptversammlung des Deutschen Wanderverbandes statt. Der H\u00f6hepunkt ist f\u00fcr viele Besucher der Festumzug, an dem bis zu 20.000 Wanderer aus ganz Deutschland teilnehmen. Der Deutsche Wandertag 2013 findet vom 26. Juni bis zum 1.Juli 2013 in Oberstdorf im Allg\u00e4u statt. Der Harzklub l\u00e4dt vom 13. bis 18. August 2014 nach Bad Harzburg und in den Harz ein.<\/p>\n","protected":false},"excerpt":{"rendered":"<div class=\"tmnf_excerpt\"><p>Bad Belzig. Brandenburgs Ministerpr\u00e4sident Matthias Platzeck sagte, dass es eine so gro\u00dfe Veranstaltung in Brandenburg noch nicht gegeben habe. Das weltweit gr\u00f6\u00dfte Wanderfest wird dem Schirmherrn des Deutschen Wandertages zufolge dem Wandertourismus in Brandenburg einen nachhaltigen Schub verleihen. Platzeck: \u201eDer Wandertag birgt eine gro\u00dfe Chance f\u00fcr die Fl\u00e4ming-Region. Die Zehntausenden G\u00e4ste aus ganz Deutschland und &hellip;<\/p>\n<\/div>","protected":false},"author":1,"featured_media":0,"comment_status":"closed","ping_status":"closed","sticky":false,"template":"","format":"standard","meta":{"footnotes":""},"categories":[1,52],"tags":[],"class_list":["post-99729","post","type-post","status-publish","format-standard","hentry","category-startseite","category-umwelt"],"_links":{"self":[{"href":"https:\/\/www.fuldaernachrichten.de\/index.php?rest_route=\/wp\/v2\/posts\/99729","targetHints":{"allow":["GET"]}}],"collection":[{"href":"https:\/\/www.fuldaernachrichten.de\/index.php?rest_route=\/wp\/v2\/posts"}],"about":[{"href":"https:\/\/www.fuldaernachrichten.de\/index.php?rest_route=\/wp\/v2\/types\/post"}],"author":[{"embeddable":true,"href":"https:\/\/www.fuldaernachrichten.de\/index.php?rest_route=\/wp\/v2\/users\/1"}],"replies":[{"embeddable":true,"href":"https:\/\/www.fuldaernachrichten.de\/index.php?rest_route=%2Fwp%2Fv2%2Fcomments&post=99729"}],"version-history":[{"count":0,"href":"https:\/\/www.fuldaernachrichten.de\/index.php?rest_route=\/wp\/v2\/posts\/99729\/revisions"}],"wp:attachment":[{"href":"https:\/\/www.fuldaernachrichten.de\/index.php?rest_route=%2Fwp%2Fv2%2Fmedia&parent=99729"}],"wp:term":[{"taxonomy":"category","embeddable":true,"href":"https:\/\/www.fuldaernachrichten.de\/index.php?rest_route=%2Fwp%2Fv2%2Fcategories&post=99729"},{"taxonomy":"post_tag","embeddable":true,"href":"https:\/\/www.fuldaernachrichten.de\/index.php?rest_route=%2Fwp%2Fv2%2Ftags&post=99729"}],"curies":[{"name":"wp","href":"https:\/\/api.w.org\/{rel}","templated":true}]}}