{"id":99725,"date":"2012-06-25T00:14:27","date_gmt":"2012-06-25T00:14:27","guid":{"rendered":"http:\/\/www.fuldaer-nachrichten.de\/?p=99725"},"modified":"2012-06-25T06:50:50","modified_gmt":"2012-06-25T06:50:50","slug":"pietat-traud-beraten-begleiten-betreuen","status":"publish","type":"post","link":"https:\/\/www.fuldaernachrichten.de\/?p=99725","title":{"rendered":"Piet\u00e4t Traud &#8211; beraten, begleiten, betreuen"},"content":{"rendered":"<p><a href=\"http:\/\/www.fuldaer-nachrichten.de\/wp-content\/uploads\/2012\/06\/043.jpg\"><img decoding=\"async\" class=\"alignleft size-thumbnail wp-image-99726\" title=\"043\" src=\"http:\/\/www.fuldaer-nachrichten.de\/wp-content\/uploads\/2012\/06\/043-265x177.jpg\" alt=\"\" width=\"265\" height=\"177\" srcset=\"https:\/\/www.fuldaernachrichten.de\/wp-content\/uploads\/2012\/06\/043-265x177.jpg 265w, https:\/\/www.fuldaernachrichten.de\/wp-content\/uploads\/2012\/06\/043.jpg 600w\" sizes=\"(max-width: 265px) 100vw, 265px\" \/><\/a>Neuhof. Ganz gleich ob ein Todesfall \u00fcberraschend eintritt oder Sie darauf vorbereitet sind, der Verlust eines geliebten Menschen ist immer ein schmerzliches Ereignis f\u00fcr die Angeh\u00f6rigen. Sie bleiben oft mit einem Gef\u00fchl von innerer Leere und Hilflosigkeit zur\u00fcck. Gerade dann\u00c2\u00a0 gibt es\u00c2\u00a0 so vieles zu bedenken und zahlreiche Entscheidungen m\u00fcssen getroffen werden. In dieser schweren Zeit steht &#8220;Piet\u00e4t Traud&#8221; nun auch in Neuhof zur Seite.<!--more--><\/p>\n<p>Seit zwei Jahren gibt es Piet\u00e4t Traud bereits in Niederkalbach, am 1.7.2012 wird nun in der Rommerzer Stra\u00dfe 10 in Neuhof ein weiterer Standort er\u00f6ffnet. Nach der feierlichen Segnung sind die R\u00e4umlichkeiten von 14 bis 18 Uhr f\u00fcr alle Interessierten ge\u00f6ffnet. Dann gibt es auch Informationen zur Feuer-, See- und Waldbestattung und alle anderen Produkte und Dienstleistungen. Darunter auch wertvoller Schmuck mit dem Fingerabdruck eines unvergesslichen Menschen \u2013 als besondere Erinnerung.<\/p>\n<p>\u201eWir m\u00f6chten die Angeh\u00f6rigen in dieser schweren Zeit des Todes begleiten und Ihnen hilfreich zur Seite stehen\u201c, erl\u00e4utert <strong>David Traud<\/strong>. Dabei \u00fcbernimmt Piet\u00e4t Traud die vielen Beh\u00f6rden- und Amtsg\u00e4nge, die in dieser Zeit anstehen. Zus\u00e4tzlich zu dieser Unterst\u00fctzung bietet Piet\u00e4t Traud die gesamte Organisation der Bestattung an und h\u00e4lt eine umfangreiche Sarg- und Urnenausstellung bereit. Bei einem Beratungsgespr\u00e4ch wird der Ablauf individuell besprochen, wobei Piet\u00e4t Traud auch gerne zu den Kunden nach Hause kommt. \u201eBesonders wichtig ist es mir, dabei zu helfen einem Verstorbenen den letzten w\u00fcrdevollen Dienst zu erweisen\u201c, erkl\u00e4rt Inhaber\u00c2\u00a0<strong>David Traud<\/strong>, der auch die Spezialausbildung zum Rompc\u00c2\u00ae Trauerbegleiter erfolgreich bestanden hat.<\/p>\n<p>Ab sofort wird jeden Dienstag von 17 bis 18 Uhr eine kostenlose, unverbindliche Beratung angeboten. Piet\u00e4t Traud finden Sie in der Rommerzer Stra\u00dfe 10 in 36119 Neuhof und in der Waldstra\u00dfe 44 in 36148 Kalbach-Niederkalbach, telefonisch ist Piet\u00e4t Traud\u00c2\u00a0 jederzeit erreichbar unter (06655) 9861-22.\u00c2\u00a0<a href=\"http:\/\/www.piet\u00e4t-traud.de\" target=\"_blank\">www.piet\u00e4t-traud.de<\/a><\/p>\n","protected":false},"excerpt":{"rendered":"<div class=\"tmnf_excerpt\"><p>Neuhof. Ganz gleich ob ein Todesfall \u00fcberraschend eintritt oder Sie darauf vorbereitet sind, der Verlust eines geliebten Menschen ist immer ein schmerzliches Ereignis f\u00fcr die Angeh\u00f6rigen. Sie bleiben oft mit einem Gef\u00fchl von innerer Leere und Hilflosigkeit zur\u00fcck. Gerade dann\u00c2\u00a0 gibt es\u00c2\u00a0 so vieles zu bedenken und zahlreiche Entscheidungen m\u00fcssen getroffen werden. In dieser schweren &hellip;<\/p>\n<\/div>","protected":false},"author":1,"featured_media":0,"comment_status":"closed","ping_status":"closed","sticky":false,"template":"","format":"standard","meta":{"footnotes":""},"categories":[1,29],"tags":[],"class_list":["post-99725","post","type-post","status-publish","format-standard","hentry","category-startseite","category-politik"],"_links":{"self":[{"href":"https:\/\/www.fuldaernachrichten.de\/index.php?rest_route=\/wp\/v2\/posts\/99725","targetHints":{"allow":["GET"]}}],"collection":[{"href":"https:\/\/www.fuldaernachrichten.de\/index.php?rest_route=\/wp\/v2\/posts"}],"about":[{"href":"https:\/\/www.fuldaernachrichten.de\/index.php?rest_route=\/wp\/v2\/types\/post"}],"author":[{"embeddable":true,"href":"https:\/\/www.fuldaernachrichten.de\/index.php?rest_route=\/wp\/v2\/users\/1"}],"replies":[{"embeddable":true,"href":"https:\/\/www.fuldaernachrichten.de\/index.php?rest_route=%2Fwp%2Fv2%2Fcomments&post=99725"}],"version-history":[{"count":0,"href":"https:\/\/www.fuldaernachrichten.de\/index.php?rest_route=\/wp\/v2\/posts\/99725\/revisions"}],"wp:attachment":[{"href":"https:\/\/www.fuldaernachrichten.de\/index.php?rest_route=%2Fwp%2Fv2%2Fmedia&parent=99725"}],"wp:term":[{"taxonomy":"category","embeddable":true,"href":"https:\/\/www.fuldaernachrichten.de\/index.php?rest_route=%2Fwp%2Fv2%2Fcategories&post=99725"},{"taxonomy":"post_tag","embeddable":true,"href":"https:\/\/www.fuldaernachrichten.de\/index.php?rest_route=%2Fwp%2Fv2%2Ftags&post=99725"}],"curies":[{"name":"wp","href":"https:\/\/api.w.org\/{rel}","templated":true}]}}