{"id":99713,"date":"2012-06-24T00:09:31","date_gmt":"2012-06-24T00:09:31","guid":{"rendered":"http:\/\/www.fuldaer-nachrichten.de\/?p=99713"},"modified":"2012-06-24T08:45:10","modified_gmt":"2012-06-24T08:45:10","slug":"feierlicher-auftakt-fur-frankische-woche-eroffnungswochenende-der-6-frankischen-woche-am-30-juni-in-oberelsbach","status":"publish","type":"post","link":"https:\/\/www.fuldaernachrichten.de\/?p=99713","title":{"rendered":"Feierlicher Auftakt f\u00fcr Fr\u00e4nkische Woche &#8211; Er\u00f6ffnungswochenende am 30. Juni in Oberelsbach"},"content":{"rendered":"<p><a href=\"http:\/\/www.fuldaer-nachrichten.de\/wp-content\/uploads\/2012\/06\/Trachtenkinder_NEU_Presse.jpg\"><img fetchpriority=\"high\" decoding=\"async\" class=\"alignnone size-full wp-image-99714\" title=\"Trachtenkinder_NEU_Presse\" src=\"http:\/\/www.fuldaer-nachrichten.de\/wp-content\/uploads\/2012\/06\/Trachtenkinder_NEU_Presse.jpg\" alt=\"\" width=\"560\" height=\"409\" \/><\/a><\/p>\n<p>Oberelsbach. Einen besonders festlichen Rahmen genie\u00dfen Besucher der 6. Fr\u00e4nkischen Woche gleich zum Auftakt des Veranstaltungsreigens vom 30. Juni bis 08. Juli 2012. \u00c2\u00a0Das Er\u00f6ffnungswochenende wird in Oberelsbach in Verbindung mit den 1200-Jahr-Feierlichkeiten der Marktgemeinde sowie dem Fr\u00e4nkischen S\u00e4ngerbund gefeiert.<\/p>\n<p><strong>Am Samstag, 30. Juni<\/strong>, um 17:00 Uhr f\u00e4llt der offizielle Startschuss f\u00fcr die \u201eFr\u00e4nkische Woche 2012\u201c in der Katholischen Pfarrkirche St. Kilian in Oberelsbach. Gleich drei Jubil\u00e4en &#8211; 150 Jahre Fr\u00e4nkischer S\u00e4ngerbund, 50 Jahre Deutscher Chorverband und 90 Jahre S\u00e4ngerkreis Schweinfurt &#8211; werden mit einem <strong>Festkonzert<\/strong> gefeiert. Neben dem Gemischten Chor des SV Mellrichstadt, dem M\u00e4nnerchor der SG Bad Kissingen, dem Frauenchor Le Wodsche aus Stockheim und dem Kammerchor der Berufsfachschule f\u00fcr Musik Bad K\u00f6nigshofen wird auch das Streicherensemble der Berufsfachschule f\u00fcr Musik Bad K\u00f6nigshofen die Pfarrkirche zum Klingen bringen. Um 20:00 Uhr treten dann in der Elstalhalle bei einem <strong>Konzert junger Ch\u00f6re<\/strong> Formationen aus dem gesamten S\u00e4ngerkreis Schweinfurt auf.<\/p>\n<p>Der <strong>Sonntag,<\/strong> <strong>01. Juli,<\/strong> beginnt um 09:15 Uhr mit einer Kirchenparade mit anschlie\u00dfendem Gottesdienst in der Pfarrkirche in Oberelsbach, musikalisch begleitet vom Streicherensemble der Berufsfachschule f\u00fcr Musik Bad K\u00f6nigshofen und der Musikkapelle Oberelsbach. Um 13:00 Uhr ziehen alle Anwesenden und Musikgruppen in einem Festzug zum Marktplatz, wo sich die Ch\u00f6re zu einem Gemeinschaftschor formieren werden. Von 14:00 bis 16:00 Uhr kann man dann in der Pfarrkirche, in der Elstalhalle und am Marktplatz am Offenen Singen mit 20 Ch\u00f6ren teilnehmen. Ebenfalls am Sonntag findet in der Kreisgalerie Caf\u00e9 Art in Mellrichstadt um 16:00 Uhr die Veranstaltung <em>Mellrichstadt liest<\/em>: \u201eIns Land der Franken fahren\u201c mit heiteren Geschichten aus Franken statt.<\/p>\n<p>Nach diesem fulminanten Start der 6. Fr\u00e4nkischen Woche erwartet die Besucher noch bis 08. Juli eine Kulturwoche unter dem Motto \u201eSo singen wir in Franken\u201c. 21 Veranstaltungen in zw\u00f6lf St\u00e4dten und Orten der Region hat die Kulturagentur Rh\u00f6n-Grabfeld mit Unterst\u00fctzung des Bezirks Unterfranken in diesem Jahr ausgew\u00e4hlt. Das gesamte Programm ist unter <a href=\"http:\/\/www.fraenkischewoche.de\/\">www.fraenkischewoche.de<\/a> zu finden. Ebenso liegen in vielen Gesch\u00e4ften kostenlose Programmhefte aus. Diese sind auch bei der Kulturagentur des Landkreises Rh\u00f6n-Grabfeld im Landratsamt Bad Neustadt (Sp\u00f6rleinstr. 11, Bad Neustadt) erh\u00e4ltlich. Weitere Informationen gibt es unter Tel. 09771\/94 674.<\/p>\n<p>&nbsp;<\/p>\n","protected":false},"excerpt":{"rendered":"<div class=\"tmnf_excerpt\"><p>Oberelsbach. Einen besonders festlichen Rahmen genie\u00dfen Besucher der 6. Fr\u00e4nkischen Woche gleich zum Auftakt des Veranstaltungsreigens vom 30. Juni bis 08. Juli 2012. \u00c2\u00a0Das Er\u00f6ffnungswochenende wird in Oberelsbach in Verbindung mit den 1200-Jahr-Feierlichkeiten der Marktgemeinde sowie dem Fr\u00e4nkischen S\u00e4ngerbund gefeiert. Am Samstag, 30. Juni, um 17:00 Uhr f\u00e4llt der offizielle Startschuss f\u00fcr die \u201eFr\u00e4nkische Woche &hellip;<\/p>\n<\/div>","protected":false},"author":1,"featured_media":0,"comment_status":"closed","ping_status":"closed","sticky":false,"template":"","format":"standard","meta":{"footnotes":""},"categories":[1,44,78],"tags":[],"class_list":["post-99713","post","type-post","status-publish","format-standard","hentry","category-startseite","category-kultur","category-topthema"],"_links":{"self":[{"href":"https:\/\/www.fuldaernachrichten.de\/index.php?rest_route=\/wp\/v2\/posts\/99713","targetHints":{"allow":["GET"]}}],"collection":[{"href":"https:\/\/www.fuldaernachrichten.de\/index.php?rest_route=\/wp\/v2\/posts"}],"about":[{"href":"https:\/\/www.fuldaernachrichten.de\/index.php?rest_route=\/wp\/v2\/types\/post"}],"author":[{"embeddable":true,"href":"https:\/\/www.fuldaernachrichten.de\/index.php?rest_route=\/wp\/v2\/users\/1"}],"replies":[{"embeddable":true,"href":"https:\/\/www.fuldaernachrichten.de\/index.php?rest_route=%2Fwp%2Fv2%2Fcomments&post=99713"}],"version-history":[{"count":0,"href":"https:\/\/www.fuldaernachrichten.de\/index.php?rest_route=\/wp\/v2\/posts\/99713\/revisions"}],"wp:attachment":[{"href":"https:\/\/www.fuldaernachrichten.de\/index.php?rest_route=%2Fwp%2Fv2%2Fmedia&parent=99713"}],"wp:term":[{"taxonomy":"category","embeddable":true,"href":"https:\/\/www.fuldaernachrichten.de\/index.php?rest_route=%2Fwp%2Fv2%2Fcategories&post=99713"},{"taxonomy":"post_tag","embeddable":true,"href":"https:\/\/www.fuldaernachrichten.de\/index.php?rest_route=%2Fwp%2Fv2%2Ftags&post=99713"}],"curies":[{"name":"wp","href":"https:\/\/api.w.org\/{rel}","templated":true}]}}