{"id":99710,"date":"2012-06-24T00:12:51","date_gmt":"2012-06-24T00:12:51","guid":{"rendered":"http:\/\/www.fuldaer-nachrichten.de\/?p=99710"},"modified":"2012-06-24T08:41:21","modified_gmt":"2012-06-24T08:41:21","slug":"kirchenraum-als-ausdruck-der-sehnsucht-religionspadagoge-prof-wagner-hielt-abschiedsvorlesung-in-fulda","status":"publish","type":"post","link":"https:\/\/www.fuldaernachrichten.de\/?p=99710","title":{"rendered":"\u201eKirchenraum als Ausdruck der Sehnsucht\u201c \u2013 Religionsp\u00e4dagoge Prof. Wagner hielt Abschiedsvorlesung in Fulda"},"content":{"rendered":"<p>Fulda (bpf). \u201eUnser Dom ist ein geerdeter Himmel\u201c, lautete das Fazit der Abschiedsvorlesung von Prof. Dieter Wagner am Dienstag im Auditorium maximum der Theologischen Fakult\u00e4t Fulda. In vielen der k\u00fcnstlerisch-liturgischen Darstellungen im Fuldaer Dom werde n\u00e4mlich die \u201eUnendlichkeit Gottes in die Endlichkeit des Alltags geholt\u201c. Unter dem Titel \u201eSpuren der Sehnsucht \u2013 Kirchenraump\u00e4dagogische An-Sichten des Doms zu Fulda\u201c stellte Wagner, der seit \u00fcber 30 Jahren Lehrveranstaltungen unter anderem an der Theologischen Fakult\u00e4t Fulda und dem Katholischen Seminar Marburg hielt, am Beispiel des barocken Doms die Bedeutung von Kirchenraump\u00e4dagogik f\u00fcr den Religionsunterricht heraus. Ausgehend von der Sehnsucht nach dem Religi\u00f6sen und vor dem Hintergrund mangelnder kirchlicher Erfahrung heutiger Sch\u00fcler k\u00f6nne \u00fcber die k\u00fcnstlerische und liturgische Gestaltung eines Kirchenraums eine Beziehung zu Bibel und Glaubenstradition gestiftet werden. \u201eDer Kirchenraum selbst stellt ein Glaubenszeugnis vergangener und gegenw\u00e4rtiger Generationen dar\u201c, so Wagner. Zugleich verwies er auf die \u00fcberzeitliche Gemeinschaft von Lebenden und Toten, die im Kirchenraum greifbar werde. Den Sch\u00fclern den Kirchenraum dementsprechend zu entschl\u00fcsseln m\u00fcsse das Ziel der Kirchenraump\u00e4dagogik sein.<!--more--><br \/>\nIn der planvollen Besch\u00e4ftigung mit der jedem Menschen vorhandenen Sehnsucht k\u00f6nne man mit Heranwachsenden und Erwachsenen viel vom Leben verstehen, religi\u00f6se Grunderfahrungen aufsp\u00fcren und \u201ereligi\u00f6se und glaubensgebundene Basisf\u00e4higkeiten\u201c entwickeln, zeigte sich Prof. Wagner \u00fcberzeugt. Hierzu eigne sich gerade auch der Umgang mit der sakralen Architektur. Der barocke Dom zu Fulda, dessen 300-j\u00e4hriges Jubil\u00e4um in diesem Sommer gefeiert wird, zeige die Spannung im Leben der damaligen Menschen, die in der Wahrnehmung von Sch\u00f6nheit einerseits und leidvollen Erfahrungen andererseits liege. \u201eDer Dom inszeniert eine Dramaturgie der Gegens\u00e4tze, in der ein vernetzter Raum des Verstehens erzeugt wird, in dem These und Antithese, Leben und Tod, Sinnlichkeit und Geist sich ausbalancieren.\u201c Nicht zuletzt sei das architektonische und bildnerische Programm des Fuldaer Doms eine interessante Predigt dar\u00fcber, wie menschliche Sehnsucht zu einer christlichen Lebenshaltung werden k\u00f6nne. Der Erl\u00f6sungsgedanke, die Auferstehung von den Toten und die Sehnsucht Gottes nach den Menschen spiegelten sich laut Wagner im Kirchenraum des Domes wider.<\/p>\n<p>Mit dem laufenden Sommersemester beenden die Lehrbeauftragten OStR Rudolf Ballmeier (Psychologie), Studiendirektor a. D. Paul Mahr (Griechisch), OStR i. R. Wolfgang Tabeling (Latein) und Oberschulrat a. D. Prof. Dieter Wagner (Religionsp\u00e4dagogik) ihre Vorlesungst\u00e4tigkeit an der Theologischen Fakult\u00e4t Fulda und dem Katholisch-Theologischen Seminar in Marburg. Sie wurden von Gro\u00dfkanzler Bischof Heinz Josef Algermissen, Rektor Prof. Dr. Christoph Gregor M\u00fcller, Dr. Klaus Dorn vom Katholischen Seminar in Marburg und einer Delegation ihrer Studenten in einer akademischen Feier verabschiedet. Prof. M\u00fcller verwandte f\u00fcr seine W\u00fcrdigung das Bild einer Quadriga, eines r\u00f6mischen Viererwagens, mit vier \u201eSchlachtr\u00f6ssern\u201c f\u00fcr die vier langj\u00e4hrigen Dozenten. Bischof Algermissen dankte ihnen f\u00fcr die Zeit, die sie dem Dienst an der Kirche von Fulda gewidmet h\u00e4tten. Paul Mahr wurde zudem mit der Sturmiusmedaille des Bistums ausgezeichnet. Der Rektor hatte zu Beginn zahlreiche G\u00e4ste aus Kirche, Gesellschaft und Wissenschaft begr\u00fc\u00dft. Die Feier wurde musikalisch umrahmt durch Domkapellmeister Franz-Peter Huber (Gesang) und Claudia Regel (Klavier) mit Werken von F. Mendelssohn-Bartholdy und F. Schubert.<\/p>\n","protected":false},"excerpt":{"rendered":"<div class=\"tmnf_excerpt\"><p>Fulda (bpf). \u201eUnser Dom ist ein geerdeter Himmel\u201c, lautete das Fazit der Abschiedsvorlesung von Prof. Dieter Wagner am Dienstag im Auditorium maximum der Theologischen Fakult\u00e4t Fulda. In vielen der k\u00fcnstlerisch-liturgischen Darstellungen im Fuldaer Dom werde n\u00e4mlich die \u201eUnendlichkeit Gottes in die Endlichkeit des Alltags geholt\u201c. Unter dem Titel \u201eSpuren der Sehnsucht \u2013 Kirchenraump\u00e4dagogische An-Sichten des &hellip;<\/p>\n<\/div>","protected":false},"author":1,"featured_media":0,"comment_status":"closed","ping_status":"closed","sticky":false,"template":"","format":"standard","meta":{"footnotes":""},"categories":[1,50],"tags":[],"class_list":["post-99710","post","type-post","status-publish","format-standard","hentry","category-startseite","category-kirche"],"_links":{"self":[{"href":"https:\/\/www.fuldaernachrichten.de\/index.php?rest_route=\/wp\/v2\/posts\/99710","targetHints":{"allow":["GET"]}}],"collection":[{"href":"https:\/\/www.fuldaernachrichten.de\/index.php?rest_route=\/wp\/v2\/posts"}],"about":[{"href":"https:\/\/www.fuldaernachrichten.de\/index.php?rest_route=\/wp\/v2\/types\/post"}],"author":[{"embeddable":true,"href":"https:\/\/www.fuldaernachrichten.de\/index.php?rest_route=\/wp\/v2\/users\/1"}],"replies":[{"embeddable":true,"href":"https:\/\/www.fuldaernachrichten.de\/index.php?rest_route=%2Fwp%2Fv2%2Fcomments&post=99710"}],"version-history":[{"count":0,"href":"https:\/\/www.fuldaernachrichten.de\/index.php?rest_route=\/wp\/v2\/posts\/99710\/revisions"}],"wp:attachment":[{"href":"https:\/\/www.fuldaernachrichten.de\/index.php?rest_route=%2Fwp%2Fv2%2Fmedia&parent=99710"}],"wp:term":[{"taxonomy":"category","embeddable":true,"href":"https:\/\/www.fuldaernachrichten.de\/index.php?rest_route=%2Fwp%2Fv2%2Fcategories&post=99710"},{"taxonomy":"post_tag","embeddable":true,"href":"https:\/\/www.fuldaernachrichten.de\/index.php?rest_route=%2Fwp%2Fv2%2Ftags&post=99710"}],"curies":[{"name":"wp","href":"https:\/\/api.w.org\/{rel}","templated":true}]}}