{"id":99706,"date":"2012-06-24T00:12:17","date_gmt":"2012-06-24T00:12:17","guid":{"rendered":"http:\/\/www.fuldaer-nachrichten.de\/?p=99706"},"modified":"2012-06-24T08:38:17","modified_gmt":"2012-06-24T08:38:17","slug":"eduard-stieler-schule-bringt-bewegung-auf-den-schulhof-2","status":"publish","type":"post","link":"https:\/\/www.fuldaernachrichten.de\/?p=99706","title":{"rendered":"Eduard-Stieler-Schule bringt Bewegung auf den Schulhof"},"content":{"rendered":"<p><a href=\"http:\/\/www.fuldaer-nachrichten.de\/wp-content\/uploads\/2012\/06\/313-FSS-und-Johannes-Hack-Schule-2.jpg\"><img fetchpriority=\"high\" decoding=\"async\" class=\"alignleft size-thumbnail wp-image-99707\" title=\"313-FSS und Johannes-Hack-Schule 2\" src=\"http:\/\/www.fuldaer-nachrichten.de\/wp-content\/uploads\/2012\/06\/313-FSS-und-Johannes-Hack-Schule-2-265x198.jpg\" alt=\"\" width=\"265\" height=\"198\" srcset=\"https:\/\/www.fuldaernachrichten.de\/wp-content\/uploads\/2012\/06\/313-FSS-und-Johannes-Hack-Schule-2-265x198.jpg 265w, https:\/\/www.fuldaernachrichten.de\/wp-content\/uploads\/2012\/06\/313-FSS-und-Johannes-Hack-Schule-2.jpg 600w\" sizes=\"(max-width: 265px) 100vw, 265px\" \/><\/a>Petersberg. 21 Grundsch\u00fclerinnen und Grundsch\u00fcler der Johannes-Hack-Schule Petersberg mit ihrer Klassenlehrerin Doris Gutberlet waren von Sch\u00fclerinnen und Sch\u00fclern der Klasse 11 des Beruflichen Gymnasiums der Eduard-Stieler-Schule zu einer multikulturellen Reise um die Welt eingeladen. Dabei sollten Bewegung und Entspannung gef\u00f6rdert werden.<\/p>\n<p>Unter Leitung von Dr. Monika Freitag wurden die Grundsch\u00fcler durch praktische \u00dcbungen in Limbo, Sumo-Ringen und Kung-Fu auf eine imagin\u00e4re Weltreise zun\u00e4chst nach Asien geschickt, um dann mit afrikanischen Koordinations\u00fcbungen zum Bogenschie\u00dfen nach Nordamerika weiterzureisen. Danach f\u00fchrte die Route mit Konditions\u00fcbungen f\u00fcr den Karneval nach Brasilien sowie mit Konzentrations\u00fcbungen nach \u00c4gypten. Schlie\u00dflich gelangte man \u00fcber einen entspannenden Abstecher mit Yoga-Elementen ins sagenumwobene Traumland Utopia, um die Reise aus aktuellem Anlass in Deutschland mit Muskelaufbautraining f\u00fcr die Fu\u00dfball-EM zu beenden.<\/p>\n<p>G\u00f6n\u00fcl Suvermez brachte die Motivation der Grundsch\u00fcler auf den Punkt, \u201eDass wir uns mal so richtig bewegen konnten, war super.\u201c Und somit steht einer k\u00fcnftigen Anwendung der neuen Erkenntnisse auf dem Pausenhof oder gar einer Fortsetzung des Projekts nichts entgegen.<\/p>\n","protected":false},"excerpt":{"rendered":"<div class=\"tmnf_excerpt\"><p>Petersberg. 21 Grundsch\u00fclerinnen und Grundsch\u00fcler der Johannes-Hack-Schule Petersberg mit ihrer Klassenlehrerin Doris Gutberlet waren von Sch\u00fclerinnen und Sch\u00fclern der Klasse 11 des Beruflichen Gymnasiums der Eduard-Stieler-Schule zu einer multikulturellen Reise um die Welt eingeladen. Dabei sollten Bewegung und Entspannung gef\u00f6rdert werden. Unter Leitung von Dr. Monika Freitag wurden die Grundsch\u00fcler durch praktische \u00dcbungen in Limbo, &hellip;<\/p>\n<\/div>","protected":false},"author":1,"featured_media":0,"comment_status":"closed","ping_status":"closed","sticky":false,"template":"","format":"standard","meta":{"footnotes":""},"categories":[1,53],"tags":[],"class_list":["post-99706","post","type-post","status-publish","format-standard","hentry","category-startseite","category-bildung"],"_links":{"self":[{"href":"https:\/\/www.fuldaernachrichten.de\/index.php?rest_route=\/wp\/v2\/posts\/99706","targetHints":{"allow":["GET"]}}],"collection":[{"href":"https:\/\/www.fuldaernachrichten.de\/index.php?rest_route=\/wp\/v2\/posts"}],"about":[{"href":"https:\/\/www.fuldaernachrichten.de\/index.php?rest_route=\/wp\/v2\/types\/post"}],"author":[{"embeddable":true,"href":"https:\/\/www.fuldaernachrichten.de\/index.php?rest_route=\/wp\/v2\/users\/1"}],"replies":[{"embeddable":true,"href":"https:\/\/www.fuldaernachrichten.de\/index.php?rest_route=%2Fwp%2Fv2%2Fcomments&post=99706"}],"version-history":[{"count":0,"href":"https:\/\/www.fuldaernachrichten.de\/index.php?rest_route=\/wp\/v2\/posts\/99706\/revisions"}],"wp:attachment":[{"href":"https:\/\/www.fuldaernachrichten.de\/index.php?rest_route=%2Fwp%2Fv2%2Fmedia&parent=99706"}],"wp:term":[{"taxonomy":"category","embeddable":true,"href":"https:\/\/www.fuldaernachrichten.de\/index.php?rest_route=%2Fwp%2Fv2%2Fcategories&post=99706"},{"taxonomy":"post_tag","embeddable":true,"href":"https:\/\/www.fuldaernachrichten.de\/index.php?rest_route=%2Fwp%2Fv2%2Ftags&post=99706"}],"curies":[{"name":"wp","href":"https:\/\/api.w.org\/{rel}","templated":true}]}}