{"id":99698,"date":"2012-06-24T00:10:16","date_gmt":"2012-06-24T00:10:16","guid":{"rendered":"http:\/\/www.fuldaer-nachrichten.de\/?p=99698"},"modified":"2012-06-23T07:13:47","modified_gmt":"2012-06-23T07:13:47","slug":"heute-tag-der-offenen-tur-im-abfall-und-energiezentrum-kalbach","status":"publish","type":"post","link":"https:\/\/www.fuldaernachrichten.de\/?p=99698","title":{"rendered":"Heute: \u201eTag der offenen T\u00fcr\u201c im Abfall- und Energiezentrum Kalbach"},"content":{"rendered":"<p><a href=\"http:\/\/www.fuldaer-nachrichten.de\/wp-content\/uploads\/2012\/06\/310-Kreisabfalldeponie.jpg\"><img fetchpriority=\"high\" decoding=\"async\" class=\"alignleft size-thumbnail wp-image-99699\" title=\"310-Kreisabfalldeponie\" src=\"http:\/\/www.fuldaer-nachrichten.de\/wp-content\/uploads\/2012\/06\/310-Kreisabfalldeponie-265x198.jpg\" alt=\"\" width=\"265\" height=\"198\" srcset=\"https:\/\/www.fuldaernachrichten.de\/wp-content\/uploads\/2012\/06\/310-Kreisabfalldeponie-265x198.jpg 265w, https:\/\/www.fuldaernachrichten.de\/wp-content\/uploads\/2012\/06\/310-Kreisabfalldeponie.jpg 600w\" sizes=\"(max-width: 265px) 100vw, 265px\" \/><\/a>Kalbach. Vor nunmehr 30 Jahren nahm die Kreisabfalldeponie in Kalbach ihren Betrieb auf. Bis 2005 wurden hier alle im Landkreis angefallenen Haus- und Gewerbeabf\u00e4lle mit hohem Sicherheitsstandard abgelagert (insgesamt rund drei Millionen Tonnen). In 2005 hat der Gesetzgeber hat die Ablagerung von Abf\u00e4llen auf Deponien bundesweit faktisch beendet. Seither m\u00fcssen Abf\u00e4lle entweder direkt verbrannt oder zu Brennstoff aufbereitet werden. Die Abf\u00e4lle aus dem Landkreis Fulda werden nicht einfach verbrannt, sondern in einer Anlage in Weidenhausen (in der N\u00e4he von Eschwege) f\u00fcr eine anschlie\u00dfende Verwertung vorbereitet. Der gr\u00f6\u00dfte Anteil wird als Ersatzbrennstoff in einem Kraftwerk mit besonders hohem Wirkungsgrad in Witzenhausen eingesetzt.<!--more--><\/p>\n<p>Wegen der Entfernung kann die Aufbereitungsanlage nicht direkt von den Sammelfahrzeugen angefahren werden. Deshalb hat das Abfallwirtschafts- und Energiezentrum Kalbach auf dem ehemaligen Deponiegel\u00e4nde auch weiterhin zentrale Bedeutung f\u00fcr die Entsorgungssicherheit im Landkreis Fulda. Hier werden seit 2005 alle anfallenden Abf\u00e4lle zusammengef\u00fchrt, zu transportgerechten Einheiten umgeladen und mit Gro\u00df-LKW zu den Aufbereitungsanlagen abgefahren.<\/p>\n<p>Um die Abf\u00e4lle k\u00fcnftig witterungsgesch\u00fctzt umladen zu k\u00f6nnen, hat der Landkreis eine spezielle Halle (66 m lang, 27 m breit, 18 m hoch) hierf\u00fcr errichtet, die in K\u00fcrze in Betrieb gehen soll.<\/p>\n<p><strong>Alle B\u00fcrgerinnen und B\u00fcrger sind herzlich eingeladen, am heutigen Sonntag, 24. Juni, den 30. Geburtstag der Kreisabfalldeponie Kalbach zu feiern. Gleichzeitig soll die neue Abfallumladehalle eingeweiht werden.<\/strong> Lernen Sie das Abfallwirtschafts- und Energiezentrum Kalbach an diesem Tag mit seinen technischen Einrichtungen bei einem Sonntagsausflug mit Familie, Freunden und Bekannten kennen. Der Landkreis hat hierzu ein kurzweiliges Unterhaltungsprogramm mit vielen Informationsm\u00f6glichkeiten vorbereitet. Bei ung\u00fcnstiger Witterung findet die Veranstaltung in der neuen Umladehalle statt.<\/p>\n<p><strong>Offizieller Teil <\/strong><\/p>\n<table border=\"1\" cellspacing=\"0\" cellpadding=\"0\">\n<tbody>\n<tr>\n<td valign=\"top\" width=\"65\">11.30 Uhr<\/td>\n<td valign=\"top\" width=\"395\">Begr\u00fc\u00dfung durch den Abfalldezernenten des Landkreises Fulda, Erster Kreisbeigeordneter Dr. Heiko Wingenfeld<\/td>\n<\/tr>\n<tr>\n<td valign=\"top\" width=\"65\">11.40 Uhr<\/td>\n<td valign=\"top\" width=\"395\">Gru\u00dfwort des B\u00fcrgermeisters der Standortgemeinde Kalbach, Dag Wehner<\/td>\n<\/tr>\n<tr>\n<td valign=\"top\" width=\"65\">11.45 Uhr<\/td>\n<td valign=\"top\" width=\"395\">Zeitzeugen blicken auf die Deponieentwicklung zur\u00fcck<\/p>\n<p>-\u00c2\u00a0\u00c2\u00a0\u00c2\u00a0\u00c2\u00a0\u00c2\u00a0\u00c2\u00a0 Karl-Heinz Kaib, ehemaliger B\u00fcrgermeister der Gemeinde Kalbach<\/p>\n<p>-\u00c2\u00a0\u00c2\u00a0\u00c2\u00a0\u00c2\u00a0\u00c2\u00a0\u00c2\u00a0 Gerhard M\u00f6ller, Oberb\u00fcrgermeister der Stadt Fulda und ehemaliger Erster Kreisbeigeordneter des Landkreises<\/td>\n<\/tr>\n<tr>\n<td valign=\"top\" width=\"65\">12.00 Uhr<\/td>\n<td valign=\"top\" width=\"395\">\u00dcbergabe der Umladehalle durch den Repr\u00e4sentanten des Planungskonsortiums SIG, Immenhausen, Ingenieurb\u00fcro Bub, Kalbach, sowie Architekturb\u00fcro Neumann, Neuhof, vertreten durch Klaus Schr\u00f6der sowie den gesch\u00e4ftsf\u00fchrenden Gesellschafter der Bau ausf\u00fchrenden Firma Ulrich, Fulda, Michael Wi\u00dfler<\/td>\n<\/tr>\n<tr>\n<td valign=\"top\" width=\"65\">12.15 Uhr<\/td>\n<td valign=\"top\" width=\"395\">Kirchliche Weihe der neuen Umladehalle<\/td>\n<\/tr>\n<tr>\n<td valign=\"top\" width=\"65\">12.25 Uhr<\/td>\n<td valign=\"top\" width=\"395\">Gru\u00dfworte der G\u00e4ste<\/td>\n<\/tr>\n<\/tbody>\n<\/table>\n<p><strong>Rahmenprogramm<\/strong><\/p>\n<p><strong>\u00c2\u00a0<\/strong>-\u00c2\u00a0\u00c2\u00a0\u00c2\u00a0\u00c2\u00a0\u00c2\u00a0\u00c2\u00a0 Besichtigungsfahrten zu den technischen Einrichtungen der Kreisabfalldeponie (Sickerwasserbehandlungsanlage und Deponiegasverwertungsanlage) mit dem \u201eDeponie-Express\u201c<\/p>\n<p>-\u00c2\u00a0\u00c2\u00a0\u00c2\u00a0\u00c2\u00a0\u00c2\u00a0\u00c2\u00a0 Viele Informationen rund um die gesamte Abfallwirtschaft im Landkreis Fulda<\/p>\n<p>-\u00c2\u00a0\u00c2\u00a0\u00c2\u00a0\u00c2\u00a0\u00c2\u00a0\u00c2\u00a0 Informationsst\u00e4nde der Planer und Bau ausf\u00fchrenden Firmen<\/p>\n<p>-\u00c2\u00a0\u00c2\u00a0\u00c2\u00a0\u00c2\u00a0\u00c2\u00a0\u00c2\u00a0 Die Unternehmen der hiesigen Abfallwirtschaft stellen sich mit Informationen und Aktionen zu technischen Anlagen, Maschinen und Fahrzeugen vor<\/p>\n<p>-\u00c2\u00a0\u00c2\u00a0\u00c2\u00a0\u00c2\u00a0\u00c2\u00a0\u00c2\u00a0 Vorstellung technischer Anlagen, Maschinen und Fahrzeuge der Abfallentsorgung<\/p>\n<p>-\u00c2\u00a0\u00c2\u00a0\u00c2\u00a0\u00c2\u00a0\u00c2\u00a0\u00c2\u00a0 kleine Wanderung zum Solarpark Oberkalbach mit F\u00fchrung durch die betreibende Firma SynEnergie<\/p>\n<p>&nbsp;<\/p>\n<div>\n<p>Wir bewirten Sie zusammen mit der Freiwilligen Feuerwehr Kalbach und dem Serviceteam von Gr\u00fcmel gGmbH zu familienfreundlichen Preisen (Kaffee 0,50 \u00e2\u201a\u00ac, Kuchen oder Waffeln 1 \u00e2\u201a\u00ac, Bratw\u00fcrstchen 1,50 \u00e2\u201a\u00ac, Steak 2,50 \u00e2\u201a\u00ac, Pommes Frites 1 \u00e2\u201a\u00ac, Gyrosbr\u00f6tchen 2 \u00e2\u201a\u00ac, alkoholische Getr\u00e4nke 1,50 \u00e2\u201a\u00ac, nichtalkoholische Getr\u00e4nke 1 \u00e2\u201a\u00ac, alkoholfreie Cocktails 1,50 \u00e2\u201a\u00ac) Wir halten f\u00fcr Kinder und Jugendliche aber auch f\u00fcr Erwachsene ein umfangreiches, kurzweiliges und kostenloses Unterhaltungsangebot bereit (Geschicklichkeitstest mit Minibaggern, Riesenh\u00fcpfburg, Luftballonwettflug,\u00c2\u00a0 Kinderschminken, mit dem \u201eHightower\u201c in luftige 15 Meter H\u00f6he, Rate- und Sortierspiele \u201eWer wird M\u00fcllion\u00e4r\u201c und vieles mehr). Zur musikalischen Unterhaltung spielen die \u201cKalbachtaler\u00e2\u20ac\u009d und \u201eRSM\u201c<\/p>\n<\/div>\n<p><strong>Hinweis:<\/strong> Auf dem Abfallwirtschafts- und Energiezentrum Kalbach sowie in unmittelbarer Umgebung gibt es keine Parkpl\u00e4tze. Im Gewerbegebiet Mittelkalbach sind gesonderte Parkm\u00f6glichkeiten eingerichtet. Von dort aus bringt Sie ein Buspendelverkehr kostenlos unmittelbar zum Veranstaltungsort und wieder zur\u00fcck. Folgen Sie bitte der Beschilderung bzw. den Anweisungen des Ordnungsdienstes. Die Shuttlebusse fahren von 10.45 Uhr bis 18.15 Uhr im Abstand von rund 15 Minuten. F\u00fcr die Shuttle-Busse sind folgende Haltestellen in Mittelkalbach eingerichtet:<\/p>\n<p>&#8211; Am Rathaus<\/p>\n<p>&#8211; An der Hofwiese (N\u00e4he Firma. Bosold)<\/p>\n<p>&#8211; Gewerbegebiet (N\u00e4he Metzgerei Birkenbach)<\/p>\n<p>&#8211; Sebastianstra\u00dfe<\/p>\n<p>Haben Sie bitte Verst\u00e4ndnis, wenn auf dem Gel\u00e4nde des Abfallwirtschafts- und Energiezentrums wegen der einzuhaltenden Sicherheitsbestimmungen absolutes Rauchverbot gilt.<\/p>\n<p>&nbsp;<\/p>\n","protected":false},"excerpt":{"rendered":"<div class=\"tmnf_excerpt\"><p>Kalbach. Vor nunmehr 30 Jahren nahm die Kreisabfalldeponie in Kalbach ihren Betrieb auf. Bis 2005 wurden hier alle im Landkreis angefallenen Haus- und Gewerbeabf\u00e4lle mit hohem Sicherheitsstandard abgelagert (insgesamt rund drei Millionen Tonnen). In 2005 hat der Gesetzgeber hat die Ablagerung von Abf\u00e4llen auf Deponien bundesweit faktisch beendet. Seither m\u00fcssen Abf\u00e4lle entweder direkt verbrannt oder &hellip;<\/p>\n<\/div>","protected":false},"author":1,"featured_media":0,"comment_status":"closed","ping_status":"closed","sticky":false,"template":"","format":"standard","meta":{"footnotes":""},"categories":[1],"tags":[],"class_list":["post-99698","post","type-post","status-publish","format-standard","hentry","category-startseite"],"_links":{"self":[{"href":"https:\/\/www.fuldaernachrichten.de\/index.php?rest_route=\/wp\/v2\/posts\/99698","targetHints":{"allow":["GET"]}}],"collection":[{"href":"https:\/\/www.fuldaernachrichten.de\/index.php?rest_route=\/wp\/v2\/posts"}],"about":[{"href":"https:\/\/www.fuldaernachrichten.de\/index.php?rest_route=\/wp\/v2\/types\/post"}],"author":[{"embeddable":true,"href":"https:\/\/www.fuldaernachrichten.de\/index.php?rest_route=\/wp\/v2\/users\/1"}],"replies":[{"embeddable":true,"href":"https:\/\/www.fuldaernachrichten.de\/index.php?rest_route=%2Fwp%2Fv2%2Fcomments&post=99698"}],"version-history":[{"count":0,"href":"https:\/\/www.fuldaernachrichten.de\/index.php?rest_route=\/wp\/v2\/posts\/99698\/revisions"}],"wp:attachment":[{"href":"https:\/\/www.fuldaernachrichten.de\/index.php?rest_route=%2Fwp%2Fv2%2Fmedia&parent=99698"}],"wp:term":[{"taxonomy":"category","embeddable":true,"href":"https:\/\/www.fuldaernachrichten.de\/index.php?rest_route=%2Fwp%2Fv2%2Fcategories&post=99698"},{"taxonomy":"post_tag","embeddable":true,"href":"https:\/\/www.fuldaernachrichten.de\/index.php?rest_route=%2Fwp%2Fv2%2Ftags&post=99698"}],"curies":[{"name":"wp","href":"https:\/\/api.w.org\/{rel}","templated":true}]}}