{"id":99696,"date":"2012-06-23T00:15:03","date_gmt":"2012-06-23T00:15:03","guid":{"rendered":"http:\/\/www.fuldaer-nachrichten.de\/?p=99696"},"modified":"2012-06-26T07:09:15","modified_gmt":"2012-06-26T07:09:15","slug":"kunstlerehepaar-inspiriert-sich-gegenseitig-veronika-zyzik-malt-figurativ-ihr-mann-alexander-liebt-das-wechselspiel-zwischen-gegenstandlichem-und-abstraktem","status":"publish","type":"post","link":"https:\/\/www.fuldaernachrichten.de\/?p=99696","title":{"rendered":"K\u00fcnstlerehepaar inspiriert sich gegenseitig &#8211; Veronika Zyzik malt figurativ, ihr Mann Alexander liebt das Wechselspiel zwischen Gegenst\u00e4ndlichem und Abstraktem"},"content":{"rendered":"<p><a href=\"http:\/\/www.fuldaer-nachrichten.de\/wp-content\/uploads\/2012\/06\/309-Ehepaar-Zyzik.jpg\"><img decoding=\"async\" class=\"alignleft size-thumbnail wp-image-99697\" title=\"309-Ehepaar-Zyzik\" src=\"http:\/\/www.fuldaer-nachrichten.de\/wp-content\/uploads\/2012\/06\/309-Ehepaar-Zyzik-265x175.jpg\" alt=\"\" width=\"265\" height=\"175\" srcset=\"https:\/\/www.fuldaernachrichten.de\/wp-content\/uploads\/2012\/06\/309-Ehepaar-Zyzik-265x175.jpg 265w, https:\/\/www.fuldaernachrichten.de\/wp-content\/uploads\/2012\/06\/309-Ehepaar-Zyzik.jpg 592w\" sizes=\"(max-width: 265px) 100vw, 265px\" \/><\/a>W\u00fcstensachsen. Bei ihnen im Haus an der jungen Ulster wird schon seit vielen Jahren nicht mehr gemahlen, sondern gemalt: Veronika und Alexander Zyzik leben (und arbeiten) seit 1993 in der Hinteren M\u00fchle von W\u00fcstensachsen. Dort in dem urig-gem\u00fctlichen Haus zeigt sich noch viel aus der Vergangenheit, doch das Gegenw\u00e4rtige \u00fcberwiegt. Besonders unterstreicht nat\u00fcrlich das Doppelatelier, dass hier zwei K\u00fcnstler zu Hause sind. \u201eJeder hat darin seine Ecke, sein Revier\u201c, schmunzeln sie, und bei aller Eigenst\u00e4ndigkeit sp\u00fcrt man die gemeinsame Freude am Beruf, der auch Berufung ist. \u201eEs ist schon sch\u00f6n, wenn man einen Partner hat, der versteht, was man macht\u201c, findet Veronika Zyzik (47). Ihr Ehemann Alexander (48) nickt und erg\u00e4nzt: \u201eNat\u00fcrlich gibt es wechselseitige Inspiration, und\u00c2\u00a0 oft ist der andere wie ein Spiegel, wobei man sich bei den Arbeiten auch gegenseitig beurteilt.\u201c Kleine Reibereien geh\u00f6rten selbstverst\u00e4ndlich mit dazu.<\/p>\n<p><strong>Foto:<\/strong> Plappert<\/p>\n<p><!--more--><\/p>\n<p>Die Zyziks, Eltern eines erwachsenen Sohnes, stammen aus Oberschlesien. Alexander kam nach dem Abitur an einem Kunstgymnasium in Polen hierher, seine Frau hat in Fulda die Ferdinand-Braun-Schule,\u00c2\u00a0 Fachrichtung Gestaltung, besucht. Sie studierten dann von 1987 bis 1993 an der Gesamthochschule Kassel freie Kunst in der Sparte Malerei bei Professor Kurt Haug und schlossen mit einem Diplom ab. \u201eWir kommen beide von der gegenst\u00e4ndlichen Malerei\u201c, erl\u00e4utert Alexander Zyzik. Seine Frau hat sich auch weiterhin daf\u00fcr entschieden, sie malt figurativ und zum Teil in altmeisterlicher Technik unter Verwendung von Eitempera-Farbe. \u201eMein Hauptthema sind Menschen, die ich gern betrachte und dann oft im Skizzenblock festhalte\u201c, schildert Veronika Zyzik. Auch das n\u00e4here Umfeld in W\u00fcstensachsen kommt dabei zum Zuge.<\/p>\n<p>Ihren Mann faszinieren das Reizvolle von Gegenst\u00e4ndlichem und Abstraktem sowie \u201edas Spiel zwischen beiden\u201c. Markante Berge, die er wie abstrakt erscheinen l\u00e4sst, oder einen Vogelschwarm kombiniert Alexander Zyzik mit einem Bildfeld aus kleinen Zahlen bzw. Buchstaben \u2013 zu\u00c2\u00a0 entdecken bei sehr genauem Hinsehen. Beide Zyziks m\u00f6gen \u00fcberraschende Effekte in der Kunst. Sie haben schon h\u00e4ufig (meist zusammen) ausgestellt und\u00c2\u00a0 beteiligen sich derzeit an der Pr\u00e4sentation \u201eMozart Bilder Klang \u2013 Bilder zu Mozarts Opern\u201c in der Kunststation Kleinsassen. Kurator G\u00fcnther Troll hat die Art, wie die Eheleute diese Thematik umgesetzt haben, bei der Vernissage sehr gew\u00fcrdigt. W\u00e4hrend Veronika Zyzik wunderbar leichte, fast schwebende Bilder zur \u201eZauberfl\u00f6te\u201c gelungen sind, beeindruckt Alexander mit einer gemalten Kurzvita des Genies Mozart.<\/p>\n<p>Apropos Kleinsassen: 1997 haben die Ehepartner ihre freie Mitarbeit in der von Peter Ballmaier geleiteten Station begonnen. Am Anfang stand vor allem die Mithilfe beim Aufbau der dortigen Artothek, in der man sich Kunst ausleihen kann. Inzwischen sind etliche Aufgaben hinzugekommen, beispielsweise die Beratung von Kuratoren \u2013 gerade auch zur Raumwirkung in der Kunststation. Die Zyziks empfinden ihre T\u00e4tigkeit in Kleinsassen als sehr hilfreich f\u00fcr ihre k\u00fcnstlerische Arbeit. Dabei spielten die inspirierenden, auch internationalen Kontakte zu Kuratoren und anderen K\u00fcnstlern ebenso eine Rolle wie die Tatsache, \u201edass man Distanz zu den eigenen Werken bekommt\u201c. Beide sind auch Dozenten der Kleinsassener Kunstschule und sammeln unter anderem als Leiter von Volkshochschulkursen Lehrerfahrungen mit kreativem Anspruch. (bea\/was\/gi)<\/p>\n","protected":false},"excerpt":{"rendered":"<div class=\"tmnf_excerpt\"><p>W\u00fcstensachsen. Bei ihnen im Haus an der jungen Ulster wird schon seit vielen Jahren nicht mehr gemahlen, sondern gemalt: Veronika und Alexander Zyzik leben (und arbeiten) seit 1993 in der Hinteren M\u00fchle von W\u00fcstensachsen. Dort in dem urig-gem\u00fctlichen Haus zeigt sich noch viel aus der Vergangenheit, doch das Gegenw\u00e4rtige \u00fcberwiegt. Besonders unterstreicht nat\u00fcrlich das Doppelatelier, &hellip;<\/p>\n<\/div>","protected":false},"author":1,"featured_media":0,"comment_status":"closed","ping_status":"closed","sticky":false,"template":"","format":"standard","meta":{"footnotes":""},"categories":[1,44],"tags":[],"class_list":["post-99696","post","type-post","status-publish","format-standard","hentry","category-startseite","category-kultur"],"_links":{"self":[{"href":"https:\/\/www.fuldaernachrichten.de\/index.php?rest_route=\/wp\/v2\/posts\/99696","targetHints":{"allow":["GET"]}}],"collection":[{"href":"https:\/\/www.fuldaernachrichten.de\/index.php?rest_route=\/wp\/v2\/posts"}],"about":[{"href":"https:\/\/www.fuldaernachrichten.de\/index.php?rest_route=\/wp\/v2\/types\/post"}],"author":[{"embeddable":true,"href":"https:\/\/www.fuldaernachrichten.de\/index.php?rest_route=\/wp\/v2\/users\/1"}],"replies":[{"embeddable":true,"href":"https:\/\/www.fuldaernachrichten.de\/index.php?rest_route=%2Fwp%2Fv2%2Fcomments&post=99696"}],"version-history":[{"count":1,"href":"https:\/\/www.fuldaernachrichten.de\/index.php?rest_route=\/wp\/v2\/posts\/99696\/revisions"}],"predecessor-version":[{"id":99810,"href":"https:\/\/www.fuldaernachrichten.de\/index.php?rest_route=\/wp\/v2\/posts\/99696\/revisions\/99810"}],"wp:attachment":[{"href":"https:\/\/www.fuldaernachrichten.de\/index.php?rest_route=%2Fwp%2Fv2%2Fmedia&parent=99696"}],"wp:term":[{"taxonomy":"category","embeddable":true,"href":"https:\/\/www.fuldaernachrichten.de\/index.php?rest_route=%2Fwp%2Fv2%2Fcategories&post=99696"},{"taxonomy":"post_tag","embeddable":true,"href":"https:\/\/www.fuldaernachrichten.de\/index.php?rest_route=%2Fwp%2Fv2%2Ftags&post=99696"}],"curies":[{"name":"wp","href":"https:\/\/api.w.org\/{rel}","templated":true}]}}