{"id":99687,"date":"2012-06-23T00:09:08","date_gmt":"2012-06-23T00:09:08","guid":{"rendered":"http:\/\/www.fuldaer-nachrichten.de\/?p=99687"},"modified":"2012-06-23T07:01:02","modified_gmt":"2012-06-23T07:01:02","slug":"grundsteinlegung-in-evangelischer-kirche-in-fulda-83-000-euro-fehlen-noch-fur-dach-und-fassadensanierung","status":"publish","type":"post","link":"https:\/\/www.fuldaernachrichten.de\/?p=99687","title":{"rendered":"Grundsteinlegung in Evangelischer Kirche in Fulda &#8211; 83.000 Euro fehlen noch f\u00fcr Dach- und Fassadensanierung"},"content":{"rendered":"<p><a href=\"http:\/\/www.fuldaer-nachrichten.de\/wp-content\/uploads\/2012\/06\/Gruppe.jpg\"><img fetchpriority=\"high\" decoding=\"async\" class=\"alignnone size-full wp-image-99688\" title=\"Gruppe\" src=\"http:\/\/www.fuldaer-nachrichten.de\/wp-content\/uploads\/2012\/06\/Gruppe.jpg\" alt=\"\" width=\"560\" height=\"363\" \/><\/a><\/p>\n<p>Fulda. \u201eViele reden von Aufbruch. Hier geschieht Aufbruch\u201c, so Bundestagsabgeordneter Michael Brand bei seinem Gru\u00dfwort am Tag der Grundsteinlegung f\u00fcr den Erweiterungsbau der Kreuzkirche in Fulda. Rund 90 Gemeindeglieder und G\u00e4ste waren gekommen, um diesen Tag miteinander zu feiern. Aufgrund enormen Zuzugs und inhaltlicher Profilierung wie \u201eAAAndere Gottesdienste\u201c, Lauftreff und gro\u00dfem Ehrenamtsteam wurde das Gotteshaus, das man 1965 einweihte, zu klein. Jetzt konnte der Grundstein f\u00fcr den 200m\u00c2\u00b2 gro\u00dfen Anbau gelegt werden. Mutig und entschlossen habe die Gemeinde und ihr Kirchenvorstand nun das Gro\u00dfprojekt vorangetrieben, so Dekan Bengt Seeberg, jetzt gehe es endlich los.<\/p>\n<p><strong>Fotos<\/strong>: Hans-Martin Pohl<!--more--><\/p>\n<p><a href=\"http:\/\/www.fuldaer-nachrichten.de\/wp-content\/uploads\/2012\/06\/Gruppe.jpg\"><img decoding=\"async\" class=\"alignleft size-thumbnail wp-image-99688\" title=\"Gruppe\" src=\"http:\/\/www.fuldaer-nachrichten.de\/wp-content\/uploads\/2012\/06\/Gruppe-265x175.jpg\" alt=\"\" width=\"265\" height=\"175\" srcset=\"https:\/\/www.fuldaernachrichten.de\/wp-content\/uploads\/2012\/06\/Gruppe-265x175.jpg 265w, https:\/\/www.fuldaernachrichten.de\/wp-content\/uploads\/2012\/06\/Gruppe.jpg 592w\" sizes=\"(max-width: 265px) 100vw, 265px\" \/><\/a>Viele Ehreng\u00e4ste waren gekommen, darunter auch Propst Bernd B\u00f6ttner aus Hanau. In seinen mutmachenden Worten, hoffte er, dass der Bauprozess neben dem Schwei\u00df, den er br\u00e4chte, auch den Zusammenhalt st\u00e4rke, ja ein St\u00fcck weiterer Gemeindeaufbau werde. Der Pr\u00e4sident der Industrie- und Handelskammer Fulda und Gemeindeglied Bernhard Juchheim lobte den Pfarrer, der neben seinen seelsorgerlichen Eigenschaften ein wahrer Motivator sei, man k\u00f6nne ihm kaum einen Wunsch abschlagen. K\u00fcnstlerin Christine Hartmann, atelier 14 aus Harmerz, unterstrich in ihren Worten, dass jede Gabe im Bau der Kirche gebraucht werde und gleich wichtig sei, wenn sie ihr Fundament in Jesus Christus h\u00e4tte.<\/p>\n<p>Neue Aufbr\u00fcche deutete Pfarrer B\u00fcrger in seinen Schlussworten an: \u201eWir stehen noch vor finanziellen Herausforderungen. Gibt jeder ein Teil, gibt jeder ein St\u00fcck Dach, kann unsere Kirche gebaut werden.\u201c 83.000\u00e2\u201a\u00ac fehlen der Gemeinde noch f\u00fcr die Dach- und Fassadensanierung. Zur Verdeutlichung hat die Gemeinde ein Transparent an den Kirchturm angebracht: \u201eMeine Kirche &#8211; ein St\u00fcck Dach von mir!\u201c Ja, hier geschieht wirklich Aufbruch.<\/p>\n","protected":false},"excerpt":{"rendered":"<div class=\"tmnf_excerpt\"><p>Fulda. \u201eViele reden von Aufbruch. Hier geschieht Aufbruch\u201c, so Bundestagsabgeordneter Michael Brand bei seinem Gru\u00dfwort am Tag der Grundsteinlegung f\u00fcr den Erweiterungsbau der Kreuzkirche in Fulda. Rund 90 Gemeindeglieder und G\u00e4ste waren gekommen, um diesen Tag miteinander zu feiern. Aufgrund enormen Zuzugs und inhaltlicher Profilierung wie \u201eAAAndere Gottesdienste\u201c, Lauftreff und gro\u00dfem Ehrenamtsteam wurde das Gotteshaus, &hellip;<\/p>\n<\/div>","protected":false},"author":1,"featured_media":0,"comment_status":"closed","ping_status":"closed","sticky":false,"template":"","format":"standard","meta":{"footnotes":""},"categories":[1,50,78],"tags":[],"class_list":["post-99687","post","type-post","status-publish","format-standard","hentry","category-startseite","category-kirche","category-topthema"],"_links":{"self":[{"href":"https:\/\/www.fuldaernachrichten.de\/index.php?rest_route=\/wp\/v2\/posts\/99687","targetHints":{"allow":["GET"]}}],"collection":[{"href":"https:\/\/www.fuldaernachrichten.de\/index.php?rest_route=\/wp\/v2\/posts"}],"about":[{"href":"https:\/\/www.fuldaernachrichten.de\/index.php?rest_route=\/wp\/v2\/types\/post"}],"author":[{"embeddable":true,"href":"https:\/\/www.fuldaernachrichten.de\/index.php?rest_route=\/wp\/v2\/users\/1"}],"replies":[{"embeddable":true,"href":"https:\/\/www.fuldaernachrichten.de\/index.php?rest_route=%2Fwp%2Fv2%2Fcomments&post=99687"}],"version-history":[{"count":0,"href":"https:\/\/www.fuldaernachrichten.de\/index.php?rest_route=\/wp\/v2\/posts\/99687\/revisions"}],"wp:attachment":[{"href":"https:\/\/www.fuldaernachrichten.de\/index.php?rest_route=%2Fwp%2Fv2%2Fmedia&parent=99687"}],"wp:term":[{"taxonomy":"category","embeddable":true,"href":"https:\/\/www.fuldaernachrichten.de\/index.php?rest_route=%2Fwp%2Fv2%2Fcategories&post=99687"},{"taxonomy":"post_tag","embeddable":true,"href":"https:\/\/www.fuldaernachrichten.de\/index.php?rest_route=%2Fwp%2Fv2%2Ftags&post=99687"}],"curies":[{"name":"wp","href":"https:\/\/api.w.org\/{rel}","templated":true}]}}