{"id":99685,"date":"2012-06-22T00:12:33","date_gmt":"2012-06-22T00:12:33","guid":{"rendered":"http:\/\/www.fuldaer-nachrichten.de\/?p=99685"},"modified":"2012-06-22T07:41:05","modified_gmt":"2012-06-22T07:41:05","slug":"jugend-schreibt-literaturwettbewerb-des-hessischen-ministeriums-fur-wissenschaft-und-kunst-durchgefuhrt-von-der-kinder-akademie-fulda","status":"publish","type":"post","link":"https:\/\/www.fuldaernachrichten.de\/?p=99685","title":{"rendered":"Jugend schreibt: Literaturwettbewerb des Hessischen Ministeriums f\u00fcr Wissenschaft und Kunst durchgef\u00fchrt von der Kinder-Akademie Fulda"},"content":{"rendered":"<p>Fulda. Der Wettbewerb &#8216;Jugend schreibt&#8217; wird im Schuljahr 2012\/2013 zum zweiten Mal durchgef\u00fchrt. Aufgefordert sind alle Jugendlichen zwischen 12 und 15 Jahren aus Hessen, ihr literarisches Talent\u00c2\u00a0 unter Beweis zu stellen. Egal ob Krimi, Gedicht, Er-z\u00e4hlung oder Kurzgeschichte, es kommt darauf an, dass die Texte das Interesse der Jury fesseln. Juriert wird in 2 Altersgruppen: 12 bis 13 Jahre und 14 bis 15 Jahre. F\u00fcr jede Altersgruppe gibt es ein eigenes Thema.<!--more--><\/p>\n<p><strong>Die Themen:<\/strong><\/p>\n<p><span style=\"text-decoration: underline;\">12 bis 13 Jahre: Elfen und Helden<\/span><\/p>\n<p>Die Sprachforscher Jacob und Wilhelm Grimm begannen Anfang des 19. Jahrhunderts in Kassel m\u00fcndlich \u00fcberlieferte M\u00e4rchen aufzuschreiben. Im Dezember 1812 wurde der erste Band der Kinder- und Hausm\u00e4rchen ver\u00f6ffentlicht. Bis heute geh\u00f6ren die von den Br\u00fcdern Grimm gesammelten M\u00e4rchen wie Froschk\u00f6nig, Rotk\u00e4ppchen oder Dorn-r\u00f6schen zu den bekanntesten Werken der deutschen Literatur. Das 200-j\u00e4hrige Grimm-Jubil\u00e4um steht mit dem Motto &#8216;Elfen und Helden&#8217; in der Altersgruppe der 12- bis 13-J\u00e4hrigen Pate f\u00fcr den Wettbewerb Jugend schreibt\u00c2\u00a0 im Jahr 2012\/2013.<\/p>\n<p><span style=\"text-decoration: underline;\">14 bis 15 Jahre: gerecht &amp; frei<\/span><\/p>\n<p>Georg B\u00fcchner z\u00e4hlt zu den gr\u00f6\u00dften deutschen Autoren des 19. Jahrhunderts und Wegbereitern der politischen Literatur. Zu Lebzeiten galt er als Revolution\u00e4r, wurde steckbrieflich gesucht und musste von Hessen nach Stra\u00dfburg fliehen. Dort und in seinem sp\u00e4teren Wohnort\u00c2\u00a0 Z\u00fcrich entstanden die Werke \u201eDantons Tod\u201c, &#8216;Leonce und Lena&#8217; oder &#8216;Woyzeck&#8217;, die bis heute zur klassischen Schullekt\u00fcre z\u00e4hlen.\u00c2\u00a0 Angelehnt an B\u00fcchners Schaffen und Wirken steht der hessische Wettbewerb &#8216;Jugend schreibt&#8217;\u00c2\u00a0 im Jahr 2012\/13 in der Altersgruppe der 14- bis 15-J\u00e4hrigen unter dem Motto \u201egerecht &amp; frei\u201c.<\/p>\n<p><strong><span style=\"text-decoration: underline;\">Teilnahmebedingungen:<\/span><\/strong><\/p>\n<p><strong>Textl\u00e4nge: <\/strong>maximale L\u00e4nge 3 Seiten<br \/>\n(einseitig beschrieben, Schriftgr\u00f6\u00dfe 12 Punkt, Seiten nummeriert)<br \/>\n<strong>Auf der R\u00fcckseite vermerken:<\/strong> Vor- und Nachname, Alter, Privatadresse, Telefonnummer; bei Schulklassen Anschrift und Klasse<strong><br \/>\nGewinn: <\/strong>Teilnahme an einer Schreibwerkstatt<br \/>\n<strong>Einsendeschluss:\u00c2\u00a0 <\/strong>12. November 2012 (Datum des Poststempels)<br \/>\n<strong>Einsendungen an: <\/strong>Kinder-Akademie Fulda,\u00c2\u00a0<strong> Stichwort:<\/strong> Jugend schreibt, Mehlerstr. 4, 36043 Fulda<\/p>\n<p>&nbsp;<\/p>\n","protected":false},"excerpt":{"rendered":"<div class=\"tmnf_excerpt\"><p>Fulda. Der Wettbewerb &#8216;Jugend schreibt&#8217; wird im Schuljahr 2012\/2013 zum zweiten Mal durchgef\u00fchrt. Aufgefordert sind alle Jugendlichen zwischen 12 und 15 Jahren aus Hessen, ihr literarisches Talent\u00c2\u00a0 unter Beweis zu stellen. Egal ob Krimi, Gedicht, Er-z\u00e4hlung oder Kurzgeschichte, es kommt darauf an, dass die Texte das Interesse der Jury fesseln. Juriert wird in 2 Altersgruppen: &hellip;<\/p>\n<\/div>","protected":false},"author":1,"featured_media":0,"comment_status":"closed","ping_status":"closed","sticky":false,"template":"","format":"standard","meta":{"footnotes":""},"categories":[1,53],"tags":[],"class_list":["post-99685","post","type-post","status-publish","format-standard","hentry","category-startseite","category-bildung"],"_links":{"self":[{"href":"https:\/\/www.fuldaernachrichten.de\/index.php?rest_route=\/wp\/v2\/posts\/99685","targetHints":{"allow":["GET"]}}],"collection":[{"href":"https:\/\/www.fuldaernachrichten.de\/index.php?rest_route=\/wp\/v2\/posts"}],"about":[{"href":"https:\/\/www.fuldaernachrichten.de\/index.php?rest_route=\/wp\/v2\/types\/post"}],"author":[{"embeddable":true,"href":"https:\/\/www.fuldaernachrichten.de\/index.php?rest_route=\/wp\/v2\/users\/1"}],"replies":[{"embeddable":true,"href":"https:\/\/www.fuldaernachrichten.de\/index.php?rest_route=%2Fwp%2Fv2%2Fcomments&post=99685"}],"version-history":[{"count":1,"href":"https:\/\/www.fuldaernachrichten.de\/index.php?rest_route=\/wp\/v2\/posts\/99685\/revisions"}],"predecessor-version":[{"id":99686,"href":"https:\/\/www.fuldaernachrichten.de\/index.php?rest_route=\/wp\/v2\/posts\/99685\/revisions\/99686"}],"wp:attachment":[{"href":"https:\/\/www.fuldaernachrichten.de\/index.php?rest_route=%2Fwp%2Fv2%2Fmedia&parent=99685"}],"wp:term":[{"taxonomy":"category","embeddable":true,"href":"https:\/\/www.fuldaernachrichten.de\/index.php?rest_route=%2Fwp%2Fv2%2Fcategories&post=99685"},{"taxonomy":"post_tag","embeddable":true,"href":"https:\/\/www.fuldaernachrichten.de\/index.php?rest_route=%2Fwp%2Fv2%2Ftags&post=99685"}],"curies":[{"name":"wp","href":"https:\/\/api.w.org\/{rel}","templated":true}]}}