{"id":99670,"date":"2012-06-22T00:10:30","date_gmt":"2012-06-22T00:10:30","guid":{"rendered":"http:\/\/www.fuldaer-nachrichten.de\/?p=99670"},"modified":"2012-06-22T07:16:46","modified_gmt":"2012-06-22T07:16:46","slug":"vertreter-der-hessischen-verwaltungsstelle-des-biospharenreservates-rhon-besuchten-umweltbildungsprojekte-der-bayerischen-kollegen","status":"publish","type":"post","link":"https:\/\/www.fuldaernachrichten.de\/?p=99670","title":{"rendered":"Vertreter der Hessischen Verwaltungsstelle des Biosph\u00e4renreservates Rh\u00f6n besuchten Umweltbildungsprojekte der bayerischen Kollegen"},"content":{"rendered":"<p><a href=\"http:\/\/www.fuldaer-nachrichten.de\/wp-content\/uploads\/2012\/06\/96-Biberburg.jpg\"><img decoding=\"async\" class=\"alignleft size-thumbnail wp-image-99671\" title=\"96 Biberburg\" src=\"http:\/\/www.fuldaer-nachrichten.de\/wp-content\/uploads\/2012\/06\/96-Biberburg-265x175.jpg\" alt=\"\" width=\"265\" height=\"175\" srcset=\"https:\/\/www.fuldaernachrichten.de\/wp-content\/uploads\/2012\/06\/96-Biberburg-265x175.jpg 265w, https:\/\/www.fuldaernachrichten.de\/wp-content\/uploads\/2012\/06\/96-Biberburg.jpg 600w\" sizes=\"(max-width: 265px) 100vw, 265px\" \/><\/a>Rh\u00f6n. Einige Vertreter der Hessischen Verwaltungsstelle des Biosph\u00e4renreservates Rh\u00f6n besuchten k\u00fcrzlich ihre bayerischen Kollegen im Landkreis Bad Kissingen, um sich \u00fcber Umweltbildungsprojekte zu informieren. Erstes Ziel war die neue Ausstellung im \u201eHaus der Schwarzen Berge\u201c in Oberbach, die das Biosph\u00e4renreservat in all seinen Facetten darstellt. Danach ging es zum Katholischen Kneipp-Kindergarten Bad Bocklet, der durch seinen Schwerpunkt auf gesunder Ern\u00e4hrung und Naturverbundenheit erreicht hat, dass die Pl\u00e4tze auf drei Jahre ausgebucht sind. Eine besondere Rolle spielt dort der Biber: Im Au\u00dfengel\u00e4nde des Kindergartens wurde, in Zusammenarbeit mit den Eltern und \u00fcber Spenden finanziert, ein Biberbau errichtet, der als \u201eKlassenzimmer\u201c fungiert und den Kindern den Lebensraum des Bibers n\u00e4her bringt. Dieses Projekt lebt insbesondere vom Engagement der Erzieherinnen, deren n\u00e4chster Plan die Zusammenstellung einer \u201eNaturschatzkiste\u201c ist, um den jungen Familien Anregungen zu Ausfl\u00fcgen in die Natur im Landkreis zu geben.<!--more--><\/p>\n<p>Im Anschluss wurde der Wildpark Klaushof besucht. Dort wurden in Zusammenarbeit mit der Universit\u00e4t W\u00fcrzburg ein Wildkatzen-Lehrpfad und mehrere Stationen zum Fischotter installiert, die besonders Kindern den Lebensraum dieser beiden Tiere anschaulich machen. So kann man \u00fcber einen Trichter erleben, wie die Wildkatze h\u00f6rt, oder in einem Wasserbecken selbst erfahren, wie sich die Schwimmh\u00e4ute des Otters im Wasser auswirken. Das Konzept verkn\u00fcpft familienfreundlich die Pr\u00e4sentation der heimischen Tierwelt mit kindgerechter Wissensvermittlung. Auch in der begehbaren Waldvogel-Voliere ist die Natur zum Greifen nah.<\/p>\n<p>Der kr\u00f6nende Abschluss war dann die Beobachtung einer Biberfamilie an der Saale bei Bad Kissingen am Abend. Martin Kremer vom Biosph\u00e4renreservat Rh\u00f6n, Hessen, bedankte sich bei Claus Schenk, Info-Zentrum \u201eHaus der Schwarzen Berge\u201c, f\u00fcr die informative Exkursion und die zahlreichen Anregungen der l\u00e4nder\u00fcbergreifenden Umweltbildung.<\/p>\n","protected":false},"excerpt":{"rendered":"<div class=\"tmnf_excerpt\"><p>Rh\u00f6n. Einige Vertreter der Hessischen Verwaltungsstelle des Biosph\u00e4renreservates Rh\u00f6n besuchten k\u00fcrzlich ihre bayerischen Kollegen im Landkreis Bad Kissingen, um sich \u00fcber Umweltbildungsprojekte zu informieren. Erstes Ziel war die neue Ausstellung im \u201eHaus der Schwarzen Berge\u201c in Oberbach, die das Biosph\u00e4renreservat in all seinen Facetten darstellt. Danach ging es zum Katholischen Kneipp-Kindergarten Bad Bocklet, der durch &hellip;<\/p>\n<\/div>","protected":false},"author":1,"featured_media":0,"comment_status":"closed","ping_status":"closed","sticky":false,"template":"","format":"standard","meta":{"footnotes":""},"categories":[1,53],"tags":[],"class_list":["post-99670","post","type-post","status-publish","format-standard","hentry","category-startseite","category-bildung"],"_links":{"self":[{"href":"https:\/\/www.fuldaernachrichten.de\/index.php?rest_route=\/wp\/v2\/posts\/99670","targetHints":{"allow":["GET"]}}],"collection":[{"href":"https:\/\/www.fuldaernachrichten.de\/index.php?rest_route=\/wp\/v2\/posts"}],"about":[{"href":"https:\/\/www.fuldaernachrichten.de\/index.php?rest_route=\/wp\/v2\/types\/post"}],"author":[{"embeddable":true,"href":"https:\/\/www.fuldaernachrichten.de\/index.php?rest_route=\/wp\/v2\/users\/1"}],"replies":[{"embeddable":true,"href":"https:\/\/www.fuldaernachrichten.de\/index.php?rest_route=%2Fwp%2Fv2%2Fcomments&post=99670"}],"version-history":[{"count":0,"href":"https:\/\/www.fuldaernachrichten.de\/index.php?rest_route=\/wp\/v2\/posts\/99670\/revisions"}],"wp:attachment":[{"href":"https:\/\/www.fuldaernachrichten.de\/index.php?rest_route=%2Fwp%2Fv2%2Fmedia&parent=99670"}],"wp:term":[{"taxonomy":"category","embeddable":true,"href":"https:\/\/www.fuldaernachrichten.de\/index.php?rest_route=%2Fwp%2Fv2%2Fcategories&post=99670"},{"taxonomy":"post_tag","embeddable":true,"href":"https:\/\/www.fuldaernachrichten.de\/index.php?rest_route=%2Fwp%2Fv2%2Ftags&post=99670"}],"curies":[{"name":"wp","href":"https:\/\/api.w.org\/{rel}","templated":true}]}}