{"id":99666,"date":"2012-06-22T00:10:30","date_gmt":"2012-06-22T00:10:30","guid":{"rendered":"http:\/\/www.fuldaer-nachrichten.de\/?p=99666"},"modified":"2012-06-22T07:09:02","modified_gmt":"2012-06-22T07:09:02","slug":"gambettagasse-gesperrt","status":"publish","type":"post","link":"https:\/\/www.fuldaernachrichten.de\/?p=99666","title":{"rendered":"Gambettagasse gesperrt"},"content":{"rendered":"<p>Fulda. Wegen Bauarbeiten bleibt der obere Teil der Gambettagasse ab Dienstag, 26. Juni, voraussichtlich bis zum 27. Juli gesperrt. Der Zugang zum Berufsinformationszentrum (BIZ) ist in dieser Zeit nur von der L\u00f6herstra\u00dfe aus m\u00f6glich.<\/p>\n","protected":false},"excerpt":{"rendered":"<div class=\"tmnf_excerpt\"><p>Fulda. Wegen Bauarbeiten bleibt der obere Teil der Gambettagasse ab Dienstag, 26. Juni, voraussichtlich bis zum 27. Juli gesperrt. Der Zugang zum Berufsinformationszentrum (BIZ) ist in dieser Zeit nur von der L\u00f6herstra\u00dfe aus m\u00f6glich.<\/p>\n<\/div>","protected":false},"author":1,"featured_media":0,"comment_status":"closed","ping_status":"closed","sticky":false,"template":"","format":"standard","meta":{"footnotes":""},"categories":[1,35],"tags":[],"class_list":["post-99666","post","type-post","status-publish","format-standard","hentry","category-startseite","category-auto"],"_links":{"self":[{"href":"https:\/\/www.fuldaernachrichten.de\/index.php?rest_route=\/wp\/v2\/posts\/99666","targetHints":{"allow":["GET"]}}],"collection":[{"href":"https:\/\/www.fuldaernachrichten.de\/index.php?rest_route=\/wp\/v2\/posts"}],"about":[{"href":"https:\/\/www.fuldaernachrichten.de\/index.php?rest_route=\/wp\/v2\/types\/post"}],"author":[{"embeddable":true,"href":"https:\/\/www.fuldaernachrichten.de\/index.php?rest_route=\/wp\/v2\/users\/1"}],"replies":[{"embeddable":true,"href":"https:\/\/www.fuldaernachrichten.de\/index.php?rest_route=%2Fwp%2Fv2%2Fcomments&post=99666"}],"version-history":[{"count":0,"href":"https:\/\/www.fuldaernachrichten.de\/index.php?rest_route=\/wp\/v2\/posts\/99666\/revisions"}],"wp:attachment":[{"href":"https:\/\/www.fuldaernachrichten.de\/index.php?rest_route=%2Fwp%2Fv2%2Fmedia&parent=99666"}],"wp:term":[{"taxonomy":"category","embeddable":true,"href":"https:\/\/www.fuldaernachrichten.de\/index.php?rest_route=%2Fwp%2Fv2%2Fcategories&post=99666"},{"taxonomy":"post_tag","embeddable":true,"href":"https:\/\/www.fuldaernachrichten.de\/index.php?rest_route=%2Fwp%2Fv2%2Ftags&post=99666"}],"curies":[{"name":"wp","href":"https:\/\/api.w.org\/{rel}","templated":true}]}}