{"id":99663,"date":"2012-06-22T00:13:08","date_gmt":"2012-06-22T00:13:08","guid":{"rendered":"http:\/\/www.fuldaer-nachrichten.de\/?p=99663"},"modified":"2012-06-22T07:06:18","modified_gmt":"2012-06-22T07:06:18","slug":"team-vom-netzwerk-hauptschule-begluckwunscht-60-absolventen-des-projektjahres","status":"publish","type":"post","link":"https:\/\/www.fuldaernachrichten.de\/?p=99663","title":{"rendered":"Team vom Netzwerk Hauptschule begl\u00fcckw\u00fcnscht 60 Absolventen des Projektjahres"},"content":{"rendered":"<p><strong><a href=\"http:\/\/www.fuldaer-nachrichten.de\/wp-content\/uploads\/2012\/06\/Netzwerk-Hauptschule-Stipendiaten.jpg\"><img decoding=\"async\" class=\"alignleft size-thumbnail wp-image-99664\" title=\"Netzwerk-Hauptschule-Stipendiaten\" src=\"http:\/\/www.fuldaer-nachrichten.de\/wp-content\/uploads\/2012\/06\/Netzwerk-Hauptschule-Stipendiaten-265x150.jpg\" alt=\"\" width=\"265\" height=\"150\" srcset=\"https:\/\/www.fuldaernachrichten.de\/wp-content\/uploads\/2012\/06\/Netzwerk-Hauptschule-Stipendiaten-265x150.jpg 265w, https:\/\/www.fuldaernachrichten.de\/wp-content\/uploads\/2012\/06\/Netzwerk-Hauptschule-Stipendiaten.jpg 592w\" sizes=\"(max-width: 265px) 100vw, 265px\" \/><\/a>Fulda.<\/strong> Jubel, tosender Applaus und fr\u00f6hliches Stimmengewirr: Der Abschlussabend des Netzwerkes Hauptschule mit \u00fcber 150 G\u00e4sten im Seminarzentrum des Bildungsunternehmens Dr. Jordan war wieder einmal getragen von der Freude, dass 60 Sch\u00fclerinnen und Sch\u00fcler ihre Abschlusszertifikate entgegennehmen konnten. W\u00e4hrend des zur\u00fcckliegenden Schuljahres hatten die Jugendlichen gemeinsam in ihrer Freizeit Schulisches vertieft, Praktika absolviert und sich mit vielf\u00e4ltigen Aktivit\u00e4ten auf die Zeit nach der Schulzeit vorbereitet. In seiner Ansprache verdeutlichte der Vorsitzende des Netzwerkes Hauptschule, Peter Vater, dass sich das Projekt bestens etabliert und weiterentwickelt habe \u2013 und mittlerweile ein Erfolgsmodell sei. Folgerichtig werden daher im kommenden Schuljahr auch die ersten Realschulen einbezogen; aus dem Netzwerk Hauptschule wird dann &#8220;Netzwerk Schulen&#8221;. &#8220;Das Netzwerk kann jedoch nur so reibungslos funktionieren, weil alle Partner, angefangen von den Schulen \u00fcber die Agentur f\u00fcr Arbeit, den Schultr\u00e4gern und Unternehmen sowie vielen anderen, an einem Strang ziehen.&#8221;<!--more--><\/p>\n<p>Was erwarten die Unternehmen von den Jugendlichen? Diese Frage beantwortete der Ehrengast des Abends, Monika Hau\u00df-Schmid als Gesch\u00e4ftsf\u00fchrerin der Werner-Schmid GmbH: &#8220;Wir erwarten unter anderem Aufmerksamkeit, Flexibilit\u00e4t, Teamf\u00e4higkeit und Durchhalteverm\u00f6gen.&#8221; Wichtig sei es dar\u00fcber hinaus, an sich selber zu glauben und Leistungsbereitschaft mitzubringen. &#8220;Sie haben eigenen Antrieb mitgebracht und eine eigene Leistung gezeigt &#8211; darauf k\u00f6nnen Sie stolz sein&#8221;, begl\u00fcckw\u00fcnschte die IHK- Vizepr\u00e4sidentin die Jugendlichen. Einen Appell richtete Hau\u00df-Schmid an die Unternehmen der Region: &#8220;lassen Sie uns im Sinne der Jugendlichen bereits w\u00e4hrend deren Schulzeit an einem Strang ziehen und setzen Sie mit F\u00f6rderungen an, wo immer es m\u00f6glich ist.&#8221; Besonders erfreut zeigte sich Peter Vater, dass der Ehrengast spontan seine Mitgliedschaft im F\u00f6rderverein zusagte.<\/p>\n<p>Als Projektleiterin lie\u00df Barbara Linder das zur\u00fcckliegende Schuljahr Revue passieren und wandte sich dabei zuerst an die Jugendlichen: &#8220;Wenngleich auch einmal eine Null-Bock-Phase dabei war und Eure Lehrer es dann nicht einfach hatten, freuen wir uns alle sehr \u00fcber Euren Erfolg.&#8221; Linder dankte an dieser Stelle insbesondere den Lehrern, die das Projekt mit gro\u00dfem Engagement begleitet hatten: &#8220;Heute erhalten 60 junge Menschen ihre Zertifikate und das ist es, was z\u00e4hlt.&#8221;<\/p>\n<p>&#8220;F\u00fcr mich ist der sch\u00f6nste Teil dieser Veranstaltung vorgesehen, denn ich darf Geschenke verteilen.&#8221; Mit diesen Worten begr\u00fc\u00dfte Prof. Dr. Lothar Jordan die G\u00e4ste und erl\u00e4uterte, dass er als Geschenk des Bildungsunternehmens vier Stipendien im Wert von je rund 15 000 Euro f\u00fcr die zweij\u00e4hrige Berufsfachschule an Sch\u00fclerinnen und Sch\u00fcler, die in diesem Jahr mit herausragenden Leistungen \u201egegl\u00e4nzt\u201c haben, \u00fcbergeben werde. &#8220;F\u00fcr mich ist diese F\u00f6rderung eine logische Folge zum Leistungsprinzip, denn aus guten Leistungen folgert das Belohnungsprinzip, wir m\u00f6chten unsere Anerkennung durch eine F\u00f6rderung der guten Sch\u00fcler zum Ausdruck bringen.&#8221; Mit gro\u00dfem Jubel nahmen Jessica Mehlmann, Ann-Katrin Pohl, Jennifer Trapp und Andreij Dunho ihre Stipendien entgegen.<\/p>\n<p>Zum Foto: Gratulation f\u00fcr die Stipendianten: (von links) Barbara Linder, Manfred Baumann, Peter Vater, Monika Hau\u00df-Schmid mit Jessica Mehlmann, Ann-Katrin Pohl, Jennifer Trapp, Andreij Dunho sowie Prof. Dr. Lothar Jordan und Ralf Metschies.<\/p>\n<p>&nbsp;<\/p>\n<p>&nbsp;<\/p>\n","protected":false},"excerpt":{"rendered":"<div class=\"tmnf_excerpt\"><p>Fulda. Jubel, tosender Applaus und fr\u00f6hliches Stimmengewirr: Der Abschlussabend des Netzwerkes Hauptschule mit \u00fcber 150 G\u00e4sten im Seminarzentrum des Bildungsunternehmens Dr. Jordan war wieder einmal getragen von der Freude, dass 60 Sch\u00fclerinnen und Sch\u00fcler ihre Abschlusszertifikate entgegennehmen konnten. W\u00e4hrend des zur\u00fcckliegenden Schuljahres hatten die Jugendlichen gemeinsam in ihrer Freizeit Schulisches vertieft, Praktika absolviert und sich &hellip;<\/p>\n<\/div>","protected":false},"author":1,"featured_media":0,"comment_status":"closed","ping_status":"closed","sticky":false,"template":"","format":"standard","meta":{"footnotes":""},"categories":[1,53],"tags":[],"class_list":["post-99663","post","type-post","status-publish","format-standard","hentry","category-startseite","category-bildung"],"_links":{"self":[{"href":"https:\/\/www.fuldaernachrichten.de\/index.php?rest_route=\/wp\/v2\/posts\/99663","targetHints":{"allow":["GET"]}}],"collection":[{"href":"https:\/\/www.fuldaernachrichten.de\/index.php?rest_route=\/wp\/v2\/posts"}],"about":[{"href":"https:\/\/www.fuldaernachrichten.de\/index.php?rest_route=\/wp\/v2\/types\/post"}],"author":[{"embeddable":true,"href":"https:\/\/www.fuldaernachrichten.de\/index.php?rest_route=\/wp\/v2\/users\/1"}],"replies":[{"embeddable":true,"href":"https:\/\/www.fuldaernachrichten.de\/index.php?rest_route=%2Fwp%2Fv2%2Fcomments&post=99663"}],"version-history":[{"count":0,"href":"https:\/\/www.fuldaernachrichten.de\/index.php?rest_route=\/wp\/v2\/posts\/99663\/revisions"}],"wp:attachment":[{"href":"https:\/\/www.fuldaernachrichten.de\/index.php?rest_route=%2Fwp%2Fv2%2Fmedia&parent=99663"}],"wp:term":[{"taxonomy":"category","embeddable":true,"href":"https:\/\/www.fuldaernachrichten.de\/index.php?rest_route=%2Fwp%2Fv2%2Fcategories&post=99663"},{"taxonomy":"post_tag","embeddable":true,"href":"https:\/\/www.fuldaernachrichten.de\/index.php?rest_route=%2Fwp%2Fv2%2Ftags&post=99663"}],"curies":[{"name":"wp","href":"https:\/\/api.w.org\/{rel}","templated":true}]}}