{"id":99659,"date":"2012-06-21T00:13:12","date_gmt":"2012-06-21T00:13:12","guid":{"rendered":"http:\/\/www.fuldaer-nachrichten.de\/?p=99659"},"modified":"2012-06-21T09:50:00","modified_gmt":"2012-06-21T09:50:00","slug":"an-die-stocke-fertig-los-8-nordic-plus-de-rhonlauf-am-kommenden-sonntag-in-poppenhausen","status":"publish","type":"post","link":"https:\/\/www.fuldaernachrichten.de\/?p=99659","title":{"rendered":"An die St\u00f6cke-fertig-los! 8. nordic-plus.de Rh\u00f6nlauf am kommenden Sonntag in Poppenhausen"},"content":{"rendered":"<p>Poppenhausen. In der Natursportgemeinde Poppenhausen findet am kommenden Sonntag, dem 24. Juni, zum 8. Mal Hessens gr\u00f6\u00dfter Nordic-Walking-Volkslauf statt mit drei sch\u00f6nen Panoramastrecken (5,9 km, 8,7 km u. 11 km) sowie zahlreichen Angeboten am Festplatz. Start und Ziel ist die Poppenhausener Sport- und Freizeitanlage L\u00fcttergrund. In der Verlosung winken den Teilnehmern wieder attraktive Preise. Der Erl\u00f6s dieser sportiven Veranstaltung geht wieder an die Spendenaktion der Fuldaer Zeitung \u201eIch brauche Deine Hilfe!\u201c Los geht&#8217;s um 10. 30 Uhr! Unterwegs gibt es gratis Erfrischungsgetr\u00e4nke von F\u00f6rstina-Mineralbrunnen.<\/p>\n<p>&nbsp;<\/p>\n","protected":false},"excerpt":{"rendered":"<div class=\"tmnf_excerpt\"><p>Poppenhausen. In der Natursportgemeinde Poppenhausen findet am kommenden Sonntag, dem 24. Juni, zum 8. Mal Hessens gr\u00f6\u00dfter Nordic-Walking-Volkslauf statt mit drei sch\u00f6nen Panoramastrecken (5,9 km, 8,7 km u. 11 km) sowie zahlreichen Angeboten am Festplatz. Start und Ziel ist die Poppenhausener Sport- und Freizeitanlage L\u00fcttergrund. In der Verlosung winken den Teilnehmern wieder attraktive Preise. Der &hellip;<\/p>\n<\/div>","protected":false},"author":1,"featured_media":0,"comment_status":"closed","ping_status":"closed","sticky":false,"template":"","format":"standard","meta":{"footnotes":""},"categories":[1,46],"tags":[],"class_list":["post-99659","post","type-post","status-publish","format-standard","hentry","category-startseite","category-sport"],"_links":{"self":[{"href":"https:\/\/www.fuldaernachrichten.de\/index.php?rest_route=\/wp\/v2\/posts\/99659","targetHints":{"allow":["GET"]}}],"collection":[{"href":"https:\/\/www.fuldaernachrichten.de\/index.php?rest_route=\/wp\/v2\/posts"}],"about":[{"href":"https:\/\/www.fuldaernachrichten.de\/index.php?rest_route=\/wp\/v2\/types\/post"}],"author":[{"embeddable":true,"href":"https:\/\/www.fuldaernachrichten.de\/index.php?rest_route=\/wp\/v2\/users\/1"}],"replies":[{"embeddable":true,"href":"https:\/\/www.fuldaernachrichten.de\/index.php?rest_route=%2Fwp%2Fv2%2Fcomments&post=99659"}],"version-history":[{"count":1,"href":"https:\/\/www.fuldaernachrichten.de\/index.php?rest_route=\/wp\/v2\/posts\/99659\/revisions"}],"predecessor-version":[{"id":99660,"href":"https:\/\/www.fuldaernachrichten.de\/index.php?rest_route=\/wp\/v2\/posts\/99659\/revisions\/99660"}],"wp:attachment":[{"href":"https:\/\/www.fuldaernachrichten.de\/index.php?rest_route=%2Fwp%2Fv2%2Fmedia&parent=99659"}],"wp:term":[{"taxonomy":"category","embeddable":true,"href":"https:\/\/www.fuldaernachrichten.de\/index.php?rest_route=%2Fwp%2Fv2%2Fcategories&post=99659"},{"taxonomy":"post_tag","embeddable":true,"href":"https:\/\/www.fuldaernachrichten.de\/index.php?rest_route=%2Fwp%2Fv2%2Ftags&post=99659"}],"curies":[{"name":"wp","href":"https:\/\/api.w.org\/{rel}","templated":true}]}}