{"id":99657,"date":"2012-06-21T00:10:05","date_gmt":"2012-06-21T00:10:05","guid":{"rendered":"http:\/\/www.fuldaer-nachrichten.de\/?p=99657"},"modified":"2012-06-21T09:45:22","modified_gmt":"2012-06-21T09:45:22","slug":"zement-und-kalkwerke-otterbein-spenden-kalksteine-und-estrich-beton-an-arche-noah","status":"publish","type":"post","link":"https:\/\/www.fuldaernachrichten.de\/?p=99657","title":{"rendered":"Zement- und Kalkwerke Otterbein spenden Kalksteine und Estrich-Beton an \u201eArche Noah\u201c"},"content":{"rendered":"<p><strong><a href=\"http:\/\/www.fuldaer-nachrichten.de\/wp-content\/uploads\/2012\/06\/Gruppenfoto2.jpg\"><img decoding=\"async\" class=\"alignleft size-thumbnail wp-image-99658\" title=\"Gruppenfoto2\" src=\"http:\/\/www.fuldaer-nachrichten.de\/wp-content\/uploads\/2012\/06\/Gruppenfoto2-265x175.jpg\" alt=\"\" width=\"265\" height=\"175\" srcset=\"https:\/\/www.fuldaernachrichten.de\/wp-content\/uploads\/2012\/06\/Gruppenfoto2-265x175.jpg 265w, https:\/\/www.fuldaernachrichten.de\/wp-content\/uploads\/2012\/06\/Gruppenfoto2.jpg 592w\" sizes=\"(max-width: 265px) 100vw, 265px\" \/><\/a>Bimbach\/Gro\u00dfenl\u00fcder<\/strong>. Gro\u00dfe Freude bei den Bewohnern\u00c2\u00a0 der \u201eArche Noah\u201c in Bimbach: \u00c2\u00a0F\u00fcr die Gestaltung des Au\u00dfenbereichs haben die\u00c2\u00a0 Zement- und Kalkwerke Otterbein der sozialen Einrichtung, die dem Verein \u201eGemeinsam Leben \u2013 Gemeinsam Lernen\u201c angeh\u00f6rt, \u00c2\u00a0mehrere Paletten Estrich-Beton und Kalksteine kostenlos zur Verf\u00fcgung gestellt. \u00c2\u00a0\u201eGerade jetzt nach der Fertigstellung unseres Geb\u00e4udes war es nat\u00fcrlich auch notwendig, den Garten anzulegen. Wir sind sehr dankbar daf\u00fcr, dass uns dabei die Firma Otterbein \u2013und insbesondere Alfred Bomba, der tatkr\u00e4ftig mit angepackt hat \u2013 so stark unterst\u00fctzt hat, \u201c berichtet der Vorsitzende Helmut Blum.<br \/>\n<!--more--><\/p>\n<p>Zum Foto: Freuen sich \u00fcber die Spende der Zement- und Kalkwerke Otterbein: \u00c2\u00a0Der Vorsitzende der \u201eArche Noah\u201c, Helmut Blum (hinten links), mit Horst Exner, Vorstandsmitglied von \u201eGemeinsam Leben \u2013 Gemeinsam Lernen\u201c \u00c2\u00a0(vorne links), Otterbein-Betriebsleiter Alfred Bomba (rechts) und den Bewohnern der Einrichtung.<\/p>\n","protected":false},"excerpt":{"rendered":"<div class=\"tmnf_excerpt\"><p>Bimbach\/Gro\u00dfenl\u00fcder. Gro\u00dfe Freude bei den Bewohnern\u00c2\u00a0 der \u201eArche Noah\u201c in Bimbach: \u00c2\u00a0F\u00fcr die Gestaltung des Au\u00dfenbereichs haben die\u00c2\u00a0 Zement- und Kalkwerke Otterbein der sozialen Einrichtung, die dem Verein \u201eGemeinsam Leben \u2013 Gemeinsam Lernen\u201c angeh\u00f6rt, \u00c2\u00a0mehrere Paletten Estrich-Beton und Kalksteine kostenlos zur Verf\u00fcgung gestellt. \u00c2\u00a0\u201eGerade jetzt nach der Fertigstellung unseres Geb\u00e4udes war es nat\u00fcrlich auch notwendig, &hellip;<\/p>\n<\/div>","protected":false},"author":1,"featured_media":0,"comment_status":"closed","ping_status":"closed","sticky":false,"template":"","format":"standard","meta":{"footnotes":""},"categories":[1],"tags":[],"class_list":["post-99657","post","type-post","status-publish","format-standard","hentry","category-startseite"],"_links":{"self":[{"href":"https:\/\/www.fuldaernachrichten.de\/index.php?rest_route=\/wp\/v2\/posts\/99657","targetHints":{"allow":["GET"]}}],"collection":[{"href":"https:\/\/www.fuldaernachrichten.de\/index.php?rest_route=\/wp\/v2\/posts"}],"about":[{"href":"https:\/\/www.fuldaernachrichten.de\/index.php?rest_route=\/wp\/v2\/types\/post"}],"author":[{"embeddable":true,"href":"https:\/\/www.fuldaernachrichten.de\/index.php?rest_route=\/wp\/v2\/users\/1"}],"replies":[{"embeddable":true,"href":"https:\/\/www.fuldaernachrichten.de\/index.php?rest_route=%2Fwp%2Fv2%2Fcomments&post=99657"}],"version-history":[{"count":0,"href":"https:\/\/www.fuldaernachrichten.de\/index.php?rest_route=\/wp\/v2\/posts\/99657\/revisions"}],"wp:attachment":[{"href":"https:\/\/www.fuldaernachrichten.de\/index.php?rest_route=%2Fwp%2Fv2%2Fmedia&parent=99657"}],"wp:term":[{"taxonomy":"category","embeddable":true,"href":"https:\/\/www.fuldaernachrichten.de\/index.php?rest_route=%2Fwp%2Fv2%2Fcategories&post=99657"},{"taxonomy":"post_tag","embeddable":true,"href":"https:\/\/www.fuldaernachrichten.de\/index.php?rest_route=%2Fwp%2Fv2%2Ftags&post=99657"}],"curies":[{"name":"wp","href":"https:\/\/api.w.org\/{rel}","templated":true}]}}