{"id":99649,"date":"2012-06-21T09:02:04","date_gmt":"2012-06-21T09:02:04","guid":{"rendered":"http:\/\/www.fuldaer-nachrichten.de\/?p=99649"},"modified":"2012-06-21T09:02:04","modified_gmt":"2012-06-21T09:02:04","slug":"spatenstich-fur-burokomplex-in-der-friedrich-dietz-strase-in-kunzeller-ortsmitte","status":"publish","type":"post","link":"https:\/\/www.fuldaernachrichten.de\/?p=99649","title":{"rendered":"Spatenstich f\u00fcr B\u00fcrokomplex in der Friedrich-Dietz-Stra\u00dfe in K\u00fcnzeller Ortsmitte"},"content":{"rendered":"<p><a href=\"http:\/\/www.fuldaer-nachrichten.de\/wp-content\/uploads\/2012\/06\/1491.jpg\"><img decoding=\"async\" class=\"alignleft size-thumbnail wp-image-99650\" title=\"1491\" src=\"http:\/\/www.fuldaer-nachrichten.de\/wp-content\/uploads\/2012\/06\/1491-265x176.jpg\" alt=\"\" width=\"265\" height=\"176\" srcset=\"https:\/\/www.fuldaernachrichten.de\/wp-content\/uploads\/2012\/06\/1491-265x176.jpg 265w, https:\/\/www.fuldaernachrichten.de\/wp-content\/uploads\/2012\/06\/1491.jpg 592w\" sizes=\"(max-width: 265px) 100vw, 265px\" \/><\/a>K\u00fcnzell. Bereits seit 1989 sei der \u201eneue\u201c Ortsmittelpunkt von K\u00fcnzell in Planung, sagte B\u00fcrgermeister Peter Meinecke, und nun nehme er in gro\u00dfen Schritten Gestalt an: Investor Jochen Hohmann hatte nun mit dem Ankermieter, der Firma CSS, zum Spatenstich f\u00fcr einen Komplex mit rund 3000 Quadratmetern B\u00fcrofl\u00e4che geladen. Nachdem am neuen K\u00fcnzeller Ortsmittelpunkt bereits ein Wohn- und Gesch\u00e4ftshaus im Betrieb ist, eine Immobilie mit 30 Wohnungen sowie ein Parkhaus (am Edeka-Markt Hahner) sich aktuell im Bau befinden, folgte nun ein weiterer \u201eMeilenstein\u201c, wie B\u00fcrgermeister\u00c2\u00a0Peter Meinecke\u00c2\u00a0formulierte: \u201eWir sind eine der wenigen gl\u00fccklichen Gemeinden, die sich noch \u00fcber Zuzug freuen k\u00f6nnen. Wir sind aber auch eine auffallend \u00e2\u20ac\u0161gr\u00fcne\u00e2\u20ac\u2122 Gemeinde, und so m\u00f6chten wir auch unseren neuen Ortsmittelpunkt gestalten.\u201c Zwischen Penny-Markt und Edeka-Hahner soll bis 2014 dann eben auch der Dorfplatz mit Brunnen, kleinem W\u00e4ldchen und vielem mehr zum Verweilen einladen. In den letzten Monaten sei daf\u00fcr rundherum bereits die Infrastruktur samt Zuwegung geschaffen worden.<!--more--><\/p>\n<p><strong><\/strong> Und nun fand der Spatenstich f\u00fcr eine weitere Baustein des Gesamtkonzepts \u201eneue Ortsmitte\u201c statt: \u201eBauen ist nicht nur unser Beruf, sondern eine Berufung. Und leidenschaftlich gerne bauen wir in unserer Heimatgemeinde K\u00fcnzell\u201c, erkl\u00e4rte Investor und Bauherr\u00c2\u00a0Jochen Hohmann. Nach l\u00e4ngerer Wettbewerbs- und Planungsphase entstehen hier nun auf mehreren Etagen insgesamt rund 3000 Quadratmeter B\u00fcrofl\u00e4che, die als Ankermieter die Software Firma \u201eCSS\u201c aus K\u00fcnzell beziehen wird.<\/p>\n<p>\u201eCSS wurde 1984 gegr\u00fcndet und ist eines der innovativsten Softwareh\u00e4user im deutschen Mittelstand. Von unseren rund 130 Mitarbeitern werden mehr als 100 ab dem kommenden Jahr am neuen Hauptsitz t\u00e4tig sein\u201c, erkl\u00e4rten die gesch\u00e4ftsf\u00fchrenden Gesellschafter Michael Friemel und Armin Prinz. Durch die Zusammenlegung mehrerer Standorte an die K\u00fcnzeller Ortsmitte sollen Synergien genutzt und die Kommunikation im Unternehmen durch eine\u00c2\u00a0 entsprechende B\u00fcrogestaltung optimiert werden. Man freue sich, mit Jochen Hohmann einen verl\u00e4sslichen und erfahrenen Partner aus der Immobilienbranche gefunden zu haben. B\u00fcrgermeister Meinecke lobte die rege Investitionst\u00e4tigkeit an der neuen Ortsmitte und freute sich, dass das K\u00fcnzeller Architekturb\u00fcro Hohmann den vorausgehenden Architekturwettbewerb gewonnen habe. \u201eImmobilien sind in Zeiten der Eurokrise wieder eine interessante Geldanlage\u201c, erkl\u00e4rte Architekt Hohmann. Das neue Geb\u00e4ude trage den Namen \u201eKindecella\u201c, um an die Gr\u00fcndungsjahre K\u00fcnzells zu erinnern. W\u00e4hrend CSS das erste und zweite Obergeschoss sowie das Dachgeschoss beziehen wird, seien im Erdgeschoss noch Teilfl\u00e4chen in verschiedenen Gr\u00f6\u00dfen f\u00fcr B\u00fcros und Dienstleister verf\u00fcgbar. Mit einer Tiefgarage und einer unmittelbaren Anbindung an den \u00f6ffentlichen Personennahverkehr sei auch verkehrstechnisch eine optimale L\u00f6sung gefunden worden.<\/p>\n<p>Au\u00dferdem erg\u00e4nzte Investor und Bauherr Jochen Hohmann: \u201eAlle erdenklichen Einrichtungen des t\u00e4glichen Bedarfs befinden sich in unmittelbarer N\u00e4he, wie \u00c4rztehaus, Apotheke, Bank, Gastst\u00e4tten, Superm\u00e4rkte, Gesch\u00e4fte, Kirche und auch das Therme &amp; Spa Resort \u00e2\u20ac\u0161Sieben Welten\u00e2\u20ac\u2122 ist gut zu Fu\u00df erreichbar.\u201c Im Sommer 2013 soll das Geb\u00e4ude bezugsfertig sein.<\/p>\n<p><strong>Zum Foto:<br \/>\n<\/strong><\/p>\n<p>Von links nach rechts: Michael Friemel (CSS), Ottmar Hohmann, Armin Prinz (CSS), Investor Jochen Hohmann, B\u00fcrgermeister Peter Meinecke, Ortsvorsteher Toni Roth und Bauausschussvorsitzender Alfred Sch\u00f6ppner.<\/p>\n<p>&nbsp;<\/p>\n","protected":false},"excerpt":{"rendered":"<div class=\"tmnf_excerpt\"><p>K\u00fcnzell. Bereits seit 1989 sei der \u201eneue\u201c Ortsmittelpunkt von K\u00fcnzell in Planung, sagte B\u00fcrgermeister Peter Meinecke, und nun nehme er in gro\u00dfen Schritten Gestalt an: Investor Jochen Hohmann hatte nun mit dem Ankermieter, der Firma CSS, zum Spatenstich f\u00fcr einen Komplex mit rund 3000 Quadratmetern B\u00fcrofl\u00e4che geladen. Nachdem am neuen K\u00fcnzeller Ortsmittelpunkt bereits ein Wohn- &hellip;<\/p>\n<\/div>","protected":false},"author":1,"featured_media":0,"comment_status":"closed","ping_status":"closed","sticky":false,"template":"","format":"standard","meta":{"footnotes":""},"categories":[1,29],"tags":[],"class_list":["post-99649","post","type-post","status-publish","format-standard","hentry","category-startseite","category-politik"],"_links":{"self":[{"href":"https:\/\/www.fuldaernachrichten.de\/index.php?rest_route=\/wp\/v2\/posts\/99649","targetHints":{"allow":["GET"]}}],"collection":[{"href":"https:\/\/www.fuldaernachrichten.de\/index.php?rest_route=\/wp\/v2\/posts"}],"about":[{"href":"https:\/\/www.fuldaernachrichten.de\/index.php?rest_route=\/wp\/v2\/types\/post"}],"author":[{"embeddable":true,"href":"https:\/\/www.fuldaernachrichten.de\/index.php?rest_route=\/wp\/v2\/users\/1"}],"replies":[{"embeddable":true,"href":"https:\/\/www.fuldaernachrichten.de\/index.php?rest_route=%2Fwp%2Fv2%2Fcomments&post=99649"}],"version-history":[{"count":0,"href":"https:\/\/www.fuldaernachrichten.de\/index.php?rest_route=\/wp\/v2\/posts\/99649\/revisions"}],"wp:attachment":[{"href":"https:\/\/www.fuldaernachrichten.de\/index.php?rest_route=%2Fwp%2Fv2%2Fmedia&parent=99649"}],"wp:term":[{"taxonomy":"category","embeddable":true,"href":"https:\/\/www.fuldaernachrichten.de\/index.php?rest_route=%2Fwp%2Fv2%2Fcategories&post=99649"},{"taxonomy":"post_tag","embeddable":true,"href":"https:\/\/www.fuldaernachrichten.de\/index.php?rest_route=%2Fwp%2Fv2%2Ftags&post=99649"}],"curies":[{"name":"wp","href":"https:\/\/api.w.org\/{rel}","templated":true}]}}