{"id":99648,"date":"2012-06-21T00:12:44","date_gmt":"2012-06-21T00:12:44","guid":{"rendered":"http:\/\/www.fuldaer-nachrichten.de\/?p=99648"},"modified":"2012-06-21T09:00:09","modified_gmt":"2012-06-21T09:00:09","slug":"land-hebt-deckelung-der-zahl-der-schulplatze-in-der-altenpflegeausbildung-auf","status":"publish","type":"post","link":"https:\/\/www.fuldaernachrichten.de\/?p=99648","title":{"rendered":"Land hebt Deckelung der Zahl der Schulpl\u00e4tze in der Altenpflegeausbildung auf"},"content":{"rendered":"<p>Wiesbaden. Das Land Hessen hebt zum Schuljahr 2012\/2013 die Deckelung der Zahl der Schulpl\u00e4tze in der Altenpflegeausbildung auf. \u201eDie Nachfrage nach Berufen im pflegerischen Bereich wird immer gr\u00f6\u00dfer, so dass die Hessische Landesregierung hier ein Zeichen setzt und sich mit der Aufhebung der Deckelung der Schulplatzf\u00f6rderung sowohl f\u00fcr die \u00e4lteren Menschen und eine sichere Pflege als auch f\u00fcr die jungen Menschen und ihre Aussichten auf einen gesicherten Arbeitsplatz einsetzt\u201c, erkl\u00e4rte der Hessische Sozialminister Stefan Gr\u00fcttner heute in Wiesbaden. Damit werden au\u00dferdem wichtige Weichen gestellt, um dem Fachkr\u00e4ftemangel im Pflegebereich entgegen zu wirken und zu einer Entlastung der Pflegenden sowohl im station\u00e4ren als auch im h\u00e4uslichen Bereich beizutragen.<!--more--><br \/>\n\u201eDie Hessische Landesregierung hat sich dazu entschlossen, Geld in die Hand zu nehmen, um jedem und jeder, die Altenpflegerin oder Altenpfleger werden m\u00f6chte, einen Schulplatz zur Verf\u00fcgung zu stellen\u201c, betonte Sozialminister Gr\u00fcttner. Das Land Hessen stelle im Jahr 2012 mit rund 16 Millionen Euro f\u00fcr die Schulplatzf\u00f6rderung bereits mehr Mittel als jemals zuvor zur Verf\u00fcgung und werde die Mittel, die zur Erh\u00f6hung der Platzzahl im Schuljahr 2012\/2013 notwendig werden, ebenfalls bereit stellen.<\/p>\n<p>Das Land hatte bereits im letzten Jahr die Zahl der Schulpl\u00e4tze von 3.500 auf 4.000 Pl\u00e4tze angehoben. \u201eJedoch liegen bereits jetzt f\u00fcr das kommende Schuljahr so viele Antr\u00e4ge auf Schulplatzf\u00f6rderung vor, dass die 4.000 m\u00f6glichen Pl\u00e4tze \u00fcberschritten w\u00fcrden. Daher hat sich die Hessische Landesregierung entschlossen, die Begrenzung der Zahl der durch das Land gef\u00f6rderten Schulpl\u00e4tze aufzuheben\u201c, hob Gr\u00fcttner hervor. Nun habe jede Bewerberin und jeder Bewerber die M\u00f6glichkeit einen durch das Land gef\u00f6rderten Schulplatz zu erhalten.<\/p>\n<p>Die Schulpl\u00e4tze in der Altenpflegeausbildung werden auch weiterhin durch das Land mit einer Pauschale von durchschnittlich 320 Euro pro Ausbildungsmonat gef\u00f6rdert. \u201eMit dieser Pauschale liegt Hessen im Vergleich mit den anderen Bundesl\u00e4ndern im guten Mittelfeld\u201c, so der Sozialminister weiter.<\/p>\n<p>Die Hessische Landesregierung mache mit der Aufhebung der Deckelung der Zahl der Schulpl\u00e4tze einen weiteren wichtigen Schritt, um dem drohenden Fachkr\u00e4ftemangel in der Altenpflege zu begegnen. \u201eMit unserer jetzigen wichtigen und zukunftweisenden Entscheidung stellen wir die Weichen f\u00fcr die aktive Bek\u00e4mpfung des Fachkr\u00e4ftemangels im Pflegebereich\u201c, unterstrich Sozialminister Gr\u00fcttner. Gleichzeitig lobte er die Ausbildungseinrichtungen, die bereits jetzt eine hohe Zahl an Ausbildungspl\u00e4tzen bereit hielten. Er sei zuversichtlich, dass die erfreulichen Entwicklungen sich auch weiter fortsetzen. Immer mehr ambulante Dienste und station\u00e4re Einrichtungen bilden aktiv aus: Bei den ambulanten Diensten steigerte sich der Anteil ausbildender Betriebe in der Altenpflege im Zeitraum 2008 bis 2010 um 13 Prozent auf mittlerweile 40 Prozent. Auch bei den station\u00e4ren Einrichtungen, die sich bereits stark in der Ausbildung engagiert hatten, steigerte sich in diesem Zeitraum der Anteil noch einmal um 5 Prozent auf mittlerweile 94 Prozent.<\/p>\n<p>Die Aufhebung der Deckelung der Schulplatzzahlen werde mit einer unverz\u00fcglichen \u00c4nderung der Altenpflegeverordnung, die schnellstm\u00f6glich in Kraft treten soll, rechtliche G\u00fcltigkeit erlangen. \u201eSo wird es m\u00f6glich, diese wichtige Ver\u00e4nderung bereits kurzfristig f\u00fcr das Schuljahr 2012\/2013 zu schaffen und allen Bewerberinnen und Bewerbern ein Schulplatz anzubieten\u201c, erkl\u00e4rte Gr\u00fcttner.<\/p>\n<p>Zudem werde das Hessische Altenpflegegesetz, das bis zum 31. Dezember 2012 befristet ist, ge\u00e4ndert und den neuen Bed\u00fcrfnissen und Herausforderungen im Bereich der Pflege angepasst. \u201eWir planen, durch die \u00c4nderung des Hessischen Altenpflegegesetzes die Feststellung und Anerkennung im Ausland erworbener Qualifikationen zu erleichtern, Berufserfahrungen in der Pflege auf die Altenpflegehelferausbildung anrechenbar zu machen sowie die M\u00f6glichkeiten zu schaffen, neue Ausbildungskonzepte zur Nachqualifizierung und Erschlie\u00dfung neuer Zielgruppen zu erproben\u201c, hob Sozialminister Gr\u00fcttner hervor.<\/p>\n<p>Dar\u00fcber hinaus setze sich das Land Hessen im Rahmen der Debatten zur Pflegereform und zur Einf\u00fchrung einer bundesrechtlich geregelten gemeinsamen Ausbildung in der Kranken- und Altenpflege daf\u00fcr ein, dass die Refinanzierungsbedingungen f\u00fcr die Kosten der Ausbildung auf solide und mit der Krankenpflege vergleichbare S\u00e4ulen gestellt werden, k\u00fcndigte der Sozialminister an. \u201eAngesichts der nationalen Herausforderung, die mit dem steigenden Fachkraftbedarf verbunden ist, k\u00f6nnen die Kosten f\u00fcr die notwendige Ausweitung der Ausbildungskapazit\u00e4ten nicht einseitig von den L\u00e4ndern und Leistungserbringern sowie den Patientinnen und Patienten getragen werden. Der Bund sollte im Rahmen der Pflegeversicherungsreform die Einf\u00fchrung einer Finanzierungsregelung f\u00fcr die Altenpflegeausbildung pr\u00fcfen.\u201c<\/p>\n<p>Au\u00dferdem initiiere die Hessische Landesregierung gemeinsam mit der Regionaldirektion Hessen der Bundesagentur f\u00fcr Arbeit einen Modellversuch, in dem Fachkr\u00e4fte aus dem europ\u00e4ischen Ausland f\u00fcr den Pflegesektor in Hessen angeworben werden sollen, k\u00fcndigte Gr\u00fcttner abschlie\u00dfend an.<\/p>\n","protected":false},"excerpt":{"rendered":"<div class=\"tmnf_excerpt\"><p>Wiesbaden. Das Land Hessen hebt zum Schuljahr 2012\/2013 die Deckelung der Zahl der Schulpl\u00e4tze in der Altenpflegeausbildung auf. \u201eDie Nachfrage nach Berufen im pflegerischen Bereich wird immer gr\u00f6\u00dfer, so dass die Hessische Landesregierung hier ein Zeichen setzt und sich mit der Aufhebung der Deckelung der Schulplatzf\u00f6rderung sowohl f\u00fcr die \u00e4lteren Menschen und eine sichere Pflege &hellip;<\/p>\n<\/div>","protected":false},"author":1,"featured_media":0,"comment_status":"closed","ping_status":"closed","sticky":false,"template":"","format":"standard","meta":{"footnotes":""},"categories":[1,29],"tags":[],"class_list":["post-99648","post","type-post","status-publish","format-standard","hentry","category-startseite","category-politik"],"_links":{"self":[{"href":"https:\/\/www.fuldaernachrichten.de\/index.php?rest_route=\/wp\/v2\/posts\/99648","targetHints":{"allow":["GET"]}}],"collection":[{"href":"https:\/\/www.fuldaernachrichten.de\/index.php?rest_route=\/wp\/v2\/posts"}],"about":[{"href":"https:\/\/www.fuldaernachrichten.de\/index.php?rest_route=\/wp\/v2\/types\/post"}],"author":[{"embeddable":true,"href":"https:\/\/www.fuldaernachrichten.de\/index.php?rest_route=\/wp\/v2\/users\/1"}],"replies":[{"embeddable":true,"href":"https:\/\/www.fuldaernachrichten.de\/index.php?rest_route=%2Fwp%2Fv2%2Fcomments&post=99648"}],"version-history":[{"count":0,"href":"https:\/\/www.fuldaernachrichten.de\/index.php?rest_route=\/wp\/v2\/posts\/99648\/revisions"}],"wp:attachment":[{"href":"https:\/\/www.fuldaernachrichten.de\/index.php?rest_route=%2Fwp%2Fv2%2Fmedia&parent=99648"}],"wp:term":[{"taxonomy":"category","embeddable":true,"href":"https:\/\/www.fuldaernachrichten.de\/index.php?rest_route=%2Fwp%2Fv2%2Fcategories&post=99648"},{"taxonomy":"post_tag","embeddable":true,"href":"https:\/\/www.fuldaernachrichten.de\/index.php?rest_route=%2Fwp%2Fv2%2Ftags&post=99648"}],"curies":[{"name":"wp","href":"https:\/\/api.w.org\/{rel}","templated":true}]}}