{"id":99647,"date":"2012-06-21T00:10:57","date_gmt":"2012-06-21T00:10:57","guid":{"rendered":"http:\/\/www.fuldaer-nachrichten.de\/?p=99647"},"modified":"2012-06-21T08:59:36","modified_gmt":"2012-06-21T08:59:36","slug":"das-stadtgesprach-live-im-offenen-kanal-mit-dem-ob-uber-stadtpolitik-diskutieren","status":"publish","type":"post","link":"https:\/\/www.fuldaernachrichten.de\/?p=99647","title":{"rendered":"\u201eDas Stadtgespr\u00e4ch\u201c live im \u201eOffenen Kanal\u201c: Mit dem OB \u00fcber Stadtpolitik diskutieren"},"content":{"rendered":"<p>Fulda (hm). Im Rahmen der OK-Reihe \u201eDas Stadtgespr\u00e4ch\u201c wird Oberb\u00fcrgermeister Gerhard M\u00f6ller dem Moderator Dr. Volker Nies am Freitag, 22. Juni 2012 um 18:02 Uhr wieder Rede und Antwort zu aktuellen stadtpolitischen Themen stehen. \u00e2\u20ac\u00a8Auch dieses Mal besteht f\u00fcr die Zuschauer des Offenen Kanals die M\u00f6glichkeit, sich live in die Sendung einzuw\u00e4hlen (Tel. 0661\/ 9013888) und Fragen an das Fuldaer Stadtoberhaupt zu stellen.<\/p>\n","protected":false},"excerpt":{"rendered":"<div class=\"tmnf_excerpt\"><p>Fulda (hm). Im Rahmen der OK-Reihe \u201eDas Stadtgespr\u00e4ch\u201c wird Oberb\u00fcrgermeister Gerhard M\u00f6ller dem Moderator Dr. Volker Nies am Freitag, 22. Juni 2012 um 18:02 Uhr wieder Rede und Antwort zu aktuellen stadtpolitischen Themen stehen. \u00e2\u20ac\u00a8Auch dieses Mal besteht f\u00fcr die Zuschauer des Offenen Kanals die M\u00f6glichkeit, sich live in die Sendung einzuw\u00e4hlen (Tel. 0661\/ 9013888) &hellip;<\/p>\n<\/div>","protected":false},"author":1,"featured_media":0,"comment_status":"closed","ping_status":"closed","sticky":false,"template":"","format":"standard","meta":{"footnotes":""},"categories":[1,29],"tags":[],"class_list":["post-99647","post","type-post","status-publish","format-standard","hentry","category-startseite","category-politik"],"_links":{"self":[{"href":"https:\/\/www.fuldaernachrichten.de\/index.php?rest_route=\/wp\/v2\/posts\/99647","targetHints":{"allow":["GET"]}}],"collection":[{"href":"https:\/\/www.fuldaernachrichten.de\/index.php?rest_route=\/wp\/v2\/posts"}],"about":[{"href":"https:\/\/www.fuldaernachrichten.de\/index.php?rest_route=\/wp\/v2\/types\/post"}],"author":[{"embeddable":true,"href":"https:\/\/www.fuldaernachrichten.de\/index.php?rest_route=\/wp\/v2\/users\/1"}],"replies":[{"embeddable":true,"href":"https:\/\/www.fuldaernachrichten.de\/index.php?rest_route=%2Fwp%2Fv2%2Fcomments&post=99647"}],"version-history":[{"count":0,"href":"https:\/\/www.fuldaernachrichten.de\/index.php?rest_route=\/wp\/v2\/posts\/99647\/revisions"}],"wp:attachment":[{"href":"https:\/\/www.fuldaernachrichten.de\/index.php?rest_route=%2Fwp%2Fv2%2Fmedia&parent=99647"}],"wp:term":[{"taxonomy":"category","embeddable":true,"href":"https:\/\/www.fuldaernachrichten.de\/index.php?rest_route=%2Fwp%2Fv2%2Fcategories&post=99647"},{"taxonomy":"post_tag","embeddable":true,"href":"https:\/\/www.fuldaernachrichten.de\/index.php?rest_route=%2Fwp%2Fv2%2Ftags&post=99647"}],"curies":[{"name":"wp","href":"https:\/\/api.w.org\/{rel}","templated":true}]}}