{"id":99645,"date":"2012-06-21T00:14:26","date_gmt":"2012-06-21T00:14:26","guid":{"rendered":"http:\/\/www.fuldaer-nachrichten.de\/?p=99645"},"modified":"2012-06-21T08:58:35","modified_gmt":"2012-06-21T08:58:35","slug":"tanner-diakonie-beteiligt-sich-an-der-freiwilligen-aktion-ehrensache-natur","status":"publish","type":"post","link":"https:\/\/www.fuldaernachrichten.de\/?p=99645","title":{"rendered":"Tanner Diakonie beteiligt sich an der freiwilligen Aktion &#8220;Ehrensache Natur&#8221;"},"content":{"rendered":"<p><a href=\"http:\/\/www.fuldaer-nachrichten.de\/wp-content\/uploads\/2012\/06\/TannerDiakonieLupinenaktion1.jpg\"><img decoding=\"async\" class=\"alignleft size-thumbnail wp-image-99646\" title=\"TannerDiakonieLupinenaktion1\" src=\"http:\/\/www.fuldaer-nachrichten.de\/wp-content\/uploads\/2012\/06\/TannerDiakonieLupinenaktion1-265x177.jpg\" alt=\"\" width=\"265\" height=\"177\" srcset=\"https:\/\/www.fuldaernachrichten.de\/wp-content\/uploads\/2012\/06\/TannerDiakonieLupinenaktion1-265x177.jpg 265w, https:\/\/www.fuldaernachrichten.de\/wp-content\/uploads\/2012\/06\/TannerDiakonieLupinenaktion1.jpg 600w\" sizes=\"(max-width: 265px) 100vw, 265px\" \/><\/a>Tann. Beim l\u00e4nder\u00fcbergreifenden Aktionstags \u201eAktiv zum Erhalt der Artenvielfalt\u201c am vergangenen Samstag beteiligten sich 35 Menschen mit Beeintr\u00e4chtigungen nun zum zweiten Mal in Folge und befreiten rund 12 Hektar Bergwiese des Naturschutzgebietes \u201eLange Rh\u00f6n\u201c von der Lupine. In Kooperation mit der Wildland-Stiftung, dem Biosph\u00e4renreservat Bayerische Rh\u00f6n und drei Einrichtungen der Behindertenhilfe aus Bayern, Th\u00fcringen und Hessen ging es der gef\u00e4hrlichen Sch\u00f6nheit \u201eNordamerikanische Staudenlupine\u201c sprichw\u00f6rtlich an den Kragen.<!--more--><\/p>\n<p><em><\/em>Zwar ist die Lupine sch\u00f6n anzusehen, doch gef\u00e4hrdet sie auch die einzigartige Artenvielfalt der Rh\u00f6n. Lupinen binden Stickstoff aus der Luft und d\u00fcngen den Boden. Pflanzen, die jedoch mageres Erdreich sch\u00e4tzen, kommen dadurch in Bedr\u00e4ngnis. Das Aussterben vieler seltener Pflanzen birgt auch eine Gefahr f\u00fcr viele seltene Tierarten. Dass das weitere Ausbreiten der Lupine zu verhindern gilt, um das \u00dcberleben von gef\u00e4hrdeten Tier- und Pflanzenarten sicherzustellen, war allen Teilnehmern klar. Dies machten sich Bewohner der offenen Behindertenarbeit der Lebenshilfe Rh\u00f6n-Grabfeld, der Tanner Diakonie und dem Karolinenheim aus Frankenheim zur Aufgabe.<\/p>\n<p>Lange \u00fcberreden brauchte man die Teilnehmer f\u00fcr diese Aktion nicht. Morgens um 10.00 Uhr startete der Arbeitseinsatz am Parkplatz der Schornhecke. Mit hoher Motivation, Ehrgeiz und jeder Menge Spa\u00df machten sich die Teilnehmer an die Arbeit und befreiten unter Anleitung des Fachbetreuers f\u00fcr Umweltbildung Michael Dohrmann vom Biosph\u00e4renreservat Bayerische Rh\u00f6n und Schutzgebietsbetreuer Thorsten Kirchner von der Wildland-Stiftung rund 12 Hektar Bergwiese von der Lupine.<\/p>\n<p>\u201eMit der Aktion bekommt die Lupine gewaltig eine auf den Deckel\u201c, so Michael Dohrmann, der selten eine so hohe Motivation bei freiwilligen Helfern erf\u00e4hrt. Mit der Truppe macht eine solche Aktion richtig Spa\u00df. Besonders stolz ist Michael Dohrmann auf die l\u00e4nder\u00fcbergreifende Aktion, die von der Initiative \u201eEhrensache Natur\u201c ins Leben gerufen wurde. Wiederholt man die Aktion sieben Jahre, so kann man das Ausbreiten der Lupine wirksam bek\u00e4mpfen, sodass der Fachbetreuer auf die Fortf\u00fchrung in den kommenden Jahren hofft. Seitens der Helfer bestehen bez\u00fcglich der Fortf\u00fchrung keine Bedenken. Die Bewohner der Einrichtungen aus den verschiedenen Bundesl\u00e4ndern nutzen solche Tage, um Kontakte zu Menschen aus anderen Einrichtungen zu kn\u00fcpfen und sich gleichzeitig f\u00fcr eine Gute Sache, wie dem Naturschutz, zu engagieren.<\/p>\n<p>Belohnt wurde der Arbeitseinsatz am Umweltbildungshaus am Schwarzen Moor, denn dort gab es zum Abschluss in einer gem\u00fctlichen Runde Kaffee und Kuchen.<\/p>\n<p>&nbsp;<\/p>\n<p>&nbsp;<\/p>\n","protected":false},"excerpt":{"rendered":"<div class=\"tmnf_excerpt\"><p>Tann. Beim l\u00e4nder\u00fcbergreifenden Aktionstags \u201eAktiv zum Erhalt der Artenvielfalt\u201c am vergangenen Samstag beteiligten sich 35 Menschen mit Beeintr\u00e4chtigungen nun zum zweiten Mal in Folge und befreiten rund 12 Hektar Bergwiese des Naturschutzgebietes \u201eLange Rh\u00f6n\u201c von der Lupine. In Kooperation mit der Wildland-Stiftung, dem Biosph\u00e4renreservat Bayerische Rh\u00f6n und drei Einrichtungen der Behindertenhilfe aus Bayern, Th\u00fcringen und &hellip;<\/p>\n<\/div>","protected":false},"author":1,"featured_media":0,"comment_status":"closed","ping_status":"closed","sticky":false,"template":"","format":"standard","meta":{"footnotes":""},"categories":[1,52],"tags":[],"class_list":["post-99645","post","type-post","status-publish","format-standard","hentry","category-startseite","category-umwelt"],"_links":{"self":[{"href":"https:\/\/www.fuldaernachrichten.de\/index.php?rest_route=\/wp\/v2\/posts\/99645","targetHints":{"allow":["GET"]}}],"collection":[{"href":"https:\/\/www.fuldaernachrichten.de\/index.php?rest_route=\/wp\/v2\/posts"}],"about":[{"href":"https:\/\/www.fuldaernachrichten.de\/index.php?rest_route=\/wp\/v2\/types\/post"}],"author":[{"embeddable":true,"href":"https:\/\/www.fuldaernachrichten.de\/index.php?rest_route=\/wp\/v2\/users\/1"}],"replies":[{"embeddable":true,"href":"https:\/\/www.fuldaernachrichten.de\/index.php?rest_route=%2Fwp%2Fv2%2Fcomments&post=99645"}],"version-history":[{"count":0,"href":"https:\/\/www.fuldaernachrichten.de\/index.php?rest_route=\/wp\/v2\/posts\/99645\/revisions"}],"wp:attachment":[{"href":"https:\/\/www.fuldaernachrichten.de\/index.php?rest_route=%2Fwp%2Fv2%2Fmedia&parent=99645"}],"wp:term":[{"taxonomy":"category","embeddable":true,"href":"https:\/\/www.fuldaernachrichten.de\/index.php?rest_route=%2Fwp%2Fv2%2Fcategories&post=99645"},{"taxonomy":"post_tag","embeddable":true,"href":"https:\/\/www.fuldaernachrichten.de\/index.php?rest_route=%2Fwp%2Fv2%2Ftags&post=99645"}],"curies":[{"name":"wp","href":"https:\/\/api.w.org\/{rel}","templated":true}]}}