{"id":99632,"date":"2012-06-21T00:20:16","date_gmt":"2012-06-21T00:20:16","guid":{"rendered":"http:\/\/www.fuldaer-nachrichten.de\/?p=99632"},"modified":"2012-06-21T08:45:10","modified_gmt":"2012-06-21T08:45:10","slug":"uwag-elektrotankstelle-fur-burghaun-neue-aufladestation-fur-elektrofahrzeuge-im-schlosshof","status":"publish","type":"post","link":"https:\/\/www.fuldaernachrichten.de\/?p=99632","title":{"rendered":"\u00dcWAG-Elektrotankstelle f\u00fcr Burghaun &#8211; Neue Aufladestation f\u00fcr Elektrofahrzeuge im Schlosshof"},"content":{"rendered":"<p><a href=\"http:\/\/www.fuldaer-nachrichten.de\/wp-content\/uploads\/2012\/06\/2012-06-20-Pressebild-Stromtankstelle-Burghaun.jpg\"><img decoding=\"async\" class=\"alignleft size-thumbnail wp-image-99633\" title=\"2012-06-20 Pressebild Stromtankstelle Burghaun\" src=\"http:\/\/www.fuldaer-nachrichten.de\/wp-content\/uploads\/2012\/06\/2012-06-20-Pressebild-Stromtankstelle-Burghaun-265x177.jpg\" alt=\"\" width=\"265\" height=\"177\" srcset=\"https:\/\/www.fuldaernachrichten.de\/wp-content\/uploads\/2012\/06\/2012-06-20-Pressebild-Stromtankstelle-Burghaun-265x177.jpg 265w, https:\/\/www.fuldaernachrichten.de\/wp-content\/uploads\/2012\/06\/2012-06-20-Pressebild-Stromtankstelle-Burghaun.jpg 600w\" sizes=\"(max-width: 265px) 100vw, 265px\" \/><\/a>Burghaun. Im historischen Schlosshof in der Ortsmitte von Burghaun hat die \u00dcWAG gestern eine Elektrotankstelle aufgestellt. Hier k\u00f6nnen Elektroautos, Segways oder Elektrofahrr\u00e4der \u2013 die so genannten Pedelecs \u2013 \u00dcWAG-\u00d6kostrom laden. Mit den E-Fahrzeugen kann es dann weiter durch den Ort und die umliegende Landschaft gehen.<\/p>\n<p>\u201eEs gibt immer mehr Elektrofahrr\u00e4der in der Region\u201c, erkl\u00e4rt B\u00fcrgermeister Alexander Hohmann, \u201eund viele Touristen kommen auf diesem Weg zu uns. Deswegen ist es nur folgerichtig, dass wir ihnen dann auch eine M\u00f6glichkeit bieten m\u00fcssen, bei uns Strom zu tanken.\u201c Hohmann sieht Elektromobilit\u00e4t als klares Zukunftsthema, dem man sich nicht verschlie\u00dfen d\u00fcrfe: \u201eIch selbst habe mittlerweile einen elektrisch angetriebenen Dienstwagen und auch Mitarbeiter der Gemeindeverwaltung kommen mit einem Elektrofahrzeug. Deswegen habe ich das Angebot der \u00dcWAG, uns beim Ausbau der Elektromobilit\u00e4t zu unterst\u00fctzen, gern angenommen. Ich sehe die Kommunen beim Thema E-Mobilit\u00e4t in der Pflicht, St\u00e4dte und Kommunen m\u00fcssen eine Vorreiterrolle einnehmen. \u201c<!--more--><\/p>\n<p><strong>\u201eJede Aufladung z\u00e4hlt\u201c<\/strong><\/p>\n<p>Auf Seiten des Energieversorgers unterstreicht Bereichsleiter Dr. J\u00fcrgen Elsing die Bedeutung der Kommunen bei zukunftsf\u00e4higen Mobilit\u00e4tskonzepten: \u201eDie \u00dcWAG hat schon fr\u00fch an das Thema Elektromobilit\u00e4t geglaubt und unterst\u00fctzt seit Jahren regionale Projekte zum Thema. Wir freuen uns, dass die Kommunen dabei mit vorangehen. Der an den Tankstellen verf\u00fcgbare \u00d6kostrom \u00dcWAG\u00d6ko tr\u00e4gt au\u00dferdem dazu bei, den Energiemix gr\u00fcner zu machen \u2013 hier z\u00e4hlt jede einzelne Aufladung.\u201c<\/p>\n<p><strong>Tanken f\u00fcr drei Euro<\/strong><\/p>\n<p>Die Tankstelle ist von zwei Seiten her anzufahren und bietet gleichzeitige Ladem\u00f6glichkeiten f\u00fcr drei Elektrofahrzeuge. Tankkarten sollen im Burghauner B\u00fcrgerb\u00fcro im Schloss erh\u00e4ltlich sein, eine \u201eAufladung\u201c kostet dabei pauschal drei Euro.<\/p>\n<p>Im Landkreis gibt es bereits mehrere Stromtankstellen der \u00dcWAG: Am Stadtschloss, am Landratsamt, in der Tiefgarage Q-Park und auf dem Gel\u00e4nde der Ford Sorg GmbH. Im vergangenen Jahr wurde zus\u00e4tzlich eine Stromtankstelle auf dem Gel\u00e4nde des Rh\u00f6n-Info-Zentrums auf der Wasserkuppe aufgestellt.<\/p>\n<p><em>Foto: Der B\u00fcrgermeister probierte den Tankvorgang mit \u00d6kostrom gleich aus (v.l.n.r.: Vertriebsleiter Stefan Froeb und Bereichsleiter Dr. J\u00fcrgen Elsing von der \u00dcWAG, Reinhard Kolb und Alexander Helmer von Opel Fahr, B\u00fcrgermeister Alexander Hohmann).<\/em><\/p>\n","protected":false},"excerpt":{"rendered":"<div class=\"tmnf_excerpt\"><p>Burghaun. Im historischen Schlosshof in der Ortsmitte von Burghaun hat die \u00dcWAG gestern eine Elektrotankstelle aufgestellt. Hier k\u00f6nnen Elektroautos, Segways oder Elektrofahrr\u00e4der \u2013 die so genannten Pedelecs \u2013 \u00dcWAG-\u00d6kostrom laden. Mit den E-Fahrzeugen kann es dann weiter durch den Ort und die umliegende Landschaft gehen. \u201eEs gibt immer mehr Elektrofahrr\u00e4der in der Region\u201c, erkl\u00e4rt B\u00fcrgermeister &hellip;<\/p>\n<\/div>","protected":false},"author":1,"featured_media":0,"comment_status":"closed","ping_status":"closed","sticky":false,"template":"","format":"standard","meta":{"footnotes":""},"categories":[1,35],"tags":[],"class_list":["post-99632","post","type-post","status-publish","format-standard","hentry","category-startseite","category-auto"],"_links":{"self":[{"href":"https:\/\/www.fuldaernachrichten.de\/index.php?rest_route=\/wp\/v2\/posts\/99632","targetHints":{"allow":["GET"]}}],"collection":[{"href":"https:\/\/www.fuldaernachrichten.de\/index.php?rest_route=\/wp\/v2\/posts"}],"about":[{"href":"https:\/\/www.fuldaernachrichten.de\/index.php?rest_route=\/wp\/v2\/types\/post"}],"author":[{"embeddable":true,"href":"https:\/\/www.fuldaernachrichten.de\/index.php?rest_route=\/wp\/v2\/users\/1"}],"replies":[{"embeddable":true,"href":"https:\/\/www.fuldaernachrichten.de\/index.php?rest_route=%2Fwp%2Fv2%2Fcomments&post=99632"}],"version-history":[{"count":0,"href":"https:\/\/www.fuldaernachrichten.de\/index.php?rest_route=\/wp\/v2\/posts\/99632\/revisions"}],"wp:attachment":[{"href":"https:\/\/www.fuldaernachrichten.de\/index.php?rest_route=%2Fwp%2Fv2%2Fmedia&parent=99632"}],"wp:term":[{"taxonomy":"category","embeddable":true,"href":"https:\/\/www.fuldaernachrichten.de\/index.php?rest_route=%2Fwp%2Fv2%2Fcategories&post=99632"},{"taxonomy":"post_tag","embeddable":true,"href":"https:\/\/www.fuldaernachrichten.de\/index.php?rest_route=%2Fwp%2Fv2%2Ftags&post=99632"}],"curies":[{"name":"wp","href":"https:\/\/api.w.org\/{rel}","templated":true}]}}