{"id":99628,"date":"2012-06-20T00:11:08","date_gmt":"2012-06-20T00:11:08","guid":{"rendered":"http:\/\/www.fuldaer-nachrichten.de\/?p=99628"},"modified":"2012-06-20T08:34:41","modified_gmt":"2012-06-20T08:34:41","slug":"spd-ortsverein-rommerz-feierte-40-jahriges-jubilaum","status":"publish","type":"post","link":"https:\/\/www.fuldaernachrichten.de\/?p=99628","title":{"rendered":"SPD-Ortsverein Rommerz feierte 40-j\u00e4hriges Jubil\u00e4um"},"content":{"rendered":"<p><a href=\"http:\/\/www.fuldaer-nachrichten.de\/wp-content\/uploads\/2012\/06\/IMG_1731.jpg\"><img fetchpriority=\"high\" decoding=\"async\" class=\"alignleft size-thumbnail wp-image-99629\" title=\"IMG_1731\" src=\"http:\/\/www.fuldaer-nachrichten.de\/wp-content\/uploads\/2012\/06\/IMG_1731-265x198.jpg\" alt=\"\" width=\"265\" height=\"198\" srcset=\"https:\/\/www.fuldaernachrichten.de\/wp-content\/uploads\/2012\/06\/IMG_1731-265x198.jpg 265w, https:\/\/www.fuldaernachrichten.de\/wp-content\/uploads\/2012\/06\/IMG_1731.jpg 592w\" sizes=\"(max-width: 265px) 100vw, 265px\" \/><\/a>Rommerz. Mit einer Feierstunde und einem Sommerfest feierte der SPD \u2013 Ortsverein Rommerz am vergangenen Wochenende sein 40-j\u00e4hriges Jubil\u00e4um. Zum Kommersabend am Samstag konnte die 1. Vorsitzende Nadine Weber neben den Gr\u00fcndungsmitgliedern, den Vertretern zahlreicher SPD-Ortsvereine und \u00f6rtlicher Vereine als Gast den Vorsitzenden des SPD-Bezirks Hessen-Nord und B\u00fcrgermeister der Stadt Baunatal, Manfred Schaub, begr\u00fc\u00dfen.<!--more--><\/p>\n<p>Manfred Schaub stellte die Kommunalpolitik als eines der wichtigsten Elemente politischen Handelns f\u00fcr die SPD heraus. Die kommunale Selbstverwaltung m\u00fcsse besonders unter den Aspekten Bildung, Energie und Kontaktpflege zu den B\u00fcrgern nicht nur erhalten, sondern weiter gest\u00e4rkt werden. So w\u00fcrden bei der Bildung die ersten und damit auch entscheidenden Weichen in Bezug auf die Chancengleichheit von den Kommunen gestellt, die bei der Schaffung und Unterhaltung von Kita- und Kindergarteneinrichtungen auf die Unterst\u00fctzung von Bund und L\u00e4ndern dringend angewiesen seien. Bei der Energieversorgung d\u00fcrften Entscheidungen nicht an den Kommunen vorbei, sondern nur mit ihnen gemeinsam getroffen werden. Nur so k\u00f6nnten die M\u00f6glichkeiten der dezentralen Energieerzeugung voll ausgesch\u00f6pft werden. Ein zentrales Element der Kommunalpolitik sei der direkte Kontakt zum B\u00fcrger, der es den Verantwortlichen erm\u00f6gliche, Verst\u00e4ndnis und Mehrheiten f\u00fcr notwendige Entscheidungen zu erm\u00f6glichen. Manfred Schaub hob abschlie\u00dfend noch einmal besonders hervor, dass die Kommunalpolitik f\u00fcr die SPD eine der wichtigsten und bedeutendsten Elemente politischen Handelns sei.<\/p>\n<p>Horst Michel gab anschlie\u00dfend einen R\u00fcckblick \u00fcber die Arbeit des SPD \u2013 Ortsvereins in den vergangenen 40 Jahren. Die Gr\u00fcndung sei 1972 in eine Zeit des politischen Umbruchs durch die von Willy Brandt eingeleitete neue Ostpolitik, f\u00fcr die er dann auch den Friedensnobelpreis erhalten habe, gefallen. Gleichzeitig habe die Gebietsreform in Hessen mit umfangreichen Ver\u00e4nderungen im kommunalen Bereich angestanden, bei der man als Sozialdemokraten auch auf \u00f6rtlicher Ebene mittun wollte. So habe in all den Jahren die Auseinandersetzung mit den Problemen innerhalb des Dorfes bzw. der Gemeinde im Mittelpunkt der Arbeit gestanden, was von den B\u00fcrgern auch anerkannt worden sei, denn man habe von 1989 an \u00fcber 17 Jahre die Mehrheit im Ortsbeirat erreichen und damit auch den Ortsvorsteher stellen k\u00f6nnen. Horst Michel ging weiterhin auf die zahlreichen Aktivit\u00e4ten und Initiativen wie z.B. die Einrichtung eines Wanderweges, die \u201eAktion Hausnamen\u201c, die ma\u00dfgebliche Gestaltung des Dorfbrunnens, die Einf\u00fchrung der damaligen \u201eAltenstube\u201c etc. ein. Sie h\u00e4tten neben den regelm\u00e4\u00dfigen Ausfl\u00fcgen immer wieder den Gemeinsinn der Mitglieder\u00c2\u00a0 gezeigt, was auch bis heute erhalten geblieben sei. Abschlie\u00dfend betonte Horst Michel noch einmal, dass nur eine \u00fcberzeugende Arbeit auf \u00f6rtlicher Ebene die Voraussetzung f\u00fcr gute Wahlergebnisse auch bei Land- und Bundestagswahlen sei.<\/p>\n<p>Zum Abschluss der kleinen Feierstunde wurden die Gr\u00fcndungsmitglieder Adolf G\u00e4rtner, Robert Heil, Bruno Jahn, Ludwig J\u00f6kel, Horst Michel, Berthold N\u00fcchter und Theo Oestreich von der Ortsvereinsvorsitzenden Nadine Weber und dem Bezirksvorsitzenden Manfred Schaub geehrt, der jeweils die umfassenden ehrenamtlichen und langj\u00e4hrigen T\u00e4tigkeiten der einzelnen Mitglieder w\u00fcrdigte und ihnen daf\u00fcr im Namen der SPD herzlich dankte. Adolf G\u00e4rtner, Robert Heil, Bruno Jahn und Ludwig J\u00f6kel wurden zus\u00e4tzlich noch f\u00fcr ihre 40-j\u00e4hrige Mitgliedschaft in der SPD ausgezeichnet und ihnen auch daf\u00fcr ein besonderer Dank ausgesprochen.<\/p>\n","protected":false},"excerpt":{"rendered":"<div class=\"tmnf_excerpt\"><p>Rommerz. Mit einer Feierstunde und einem Sommerfest feierte der SPD \u2013 Ortsverein Rommerz am vergangenen Wochenende sein 40-j\u00e4hriges Jubil\u00e4um. Zum Kommersabend am Samstag konnte die 1. Vorsitzende Nadine Weber neben den Gr\u00fcndungsmitgliedern, den Vertretern zahlreicher SPD-Ortsvereine und \u00f6rtlicher Vereine als Gast den Vorsitzenden des SPD-Bezirks Hessen-Nord und B\u00fcrgermeister der Stadt Baunatal, Manfred Schaub, begr\u00fc\u00dfen.<\/p>\n<\/div>","protected":false},"author":1,"featured_media":0,"comment_status":"closed","ping_status":"closed","sticky":false,"template":"","format":"standard","meta":{"footnotes":""},"categories":[1,29],"tags":[],"class_list":["post-99628","post","type-post","status-publish","format-standard","hentry","category-startseite","category-politik"],"_links":{"self":[{"href":"https:\/\/www.fuldaernachrichten.de\/index.php?rest_route=\/wp\/v2\/posts\/99628","targetHints":{"allow":["GET"]}}],"collection":[{"href":"https:\/\/www.fuldaernachrichten.de\/index.php?rest_route=\/wp\/v2\/posts"}],"about":[{"href":"https:\/\/www.fuldaernachrichten.de\/index.php?rest_route=\/wp\/v2\/types\/post"}],"author":[{"embeddable":true,"href":"https:\/\/www.fuldaernachrichten.de\/index.php?rest_route=\/wp\/v2\/users\/1"}],"replies":[{"embeddable":true,"href":"https:\/\/www.fuldaernachrichten.de\/index.php?rest_route=%2Fwp%2Fv2%2Fcomments&post=99628"}],"version-history":[{"count":0,"href":"https:\/\/www.fuldaernachrichten.de\/index.php?rest_route=\/wp\/v2\/posts\/99628\/revisions"}],"wp:attachment":[{"href":"https:\/\/www.fuldaernachrichten.de\/index.php?rest_route=%2Fwp%2Fv2%2Fmedia&parent=99628"}],"wp:term":[{"taxonomy":"category","embeddable":true,"href":"https:\/\/www.fuldaernachrichten.de\/index.php?rest_route=%2Fwp%2Fv2%2Fcategories&post=99628"},{"taxonomy":"post_tag","embeddable":true,"href":"https:\/\/www.fuldaernachrichten.de\/index.php?rest_route=%2Fwp%2Fv2%2Ftags&post=99628"}],"curies":[{"name":"wp","href":"https:\/\/api.w.org\/{rel}","templated":true}]}}