{"id":99625,"date":"2012-06-20T00:10:37","date_gmt":"2012-06-20T00:10:37","guid":{"rendered":"http:\/\/www.fuldaer-nachrichten.de\/?p=99625"},"modified":"2012-06-20T08:31:50","modified_gmt":"2012-06-20T08:31:50","slug":"orgelmatinee-im-fuldaer-dom-mit-martin-setchell-am-30-juni-12-30-uhr","status":"publish","type":"post","link":"https:\/\/www.fuldaernachrichten.de\/?p=99625","title":{"rendered":"Orgelmatinee im Fuldaer Dom mit Martin Setchell am 30. Juni, 12.30 Uhr"},"content":{"rendered":"<p><a href=\"http:\/\/www.fuldaer-nachrichten.de\/wp-content\/uploads\/2012\/06\/Setchell-Foto.jpg\"><img fetchpriority=\"high\" decoding=\"async\" class=\"alignleft size-thumbnail wp-image-99626\" title=\"Setchell,-Foto\" src=\"http:\/\/www.fuldaer-nachrichten.de\/wp-content\/uploads\/2012\/06\/Setchell-Foto-265x389.jpg\" alt=\"\" width=\"265\" height=\"389\" srcset=\"https:\/\/www.fuldaernachrichten.de\/wp-content\/uploads\/2012\/06\/Setchell-Foto-265x389.jpg 265w, https:\/\/www.fuldaernachrichten.de\/wp-content\/uploads\/2012\/06\/Setchell-Foto-180x265.jpg 180w, https:\/\/www.fuldaernachrichten.de\/wp-content\/uploads\/2012\/06\/Setchell-Foto.jpg 399w\" sizes=\"(max-width: 265px) 100vw, 265px\" \/><\/a>Fulda. Mit Martin Setchell kommt ein weitgereister Gast am 30. Juni, 12.30 bis 13.00 Uhr, nach Fulda. Der aus Christchurch Neuseeland stammende Setchell pr\u00e4sentiert Werke von Guilmant und Camille Saint-Sa\u00c3\u00abns, zwei Gro\u00dfmeistern franz\u00f6sisch-romantischer Orgelkunst. Gerade letzterer ist auch au\u00dferhalb der Orgelszene eine Gr\u00f6\u00dfe unter den Komponisten des 19. Jahrhunderts und dies nicht nur aus franz\u00f6sischem Blickwinkel.<\/p>\n","protected":false},"excerpt":{"rendered":"<div class=\"tmnf_excerpt\"><p>Fulda. Mit Martin Setchell kommt ein weitgereister Gast am 30. Juni, 12.30 bis 13.00 Uhr, nach Fulda. Der aus Christchurch Neuseeland stammende Setchell pr\u00e4sentiert Werke von Guilmant und Camille Saint-Sa\u00c3\u00abns, zwei Gro\u00dfmeistern franz\u00f6sisch-romantischer Orgelkunst. Gerade letzterer ist auch au\u00dferhalb der Orgelszene eine Gr\u00f6\u00dfe unter den Komponisten des 19. Jahrhunderts und dies nicht nur aus franz\u00f6sischem &hellip;<\/p>\n<\/div>","protected":false},"author":1,"featured_media":0,"comment_status":"closed","ping_status":"closed","sticky":false,"template":"","format":"standard","meta":{"footnotes":""},"categories":[1,50],"tags":[],"class_list":["post-99625","post","type-post","status-publish","format-standard","hentry","category-startseite","category-kirche"],"_links":{"self":[{"href":"https:\/\/www.fuldaernachrichten.de\/index.php?rest_route=\/wp\/v2\/posts\/99625","targetHints":{"allow":["GET"]}}],"collection":[{"href":"https:\/\/www.fuldaernachrichten.de\/index.php?rest_route=\/wp\/v2\/posts"}],"about":[{"href":"https:\/\/www.fuldaernachrichten.de\/index.php?rest_route=\/wp\/v2\/types\/post"}],"author":[{"embeddable":true,"href":"https:\/\/www.fuldaernachrichten.de\/index.php?rest_route=\/wp\/v2\/users\/1"}],"replies":[{"embeddable":true,"href":"https:\/\/www.fuldaernachrichten.de\/index.php?rest_route=%2Fwp%2Fv2%2Fcomments&post=99625"}],"version-history":[{"count":0,"href":"https:\/\/www.fuldaernachrichten.de\/index.php?rest_route=\/wp\/v2\/posts\/99625\/revisions"}],"wp:attachment":[{"href":"https:\/\/www.fuldaernachrichten.de\/index.php?rest_route=%2Fwp%2Fv2%2Fmedia&parent=99625"}],"wp:term":[{"taxonomy":"category","embeddable":true,"href":"https:\/\/www.fuldaernachrichten.de\/index.php?rest_route=%2Fwp%2Fv2%2Fcategories&post=99625"},{"taxonomy":"post_tag","embeddable":true,"href":"https:\/\/www.fuldaernachrichten.de\/index.php?rest_route=%2Fwp%2Fv2%2Ftags&post=99625"}],"curies":[{"name":"wp","href":"https:\/\/api.w.org\/{rel}","templated":true}]}}