{"id":99623,"date":"2012-06-20T00:12:36","date_gmt":"2012-06-20T00:12:36","guid":{"rendered":"http:\/\/www.fuldaer-nachrichten.de\/?p=99623"},"modified":"2012-06-20T08:30:25","modified_gmt":"2012-06-20T08:30:25","slug":"besichtigungen-im-rubsam-weiterbildungszentrum-zum-tag-der-architektur","status":"publish","type":"post","link":"https:\/\/www.fuldaernachrichten.de\/?p=99623","title":{"rendered":"Besichtigungen im R\u00dcBSAM Weiterbildungszentrum zum \u201eTag der Architektur\u201c"},"content":{"rendered":"<p><strong><a href=\"http:\/\/www.fuldaer-nachrichten.de\/wp-content\/uploads\/2012\/06\/WBZ.jpg\"><img decoding=\"async\" class=\"alignleft size-thumbnail wp-image-99624\" title=\"WBZ\" src=\"http:\/\/www.fuldaer-nachrichten.de\/wp-content\/uploads\/2012\/06\/WBZ-265x163.jpg\" alt=\"\" width=\"265\" height=\"163\" srcset=\"https:\/\/www.fuldaernachrichten.de\/wp-content\/uploads\/2012\/06\/WBZ-265x163.jpg 265w, https:\/\/www.fuldaernachrichten.de\/wp-content\/uploads\/2012\/06\/WBZ.jpg 592w\" sizes=\"(max-width: 265px) 100vw, 265px\" \/><\/a>Petersberg<\/strong>. Einen Einblick in ein modernes und innovatives Geb\u00e4ude gewinnen und dabei wissenswerte Informationen von Architekt und Bauherr erhalten: Anl\u00e4sslich des hessischen \u201eTages der Architektur\u201c haben Interessierte am Samstag, 23. Juni in der Zeit von 11.00 Uhr bis 13.00 Uhr und am Sonntag, 24. Juni in der Zeit von 11.00 Uhr bis 15.00 die M\u00f6glichkeit, das R\u00dcBSAM Weiterbildungszentrum WBZ in Petersberg, Kreuzgrundweg 11, zu besichtigen. Speziell am Sonntag sind jeweils um 12.00 Uhr und 14.00 Uhr Kurz-Vortr\u00e4ge von Erhard R\u00fcbsam, Firmeninhaber und Bauherr, sowie von Christoph Kiel, Gesch\u00e4ftsf\u00fchrer des H\u00fcnfelder Architekturb\u00fcros Ebert &amp; Kiel,\u00c2\u00a0 geplant. Dabei stehen unter anderem Informationen zum Konstruktionssystem des innovativen Geb\u00e4udes im Blickpunkt. Der rund 517 Quadratmeter gro\u00dfe Neubau \u2013 bestehend aus einem dreigeschossigen Schulungstrakt und einem eingeschossigen Hallenanbau \u2013\u00c2\u00a0 wurde errichtet, um die 650 Fachkr\u00e4fte des Personaldienstleisters R\u00dcBSAM Fachkr\u00e4fte regelm\u00e4\u00dfig in Theorie und Praxis auf ihre Arbeitseins\u00e4tze vorzubereiten. Dieses Weiterbildungsportfolio kann auch von den R\u00dcBSAM-Kundenunternehmen in Anspruch genommen werden.<\/p>\n","protected":false},"excerpt":{"rendered":"<div class=\"tmnf_excerpt\"><p>Petersberg. Einen Einblick in ein modernes und innovatives Geb\u00e4ude gewinnen und dabei wissenswerte Informationen von Architekt und Bauherr erhalten: Anl\u00e4sslich des hessischen \u201eTages der Architektur\u201c haben Interessierte am Samstag, 23. Juni in der Zeit von 11.00 Uhr bis 13.00 Uhr und am Sonntag, 24. Juni in der Zeit von 11.00 Uhr bis 15.00 die M\u00f6glichkeit, &hellip;<\/p>\n<\/div>","protected":false},"author":1,"featured_media":0,"comment_status":"closed","ping_status":"closed","sticky":false,"template":"","format":"standard","meta":{"footnotes":""},"categories":[1,29],"tags":[],"class_list":["post-99623","post","type-post","status-publish","format-standard","hentry","category-startseite","category-politik"],"_links":{"self":[{"href":"https:\/\/www.fuldaernachrichten.de\/index.php?rest_route=\/wp\/v2\/posts\/99623","targetHints":{"allow":["GET"]}}],"collection":[{"href":"https:\/\/www.fuldaernachrichten.de\/index.php?rest_route=\/wp\/v2\/posts"}],"about":[{"href":"https:\/\/www.fuldaernachrichten.de\/index.php?rest_route=\/wp\/v2\/types\/post"}],"author":[{"embeddable":true,"href":"https:\/\/www.fuldaernachrichten.de\/index.php?rest_route=\/wp\/v2\/users\/1"}],"replies":[{"embeddable":true,"href":"https:\/\/www.fuldaernachrichten.de\/index.php?rest_route=%2Fwp%2Fv2%2Fcomments&post=99623"}],"version-history":[{"count":0,"href":"https:\/\/www.fuldaernachrichten.de\/index.php?rest_route=\/wp\/v2\/posts\/99623\/revisions"}],"wp:attachment":[{"href":"https:\/\/www.fuldaernachrichten.de\/index.php?rest_route=%2Fwp%2Fv2%2Fmedia&parent=99623"}],"wp:term":[{"taxonomy":"category","embeddable":true,"href":"https:\/\/www.fuldaernachrichten.de\/index.php?rest_route=%2Fwp%2Fv2%2Fcategories&post=99623"},{"taxonomy":"post_tag","embeddable":true,"href":"https:\/\/www.fuldaernachrichten.de\/index.php?rest_route=%2Fwp%2Fv2%2Ftags&post=99623"}],"curies":[{"name":"wp","href":"https:\/\/api.w.org\/{rel}","templated":true}]}}