{"id":99621,"date":"2012-06-20T00:12:02","date_gmt":"2012-06-20T00:12:02","guid":{"rendered":"http:\/\/www.fuldaer-nachrichten.de\/?p=99621"},"modified":"2012-06-20T08:29:14","modified_gmt":"2012-06-20T08:29:14","slug":"bundestagswahl-vorstand-der-kreisspd-schlagt-birgit-kompel-vor","status":"publish","type":"post","link":"https:\/\/www.fuldaernachrichten.de\/?p=99621","title":{"rendered":"Bundestagswahl: Vorstand der Kreis\u2013SPD schl\u00e4gt Birgit K\u00f6mpel vor"},"content":{"rendered":"<p><a href=\"http:\/\/www.fuldaer-nachrichten.de\/wp-content\/uploads\/2012\/06\/bk4.jpg\"><img fetchpriority=\"high\" decoding=\"async\" class=\"alignleft size-thumbnail wp-image-99622\" title=\"bk4\" src=\"http:\/\/www.fuldaer-nachrichten.de\/wp-content\/uploads\/2012\/06\/bk4-265x397.jpg\" alt=\"\" width=\"265\" height=\"397\" srcset=\"https:\/\/www.fuldaernachrichten.de\/wp-content\/uploads\/2012\/06\/bk4-265x397.jpg 265w, https:\/\/www.fuldaernachrichten.de\/wp-content\/uploads\/2012\/06\/bk4-176x265.jpg 176w, https:\/\/www.fuldaernachrichten.de\/wp-content\/uploads\/2012\/06\/bk4.jpg 399w\" sizes=\"(max-width: 265px) 100vw, 265px\" \/><\/a>Fulda. In seiner Sitzung vom 18.06.2012 hat der Vorstand der Kreis-SPD Birgit K\u00f6mpel als Bundestagskandidatin f\u00fcr den Wahlkreis 175 vorgeschlagen. Die 44-j\u00e4hrige B\u00fcchenbergerin ist verheiratet, Mutter von 2 Kindern und arbeitet als Personalberaterin und Unternehmensberaterin in der Hotel- und Tourismusbranche. Politisch ist K\u00f6mpel als Gemeindevertreterin in Eichenzell sowie als Vorsitzende des SPD-Ortsvereins Eichenzell und der Arbeitsgemeinschaft sozialdemokratischer Frauen in Erscheinung getreten. Die Unternehmerin und aktive Karnevalistin ist in zahlreichen Vereinen engagiert, etwa als Mitglied im Vorstand der Frauengemeinschaft B\u00fcchenberg, als Initiatorin des Partnerschaftsvereins \u201eGrenzenlos\u201c Eichenzell und der Vereinsgemeinschaft B\u00fcchenberg. <!--more--><\/p>\n<p>\u201eBirgit K\u00f6mpel ist auch nach einer internationalen Karriere mit Stationen in London und Frankfurt bodenst\u00e4ndig geblieben. Sie kennt die Menschen der Region und m\u00f6chte sich f\u00fcr sie einsetzen\u201c, meint die Vorsitzende der Kreis-SPD, Sabine Waschke. Nach Meinung K\u00f6mpels geh\u00f6rt dazu die Begrenzung der Zeitarbeit: \u201eAls Unternehmerin verstehe ich sehr wohl, dass wir f\u00fcr Produktionsspitzen die Zeitarbeit brauchen. Sie ist ein wichtiges Instrument in der Personalplanung unserer Wirtschaft. Was ich nicht akzeptiere ist, dass einige Unternehmen in der Region ihre gesamte Belegschaft in die Zeitarbeit dr\u00e4ngen, um damit ihre Gewinne zu erh\u00f6hen und die Lohnkosten zu senken.\u201c<\/p>\n<p>Zu K\u00f6mpels politischen Schwerpunktthemen geh\u00f6ren neben der Wirtschaftspolitik auch die Vereinbarkeit von Familie und Beruf sowie die St\u00e4rkung der kommunalen Selbstverwaltung. Ob K\u00f6mpel tats\u00e4chlich Bundestagskandidatin wird, entscheidet die Delegiertenkonferenz der SPD f\u00fcr den Wahlkreis 175 am 3. November 2012. Zu dem Wahlkreis geh\u00f6ren auch Teile des Vogelbergs, sodass die Delegiertenkonferenz aus Vogelsbergern und Fuldaer Genossen besteht.<\/p>\n","protected":false},"excerpt":{"rendered":"<div class=\"tmnf_excerpt\"><p>Fulda. In seiner Sitzung vom 18.06.2012 hat der Vorstand der Kreis-SPD Birgit K\u00f6mpel als Bundestagskandidatin f\u00fcr den Wahlkreis 175 vorgeschlagen. Die 44-j\u00e4hrige B\u00fcchenbergerin ist verheiratet, Mutter von 2 Kindern und arbeitet als Personalberaterin und Unternehmensberaterin in der Hotel- und Tourismusbranche. Politisch ist K\u00f6mpel als Gemeindevertreterin in Eichenzell sowie als Vorsitzende des SPD-Ortsvereins Eichenzell und der &hellip;<\/p>\n<\/div>","protected":false},"author":1,"featured_media":0,"comment_status":"closed","ping_status":"closed","sticky":false,"template":"","format":"standard","meta":{"footnotes":""},"categories":[1,29],"tags":[],"class_list":["post-99621","post","type-post","status-publish","format-standard","hentry","category-startseite","category-politik"],"_links":{"self":[{"href":"https:\/\/www.fuldaernachrichten.de\/index.php?rest_route=\/wp\/v2\/posts\/99621","targetHints":{"allow":["GET"]}}],"collection":[{"href":"https:\/\/www.fuldaernachrichten.de\/index.php?rest_route=\/wp\/v2\/posts"}],"about":[{"href":"https:\/\/www.fuldaernachrichten.de\/index.php?rest_route=\/wp\/v2\/types\/post"}],"author":[{"embeddable":true,"href":"https:\/\/www.fuldaernachrichten.de\/index.php?rest_route=\/wp\/v2\/users\/1"}],"replies":[{"embeddable":true,"href":"https:\/\/www.fuldaernachrichten.de\/index.php?rest_route=%2Fwp%2Fv2%2Fcomments&post=99621"}],"version-history":[{"count":0,"href":"https:\/\/www.fuldaernachrichten.de\/index.php?rest_route=\/wp\/v2\/posts\/99621\/revisions"}],"wp:attachment":[{"href":"https:\/\/www.fuldaernachrichten.de\/index.php?rest_route=%2Fwp%2Fv2%2Fmedia&parent=99621"}],"wp:term":[{"taxonomy":"category","embeddable":true,"href":"https:\/\/www.fuldaernachrichten.de\/index.php?rest_route=%2Fwp%2Fv2%2Fcategories&post=99621"},{"taxonomy":"post_tag","embeddable":true,"href":"https:\/\/www.fuldaernachrichten.de\/index.php?rest_route=%2Fwp%2Fv2%2Ftags&post=99621"}],"curies":[{"name":"wp","href":"https:\/\/api.w.org\/{rel}","templated":true}]}}