{"id":99616,"date":"2012-06-20T00:09:10","date_gmt":"2012-06-20T00:09:10","guid":{"rendered":"http:\/\/www.fuldaer-nachrichten.de\/?p=99616"},"modified":"2012-06-20T08:24:55","modified_gmt":"2012-06-20T08:24:55","slug":"tagesmutter-und-vater-sind-unverzichtbarer-bestandteil-der-kinderbetreuung-nachste-qualifizierung-beginnt-im-august","status":"publish","type":"post","link":"https:\/\/www.fuldaernachrichten.de\/?p=99616","title":{"rendered":"Tagesm\u00fctter und -v\u00e4ter sind unverzichtbarer Bestandteil der Kinderbetreuung &#8211; N\u00e4chste Qualifizierung im August"},"content":{"rendered":"<p><a href=\"http:\/\/www.fuldaer-nachrichten.de\/wp-content\/uploads\/2012\/06\/301-Kindertagespflege.jpg\"><img fetchpriority=\"high\" decoding=\"async\" class=\"alignnone size-full wp-image-99617\" title=\"301-Kindertagespflege\" src=\"http:\/\/www.fuldaer-nachrichten.de\/wp-content\/uploads\/2012\/06\/301-Kindertagespflege.jpg\" alt=\"\" width=\"560\" height=\"358\" \/><\/a><\/p>\n<p>Fulda. Sie sind flexibel, zuverl\u00e4ssig, familiennah und f\u00fcr viele Eltern eine gute Alternative zur Krippe oder zum Kindergarten: die Tagesm\u00fctter und -v\u00e4ter. Auch im Landkreis und in der Stadt Fulda sind sie in den letzten Jahren zu einem unverzichtbaren Bestandteil der Kinderbetreuungslandschaft geworden. Aktuell gibt es im Landkreis 147 Kindertagespflegepersonen. Und es sollen noch mehr werden.<!--more--><\/p>\n<p>Zum einen gibt es die Zielvorgabe des Bundes, bis zum 1. August 2013 Betreuungsangebote f\u00fcr 35 Prozent der unter Dreij\u00e4hrigen bereitzustellen, zum anderen verzeichnet das Jugendamt des Landkreises Fulda einen ganz konkreten Bedarf. Elke Krack-Drinnenberg von der Fachstelle Kindertagespflege wei\u00df: \u201eDie Versorgungsquote liegt im Landkreis derzeit bei 27,4 Prozent und die Nachfrage von Eltern, die eine ganz individuelle und vor allem flexible Kinderbetreuung ben\u00f6tigen, besteht in der gesamten Region. Deshalb freuen wir uns \u00fcber jeden, der Interesse an dieser verantwortungsvollen Aufgabe hat.\u201c<\/p>\n<p>Um diese Aufgabe ausf\u00fcllen zu k\u00f6nnen, m\u00fcssen interessierte Frauen und M\u00e4nner (die mindestens einen Hauptschulabschluss haben) vorab eine sechsmonatige Qualifizierungsma\u00dfnahme absolvieren. Der n\u00e4chste Kurs beginnt bereits nach den Sommerferien, am 13. August 2012, und umfasst 184 Stunden.<\/p>\n<p>\u201eDer Kurs findet zwei Mal w\u00f6chentlich in den fr\u00fchen Abendstunden oder samstags an der vhs des Landkreises Fulda statt\u201c, erl\u00e4utert Kerstin Hohmann, Mitarbeiterin der Fachstelle. Inhalte des Kurses sind laut Hohmann unter anderem Recht, P\u00e4dagogik, Kommunikation, Spielp\u00e4dagogik und Erste Hilfe. Zudem f\u00fchren die Kursteilnehmer Hospitationen bei erfahrenen Kindertagespflegepersonen und auf Wunsch zus\u00e4tzlich in Krippen durch.<\/p>\n<p>Die sinnvolle Verkn\u00fcpfung von Theorie und Praxis wird von dem im Jahr 2003 gegr\u00fcndeten Verein Tages-Eltern-Fulda e.V. (TEF) unterst\u00fctzt. Der Verein, der in K\u00fcrze sein 100. Mitglied begr\u00fc\u00dfen wird, ist Informationsplattform f\u00fcr Kindertagespflegepersonen, f\u00fcr Eltern, und ebenso Ansprechpartner f\u00fcr die Fachstelle Kindertagespflege, wenn es um die Entwicklung von Fortbildungsangeboten und den regelm\u00e4\u00dfigen Informationsaustausch geht.<\/p>\n<p>\u201eBeratung und Unterst\u00fctzung, Erfahrungsaustausch, Vernetzung und die F\u00f6rderung der Qualit\u00e4t der Kindertagespflege sind unsere vorrangigen Ziele. Unseren Mitgliedern bieten wir zudem eine g\u00fcnstige Berufshaftpflichtversicherung oder den Verleih von Ausstattungsgegenst\u00e4nden an\u201c, erl\u00e4utern Martina Walker-Hainer, fachliche Leiterin der TEF-Gesch\u00e4ftsstelle und die TEF-Gesch\u00e4ftsf\u00fchrerin Uta-Charlotte Will.<\/p>\n<p>\u201eDie Vielfalt des Vereins spiegelt auch die Vielfalt der Kindertagspflege wieder\u201c, meint Tagesmutter Cornelia Hansel, die im Vorstand des TEF e.V. aktiv ist. Die Kinder zu betreuen, sie in ihrer Entwicklung zu f\u00f6rdern und zu unterst\u00fctzen empfindet sie ebenso wie Tagesmutter Christina Weber als \u201eeine anspruchsvolle und sehr erf\u00fcllende Aufgabe\u201c. Deshalb r\u00fchren Christina Weber und ihre Kolleginnen, die im Altkreis H\u00fcnfeld t\u00e4tig sind, auch kr\u00e4ftig die Werbetrommel f\u00fcr die Kindertagespflege. \u201eWir pr\u00e4sentieren uns vor Ort, beispielsweise auf Basaren, um uns und unser Angebot noch mehr bekannt zu machen\u201c, sagt die Diplom-Sozialp\u00e4dagogin. Bei vielen Eltern gebe es noch ein Informationsdefizit vor allem hinsichtlich der Finanzierung.<\/p>\n<p>\u201eEs gibt inzwischen bei der U3-Betreuung eine finanzielle Gleichstellung von Kindertagespflege und institutionellen Betreuungsformen\u201c, betont Elke Krack-Drinnenberg. \u201eDas hei\u00dft, Landkreis, Stadt und Gemeinden f\u00f6rdern die Kindertagespflege, damit sie nicht teurer ist als die Kinderkrippe.\u201c Allerdings m\u00fcssen f\u00fcr die F\u00f6rderung, die einkommensunabh\u00e4ngig ist, bestimmte Voraussetzungen erf\u00fcllt sein: die Eltern m\u00fcssen beide berufst\u00e4tig sein, sich in einer Ausbildung bzw. im Studium befinden oder Arbeit suchend gemeldet sein. (Dorit Heydenreich)<\/p>\n<p><strong>Kontakt<\/strong><\/p>\n<p>Telefonische Ausk\u00fcnfte zum Thema Kindertagespflege erteilen beim Landkreis Fulda Elke Krack-Drinnenberg, Telefon (0661) 6006-492, und Kerstin Hohmann Telefon (0661) 6006-328. Ansprechpartner bei der Stadt Fulda sind Christiane Becker-Ott, Telefon (0661) 102-1960, und Falko Jana (0661) 102-1929. Der Verein Tages-Eltern-Fulda e.V. (TEF) hat seine Gesch\u00e4ftsstelle in der Kanalstra\u00dfe 52, Fulda. Die Telefonnummer lautet (0661) 5005193. Die \u00d6ffnungszeiten: Montag 9 bis 12 Uhr und Donnerstag 15 bis 17 Uhr.<\/p>\n<p><strong>Info<\/strong><\/p>\n<p>Sie k\u00f6nnen Kindertagespflegeperson werden, wenn<\/p>\n<p>&#8211; Sie Freude am Umgang mit Kindern haben<br \/>\n&#8211; Ihnen die Entwicklung, F\u00f6rderung und Bildung von Kindern am Herzen liegt<br \/>\n&#8211; Sie Kindern eine liebevolle, wertsch\u00e4tzende und famili\u00e4re Atmosph\u00e4re bieten k\u00f6nnen<br \/>\n&#8211; Verantwortung zu \u00fcbernehmen f\u00fcr Sie eine Selbstverst\u00e4ndlichkeit ist und Sie an p\u00e4dagogischen Themen interessiert sind<br \/>\n&#8211; Zusammenarbeit mit den Eltern der Tageskinder und den Mitarbeitern der Fachstelle f\u00fcr Sie dazu geh\u00f6ren<br \/>\n&#8211; Sie f\u00fcr einen Austausch mit anderen Tagesm\u00fcttern und Tagesv\u00e4tern offen sind<\/p>\n<p>Zum Foto: v.l.n.r. Kerstin Hohmann, Cornelia Hansel, Christina Weber, Elke Krack-Drinneberg, Uta-Charlotte Will und Martina Walker-Hainer<\/p>\n","protected":false},"excerpt":{"rendered":"<div class=\"tmnf_excerpt\"><p>Fulda. Sie sind flexibel, zuverl\u00e4ssig, familiennah und f\u00fcr viele Eltern eine gute Alternative zur Krippe oder zum Kindergarten: die Tagesm\u00fctter und -v\u00e4ter. Auch im Landkreis und in der Stadt Fulda sind sie in den letzten Jahren zu einem unverzichtbaren Bestandteil der Kinderbetreuungslandschaft geworden. Aktuell gibt es im Landkreis 147 Kindertagespflegepersonen. Und es sollen noch mehr &hellip;<\/p>\n<\/div>","protected":false},"author":1,"featured_media":0,"comment_status":"closed","ping_status":"closed","sticky":false,"template":"","format":"standard","meta":{"footnotes":""},"categories":[1,72,78],"tags":[],"class_list":["post-99616","post","type-post","status-publish","format-standard","hentry","category-startseite","category-jugend","category-topthema"],"_links":{"self":[{"href":"https:\/\/www.fuldaernachrichten.de\/index.php?rest_route=\/wp\/v2\/posts\/99616","targetHints":{"allow":["GET"]}}],"collection":[{"href":"https:\/\/www.fuldaernachrichten.de\/index.php?rest_route=\/wp\/v2\/posts"}],"about":[{"href":"https:\/\/www.fuldaernachrichten.de\/index.php?rest_route=\/wp\/v2\/types\/post"}],"author":[{"embeddable":true,"href":"https:\/\/www.fuldaernachrichten.de\/index.php?rest_route=\/wp\/v2\/users\/1"}],"replies":[{"embeddable":true,"href":"https:\/\/www.fuldaernachrichten.de\/index.php?rest_route=%2Fwp%2Fv2%2Fcomments&post=99616"}],"version-history":[{"count":0,"href":"https:\/\/www.fuldaernachrichten.de\/index.php?rest_route=\/wp\/v2\/posts\/99616\/revisions"}],"wp:attachment":[{"href":"https:\/\/www.fuldaernachrichten.de\/index.php?rest_route=%2Fwp%2Fv2%2Fmedia&parent=99616"}],"wp:term":[{"taxonomy":"category","embeddable":true,"href":"https:\/\/www.fuldaernachrichten.de\/index.php?rest_route=%2Fwp%2Fv2%2Fcategories&post=99616"},{"taxonomy":"post_tag","embeddable":true,"href":"https:\/\/www.fuldaernachrichten.de\/index.php?rest_route=%2Fwp%2Fv2%2Ftags&post=99616"}],"curies":[{"name":"wp","href":"https:\/\/api.w.org\/{rel}","templated":true}]}}