{"id":99604,"date":"2012-06-20T00:20:14","date_gmt":"2012-06-20T00:20:14","guid":{"rendered":"http:\/\/www.fuldaer-nachrichten.de\/?p=99604"},"modified":"2012-06-20T08:18:05","modified_gmt":"2012-06-20T08:18:05","slug":"tag-der-architektur-am-23-und-24-juni-2012-vier-stadtische-projekte-in-fulda-zu-besichtigen","status":"publish","type":"post","link":"https:\/\/www.fuldaernachrichten.de\/?p=99604","title":{"rendered":"Tag der Architektur am 23. und 24. Juni 2012 &#8211; Vier st\u00e4dtische Projekte in Fulda zu besichtigen:"},"content":{"rendered":"<div id=\"attachment_99607\" style=\"width: 275px\" class=\"wp-caption alignleft\"><a href=\"http:\/\/www.fuldaer-nachrichten.de\/wp-content\/uploads\/2012\/06\/BS853-21X.jpg\"><img decoding=\"async\" aria-describedby=\"caption-attachment-99607\" class=\"size-thumbnail wp-image-99607\" title=\"BS853-21X\" src=\"http:\/\/www.fuldaer-nachrichten.de\/wp-content\/uploads\/2012\/06\/BS853-21X-265x155.jpg\" alt=\"\" width=\"265\" height=\"155\" srcset=\"https:\/\/www.fuldaernachrichten.de\/wp-content\/uploads\/2012\/06\/BS853-21X-265x155.jpg 265w, https:\/\/www.fuldaernachrichten.de\/wp-content\/uploads\/2012\/06\/BS853-21X.jpg 592w\" sizes=\"(max-width: 265px) 100vw, 265px\" \/><\/a><p id=\"caption-attachment-99607\" class=\"wp-caption-text\">Foto: Barbara Staubach<\/p><\/div>\n<p>Fulda (cp). Am 23. und 24. Juni laden alle Architektenkammern bundesweit zum Tag der Architektur ein. Dabei k\u00f6nnen Besucherinnen und Besucher viele interessante und innovative Bauprojekten besuchen: Privath\u00e4user, neue Miet- und Eigentumswohnungen, Bauwerke f\u00fcr B\u00fcro und Verwaltung, Schule und Bildung, Senioren und Kinder, Handwerk und Gewerbe bis hin zu G\u00e4rten und Parks. Auch in Fulda \u00f6ffnen sich an diesem Tag bei einigen Objekten die Pforten f\u00fcr Architekturfreunde sowie f\u00fcr interessierte B\u00fcrgerinnen und B\u00fcrger. So k\u00f6nnen sie sich vor Ort zum Beispiel \u00fcber den Neubau und die Sanierung der Richard-M\u00fcller-Schule, die denkmalgerechte Sanierung der Adolf-von-Dalberg-Schule, den Neubau der Kindertagesst\u00e4tte Aschenberg und die Umgestaltung des Quartiersplatzes &#8220;Am Hirtsrain&#8221; informieren. <!--more--><\/p>\n<p>&#8220;Das Besondere am Tag der Architektur ist, dass man die M\u00f6glichkeit hat, Geb\u00e4ude, die normalerweise nicht f\u00fcr Besichtigungen ge\u00f6ffnet sind, einmal genau in Augenschein zu nehmen und direkt mit den Fachleuten vor Ort zu sprechen&#8221;, hebt Stadtbaur\u00e4tin Cornelia Zuschke hervor. Zusammen mit Oberb\u00fcrgermeister Gerhard M\u00f6ller bedankt sie sich bei den beteiligten Architekten f\u00fcr dieses tolle Angebot und l\u00e4dt alle B\u00fcrgerinnen und B\u00fcrger ein, an diesen beiden Tagen einmal hinter die Kulissen der neuen Architektur in Fulda zu schauen.<\/p>\n<p><strong>St\u00e4dtische Beitr\u00e4ge in Fulda<\/strong><\/p>\n<p>Das Architekturb\u00fcro &#8220;STAUBACH + PARTNER&#8221; hat ein gro\u00dfes Projekt der Stadt Fulda im Rahmen der Konjunkturprogramme entwickelt und umgesetzt &#8211; den Anbau, die Aufstockung und der Umbau der Richard-M\u00fcller-Schule. Dort sind zw\u00f6lf neue Klassenr\u00e4ume sowie eine Cafeteria im Erdgeschoss mit 160 Pl\u00e4tzen entstanden. Im 1. Obergeschoss wurde die gesamte Verwaltung neu organisiert. Nach dem Einbau von zwei Aufz\u00fcgen und der Einrichtung von zwei Behinderten-WCs ist die Schule nun auch barrierefrei erschlossen. Die Neuordnung und Neugestaltung der Freiraumanlagen mit erweitertem Parkplatz\u00c2\u00a0 wurde vom Garten- und Landschaftsarchitekturb\u00fcro KLAUS NEISSER entwickelt. &#8220;Das Gesamtensemble wurde \u00fcberzeugend und funktional weiterentwickelt&#8221;, zieht die Stadtbaur\u00e4tin Bilanz. F\u00fchrungen durch die Richard-M\u00fcller-Schule finden am Samstag, 23. Juni und Sonntag, 24. Juni jeweils um 15.30 Uhr statt. Treffpunkt ist der neu gestaltete Schulhof vor der neuen Mensa.<\/p>\n<div id=\"attachment_99606\" style=\"width: 275px\" class=\"wp-caption alignnone\"><a href=\"http:\/\/www.fuldaer-nachrichten.de\/wp-content\/uploads\/2012\/06\/BS853-15X.jpg\"><img decoding=\"async\" aria-describedby=\"caption-attachment-99606\" class=\"size-thumbnail wp-image-99606\" title=\"BS853-15X\" src=\"http:\/\/www.fuldaer-nachrichten.de\/wp-content\/uploads\/2012\/06\/BS853-15X-265x157.jpg\" alt=\"\" width=\"265\" height=\"157\" srcset=\"https:\/\/www.fuldaernachrichten.de\/wp-content\/uploads\/2012\/06\/BS853-15X-265x157.jpg 265w, https:\/\/www.fuldaernachrichten.de\/wp-content\/uploads\/2012\/06\/BS853-15X.jpg 592w\" sizes=\"(max-width: 265px) 100vw, 265px\" \/><\/a>\u00c2\u00a0\u00c2\u00a0 <a href=\"http:\/\/www.fuldaer-nachrichten.de\/wp-content\/uploads\/2012\/06\/BS853-05x.jpg\"><img decoding=\"async\" aria-describedby=\"caption-attachment-99606\" class=\"alignnone size-thumbnail wp-image-99605\" title=\"BS853-05x\" src=\"http:\/\/www.fuldaer-nachrichten.de\/wp-content\/uploads\/2012\/06\/BS853-05x-265x121.jpg\" alt=\"\" width=\"265\" height=\"121\" srcset=\"https:\/\/www.fuldaernachrichten.de\/wp-content\/uploads\/2012\/06\/BS853-05x-265x121.jpg 265w, https:\/\/www.fuldaernachrichten.de\/wp-content\/uploads\/2012\/06\/BS853-05x.jpg 592w\" sizes=\"(max-width: 265px) 100vw, 265px\" \/><\/a><p id=\"caption-attachment-99606\" class=\"wp-caption-text\">Fotos: Barbara Staubach<\/p><\/div>\n<p>Die Adolf-von-Dalberg-Schule befindet sich in den R\u00e4umen der alten Universit\u00e4t der Stadt Fulda. W\u00e4hrend das historische Barockgeb\u00e4ude 1731 von Andreas Galasini erbaut wurde, werden die R\u00e4ume heute als Grundschule und Veranstaltungsort mit barockem Festsaal genutzt. Das Architekturb\u00fcro &#8220;sturm und wartzeck&#8221; war neben der denkmalgerechten Sanierung der Fassaden und D\u00e4cher und der zeitgem\u00e4\u00dfen Gestaltung der Innenr\u00e4ume auch f\u00fcr die Bearbeitung der Brandschutzanforderungen und der Entfluchtung zust\u00e4ndig. Auch das Tragwerk des Dachstuhls wurde in gro\u00dfen Teilen erneuert. &#8220;Die Sanierung der Adolf-von-Dalberg-Schule hatte aufgrund der besonderen Geschichte des Geb\u00e4udes und der zentralen Lage am Universit\u00e4tsplatz Priorit\u00e4t&#8221;, so Oberb\u00fcrgermeister M\u00f6ller. F\u00fchrungen durch die Adolf-von-Dalberg-Schule finden am Samstag, 23. Juni um 13.00 Uhr und um 14.00 Uhr statt. Treffpunkt\u00c2\u00a0\u00c2\u00a0 ist die Aula im Erdgeschoss.<\/p>\n<p><a href=\"http:\/\/www.fuldaer-nachrichten.de\/wp-content\/uploads\/2012\/06\/Dalbergschule.jpg\"><img loading=\"lazy\" decoding=\"async\" class=\"alignnone size-thumbnail wp-image-99609\" title=\"Dalbergschule\" src=\"http:\/\/www.fuldaer-nachrichten.de\/wp-content\/uploads\/2012\/06\/Dalbergschule-265x175.jpg\" alt=\"\" width=\"265\" height=\"175\" srcset=\"https:\/\/www.fuldaernachrichten.de\/wp-content\/uploads\/2012\/06\/Dalbergschule-265x175.jpg 265w, https:\/\/www.fuldaernachrichten.de\/wp-content\/uploads\/2012\/06\/Dalbergschule.jpg 592w\" sizes=\"(max-width: 265px) 100vw, 265px\" \/><\/a> <a href=\"http:\/\/www.fuldaer-nachrichten.de\/wp-content\/uploads\/2012\/06\/Dalberg_I-2.jpg\"><img loading=\"lazy\" decoding=\"async\" class=\"alignnone size-thumbnail wp-image-99608\" title=\"Dalberg_I-2\" src=\"http:\/\/www.fuldaer-nachrichten.de\/wp-content\/uploads\/2012\/06\/Dalberg_I-2-265x198.jpg\" alt=\"\" width=\"265\" height=\"198\" srcset=\"https:\/\/www.fuldaernachrichten.de\/wp-content\/uploads\/2012\/06\/Dalberg_I-2-265x198.jpg 265w, https:\/\/www.fuldaernachrichten.de\/wp-content\/uploads\/2012\/06\/Dalberg_I-2.jpg 592w\" sizes=\"(max-width: 265px) 100vw, 265px\" \/><\/a><br \/>\nDie neue Kindertagesst\u00e4tte am Aschenberg, die vom Architekturb\u00fcro &#8220;sturm und wartzeck&#8221; und f\u00fcr die kindgerechte Freiraumgestaltung der Au\u00dfenanlagen vom Landschaftsarchitekturb\u00fcro &#8220;TATJANA HEIL&#8221; geplant und umgesetzt worden ist, liegt am Rand des ca. 4 ha gro\u00dfen Stadtteilparks Aschenberg &#8211; Panoramablick mit vielf\u00e4ltigen Freizeitangeboten f\u00fcr alle Altersgruppen. Mit der Kita wird das Angebot der Kinderbetreuung der Stadt Fulda um zwei Gruppen f\u00fcr unter Dreij\u00e4hrige und eine Gruppe f\u00fcr \u00fcber Dreij\u00e4hrige erweitert. &#8220;Die auffallende, bunte Gestaltung des Geb\u00e4udes setzt gegen\u00fcber den angrenzenden Hochh\u00e4usern einen Architekturakzent, der wach macht, so dass das Gel\u00e4nde als markanter Treffpunkt fungiert&#8221;, stellt Cornelia Zuschke heraus. Die Kita hat am Sonntag, 24. Juni von 14.00 Uhr bis 16.00 Uhr ge\u00f6ffnet, um 15.00 Uhr findet eine F\u00fchrung statt.<\/p>\n<p><a href=\"http:\/\/www.fuldaer-nachrichten.de\/wp-content\/uploads\/2012\/06\/Kita_A.jpg\"><img loading=\"lazy\" decoding=\"async\" class=\"alignnone size-thumbnail wp-image-99611\" title=\"Kita_A\" src=\"http:\/\/www.fuldaer-nachrichten.de\/wp-content\/uploads\/2012\/06\/Kita_A-265x176.jpg\" alt=\"\" width=\"265\" height=\"176\" srcset=\"https:\/\/www.fuldaernachrichten.de\/wp-content\/uploads\/2012\/06\/Kita_A-265x176.jpg 265w, https:\/\/www.fuldaernachrichten.de\/wp-content\/uploads\/2012\/06\/Kita_A.jpg 592w\" sizes=\"(max-width: 265px) 100vw, 265px\" \/><\/a><\/p>\n<div id=\"attachment_99610\" style=\"width: 275px\" class=\"wp-caption alignnone\"><a href=\"http:\/\/www.fuldaer-nachrichten.de\/wp-content\/uploads\/2012\/06\/IMG_3835-2.jpg\"><img loading=\"lazy\" decoding=\"async\" aria-describedby=\"caption-attachment-99610\" class=\"size-thumbnail wp-image-99610\" title=\"IMG_3835-(2)\" src=\"http:\/\/www.fuldaer-nachrichten.de\/wp-content\/uploads\/2012\/06\/IMG_3835-2-265x176.jpg\" alt=\"\" width=\"265\" height=\"176\" srcset=\"https:\/\/www.fuldaernachrichten.de\/wp-content\/uploads\/2012\/06\/IMG_3835-2-265x176.jpg 265w, https:\/\/www.fuldaernachrichten.de\/wp-content\/uploads\/2012\/06\/IMG_3835-2.jpg 592w\" sizes=\"(max-width: 265px) 100vw, 265px\" \/><\/a><p id=\"caption-attachment-99610\" class=\"wp-caption-text\">Foto: B\u00fcro Mann<\/p><\/div>\n<p>&nbsp;<\/p>\n<div id=\"attachment_99612\" style=\"width: 275px\" class=\"wp-caption alignleft\"><a href=\"http:\/\/www.fuldaer-nachrichten.de\/wp-content\/uploads\/2012\/06\/P4039543-2.jpg\"><img loading=\"lazy\" decoding=\"async\" aria-describedby=\"caption-attachment-99612\" class=\"size-thumbnail wp-image-99612\" title=\"P4039543-(2)\" src=\"http:\/\/www.fuldaer-nachrichten.de\/wp-content\/uploads\/2012\/06\/P4039543-2-265x198.jpg\" alt=\"\" width=\"265\" height=\"198\" srcset=\"https:\/\/www.fuldaernachrichten.de\/wp-content\/uploads\/2012\/06\/P4039543-2-265x198.jpg 265w, https:\/\/www.fuldaernachrichten.de\/wp-content\/uploads\/2012\/06\/P4039543-2.jpg 592w\" sizes=\"(max-width: 265px) 100vw, 265px\" \/><\/a><p id=\"caption-attachment-99612\" class=\"wp-caption-text\">Foto: B\u00fcro Mann<\/p><\/div>\n<p>Der Quartiersplatz &#8220;Am Hirtsrain&#8221; liegt am Rande der Innenstadt, in einem gr\u00fcnderzeitlichen Viertel von Fulda. Vor seiner Umgestaltung im Jahr 2011 war er als Aufenthaltsort kaum wahrnehmbar. Im Rahmen des Programms &#8220;Stadtumbau in Hessen&#8221; wurde der Platz vom Architekturb\u00fcro &#8220;MANN LANDSCHAFTSARCHITEKTUR&#8221; unter Einbeziehung der Anwohner grundlegend neu geordnet. &#8220;Es war unser Ziel, durch diese Neugestaltung einen Erholungsraum mitten in der Stadt f\u00fcr alle Generationen zu schaffen&#8221;, so Oberb\u00fcrgermeister M\u00f6ller. Das Projekt geh\u00f6re zum Masterplan &#8220;S\u00fcdliche Innenstadt&#8221;, so die Stadtbaur\u00e4tin, und es habe eine gro\u00dfe B\u00fcrgerbeteiligung gehabt. Am Sonntag, 24. Juni findet um 16.00 Uhr eine F\u00fchrung statt, f\u00fcr die eine Anmeldung erforderlich ist (per E-Mail: kontakt@mann-la.de oder per Telefon 0661 &#8211; 38 07 85 40).<\/p>\n","protected":false},"excerpt":{"rendered":"<div class=\"tmnf_excerpt\"><p>Fulda (cp). Am 23. und 24. Juni laden alle Architektenkammern bundesweit zum Tag der Architektur ein. Dabei k\u00f6nnen Besucherinnen und Besucher viele interessante und innovative Bauprojekten besuchen: Privath\u00e4user, neue Miet- und Eigentumswohnungen, Bauwerke f\u00fcr B\u00fcro und Verwaltung, Schule und Bildung, Senioren und Kinder, Handwerk und Gewerbe bis hin zu G\u00e4rten und Parks. Auch in Fulda &hellip;<\/p>\n<\/div>","protected":false},"author":1,"featured_media":0,"comment_status":"closed","ping_status":"closed","sticky":false,"template":"","format":"standard","meta":{"footnotes":""},"categories":[1,29],"tags":[],"class_list":["post-99604","post","type-post","status-publish","format-standard","hentry","category-startseite","category-politik"],"_links":{"self":[{"href":"https:\/\/www.fuldaernachrichten.de\/index.php?rest_route=\/wp\/v2\/posts\/99604","targetHints":{"allow":["GET"]}}],"collection":[{"href":"https:\/\/www.fuldaernachrichten.de\/index.php?rest_route=\/wp\/v2\/posts"}],"about":[{"href":"https:\/\/www.fuldaernachrichten.de\/index.php?rest_route=\/wp\/v2\/types\/post"}],"author":[{"embeddable":true,"href":"https:\/\/www.fuldaernachrichten.de\/index.php?rest_route=\/wp\/v2\/users\/1"}],"replies":[{"embeddable":true,"href":"https:\/\/www.fuldaernachrichten.de\/index.php?rest_route=%2Fwp%2Fv2%2Fcomments&post=99604"}],"version-history":[{"count":0,"href":"https:\/\/www.fuldaernachrichten.de\/index.php?rest_route=\/wp\/v2\/posts\/99604\/revisions"}],"wp:attachment":[{"href":"https:\/\/www.fuldaernachrichten.de\/index.php?rest_route=%2Fwp%2Fv2%2Fmedia&parent=99604"}],"wp:term":[{"taxonomy":"category","embeddable":true,"href":"https:\/\/www.fuldaernachrichten.de\/index.php?rest_route=%2Fwp%2Fv2%2Fcategories&post=99604"},{"taxonomy":"post_tag","embeddable":true,"href":"https:\/\/www.fuldaernachrichten.de\/index.php?rest_route=%2Fwp%2Fv2%2Ftags&post=99604"}],"curies":[{"name":"wp","href":"https:\/\/api.w.org\/{rel}","templated":true}]}}