{"id":99597,"date":"2012-06-20T00:14:47","date_gmt":"2012-06-20T00:14:47","guid":{"rendered":"http:\/\/www.fuldaer-nachrichten.de\/?p=99597"},"modified":"2012-06-20T08:04:38","modified_gmt":"2012-06-20T08:04:38","slug":"stabwechsel-an-mvz-fur-diagnostik-dr-nied-in-ruhestand","status":"publish","type":"post","link":"https:\/\/www.fuldaernachrichten.de\/?p=99597","title":{"rendered":"Stabwechsel an MVZ f\u00fcr Diagnostik &#8211; Dr. Nied in Ruhestand"},"content":{"rendered":"<p><a href=\"http:\/\/www.fuldaer-nachrichten.de\/wp-content\/uploads\/2012\/06\/PD-Hertel_Praxisu\u00cc\u02c6bernahme-MVZ-Diagnostik_DSC_3511.jpg\"><img decoding=\"async\" class=\"alignleft size-thumbnail wp-image-99598\" title=\"PD-Hertel_Praxisu\u00cc\u02c6bernahme-MVZ-Diagnostik_DSC_3511\" src=\"http:\/\/www.fuldaer-nachrichten.de\/wp-content\/uploads\/2012\/06\/PD-Hertel_Praxisu\u00cc\u02c6bernahme-MVZ-Diagnostik_DSC_3511-265x153.jpg\" alt=\"\" width=\"265\" height=\"153\" \/><\/a>Fulda. Nach 27 Jahren erfolgreicher T\u00e4tigkeit und Versorgung der Patientinnen und Patienten in seiner nuklearmedizinischen Praxis in Schl\u00fcchtern, ist Dr. Klaus Nied in den Ruhestand getreten. Der offizielle Stabwechsel an das Medizinische Versorgungszentrum f\u00fcr Diagnostik, erfolgte im April 2012. Die Praxis wird als Zweigpraxis des MVZ f\u00fcr Diagnostik, Fachbereich Nuklearmedizin des Klinikums Fulda, am gleichen Ort fortgef\u00fchrt.<!--more--><\/p>\n<p>Privatdozent Dr. Andreas Hertel, Facharzt Dr. Andreas Desing und Fach\u00e4rztin Dr. Nicole Buhl-Heinrichs setzen die Versorgung der Patientinnen und Patienten der gesetzlichen sowie privaten Krankenversicherungen mit nuklearmedizinischen Leistungen in Schl\u00fcchtern fort.<\/p>\n<p>Dr. Klaus Nied ging altersbedingt in den\u00c2\u00a0 Ruhestand, f\u00fcr sein Engagement und fach\u00e4rztlichen Leistungen auf hohem Niveau und \u00fcber einen langen Zeitraum, die ihm Anerkennung &#8211; auch \u00fcberregional &#8211; brachten, wurde ihm von Priv.-Doz. Dr. Hertel gro\u00dfe Anerkennung ausgesprochen und hoher Respekt gezollt. Mit Dr. Nied ging auch \u00c2\u00a0Ehefrau Christiane nach langj\u00e4hriger T\u00e4tigkeit in der Praxis in den Ruhestand.<\/p>\n<p>Das neue \u00e4rztliche Team aus Fulda setzt diese Arbeit nun an gleichem Ort fort. \u201eZur St\u00e4rkung der Auslastung der Therapiestation mit Schwerpunkt Radiojodtherapie am Klinikum Fulda, haben wir uns entschlossen, die Praxis von Dr. Nied fortzuf\u00fchren\u201c, erl\u00e4uterte Priv.-Doz. Dr. Hertel, der zugleich Direktor der Klinik f\u00fcr Diagnostische und Therapeutische Nuklearmedizin am Klinikum Fulda ist.<\/p>\n<p>Das Standard-Spektrum der Nuklearmedizin (Schilddr\u00fcsen-Diagnostik, Skelettszintigraphie, Nierenszintigraphie) wird unver\u00e4ndert angeboten. Lediglich die \u00d6ffnungszeiten der Praxis haben sich ver\u00e4ndert. Spezielle Untersuchungen, wie Herzszintigraphie, neurologische Spezialuntersuchungen, DAT Scan oder PET\/CT-Untersuchungen im onkologischen Bereich, werden am Hauptstandort am Klinikum Fulda durchgef\u00fchrt.<\/p>\n<p><em>BU v.li. Dr. Klaus Nied, Dr. Andreas Desing, Priv.-Doz. Dr. Hertel \/\u00c2\u00a0 Fotonachweis: Klinikum Fulda<\/em><\/p>\n","protected":false},"excerpt":{"rendered":"<div class=\"tmnf_excerpt\"><p>Fulda. Nach 27 Jahren erfolgreicher T\u00e4tigkeit und Versorgung der Patientinnen und Patienten in seiner nuklearmedizinischen Praxis in Schl\u00fcchtern, ist Dr. Klaus Nied in den Ruhestand getreten. Der offizielle Stabwechsel an das Medizinische Versorgungszentrum f\u00fcr Diagnostik, erfolgte im April 2012. Die Praxis wird als Zweigpraxis des MVZ f\u00fcr Diagnostik, Fachbereich Nuklearmedizin des Klinikums Fulda, am gleichen &hellip;<\/p>\n<\/div>","protected":false},"author":1,"featured_media":0,"comment_status":"closed","ping_status":"closed","sticky":false,"template":"","format":"standard","meta":{"footnotes":""},"categories":[1,51],"tags":[],"class_list":["post-99597","post","type-post","status-publish","format-standard","hentry","category-startseite","category-medizin"],"_links":{"self":[{"href":"https:\/\/www.fuldaernachrichten.de\/index.php?rest_route=\/wp\/v2\/posts\/99597","targetHints":{"allow":["GET"]}}],"collection":[{"href":"https:\/\/www.fuldaernachrichten.de\/index.php?rest_route=\/wp\/v2\/posts"}],"about":[{"href":"https:\/\/www.fuldaernachrichten.de\/index.php?rest_route=\/wp\/v2\/types\/post"}],"author":[{"embeddable":true,"href":"https:\/\/www.fuldaernachrichten.de\/index.php?rest_route=\/wp\/v2\/users\/1"}],"replies":[{"embeddable":true,"href":"https:\/\/www.fuldaernachrichten.de\/index.php?rest_route=%2Fwp%2Fv2%2Fcomments&post=99597"}],"version-history":[{"count":0,"href":"https:\/\/www.fuldaernachrichten.de\/index.php?rest_route=\/wp\/v2\/posts\/99597\/revisions"}],"wp:attachment":[{"href":"https:\/\/www.fuldaernachrichten.de\/index.php?rest_route=%2Fwp%2Fv2%2Fmedia&parent=99597"}],"wp:term":[{"taxonomy":"category","embeddable":true,"href":"https:\/\/www.fuldaernachrichten.de\/index.php?rest_route=%2Fwp%2Fv2%2Fcategories&post=99597"},{"taxonomy":"post_tag","embeddable":true,"href":"https:\/\/www.fuldaernachrichten.de\/index.php?rest_route=%2Fwp%2Fv2%2Ftags&post=99597"}],"curies":[{"name":"wp","href":"https:\/\/api.w.org\/{rel}","templated":true}]}}