{"id":99593,"date":"2012-06-20T00:10:37","date_gmt":"2012-06-20T00:10:37","guid":{"rendered":"http:\/\/www.fuldaer-nachrichten.de\/?p=99593"},"modified":"2012-06-20T07:22:54","modified_gmt":"2012-06-20T07:22:54","slug":"750-jahre-burghaun-elsasser-abend-public-viewing-am-marktplatz-in-burghaun","status":"publish","type":"post","link":"https:\/\/www.fuldaernachrichten.de\/?p=99593","title":{"rendered":"750 Jahre Burghaun: Els\u00e4sser Abend &#038; Public Viewing  am Marktplatz in Burghaun"},"content":{"rendered":"<p>Burghaun. Im Rahmen der 750-Jahr-Feier vom 15.06.2012 bis zum 24.06.2012 veranstaltet die Marktgemeinde, die Freiwillige Feuerwehr Burghaun und der Partnerschaftsverein Mertzwiller einen \u201eEls\u00e4sser Abend\u201c mit den Lichtbergkrainernam Freitag, den 22.06.2012um 19.30 Uhr am Marktplatz in Burghaun. Bereits um 18.00 Uhr wird der Abend mit einem gemeinsamen Liedvortrag von neun Burghauner Ch\u00f6ren auf den Kirchentreppen er\u00f6ffnet.<!--more-->Die Marktgemeinde Burghaun freut sich folgende Ch\u00f6re des gesamten Gemeindegebietes f\u00fcr diesen gemeinsamen Auftritt gewinnen zu k\u00f6nnen:<\/p>\n<p>-\u00c2\u00a0\u00c2\u00a0\u00c2\u00a0\u00c2\u00a0\u00c2\u00a0\u00c2\u00a0 M\u00e4nnergesangverein 1891 Rothenkirchen<br \/>\n-\u00c2\u00a0\u00c2\u00a0\u00c2\u00a0\u00c2\u00a0\u00c2\u00a0\u00c2\u00a0 Chorgemeinschaft H\u00fcnhan<br \/>\n-\u00c2\u00a0\u00c2\u00a0\u00c2\u00a0\u00c2\u00a0\u00c2\u00a0\u00c2\u00a0 Katholischer Kirchenchor Steinbach<br \/>\n-\u00c2\u00a0\u00c2\u00a0\u00c2\u00a0\u00c2\u00a0\u00c2\u00a0\u00c2\u00a0 M\u00e4nnergesangverein C\u00e4cilia Steinbach<br \/>\n-\u00c2\u00a0\u00c2\u00a0\u00c2\u00a0\u00c2\u00a0\u00c2\u00a0\u00c2\u00a0 S\u00e4ngerchor Harmonie Steinbach<br \/>\n-\u00c2\u00a0\u00c2\u00a0\u00c2\u00a0\u00c2\u00a0\u00c2\u00a0\u00c2\u00a0 M\u00e4nnergesangverein Concordia Langenschwarz<br \/>\n-\u00c2\u00a0\u00c2\u00a0\u00c2\u00a0\u00c2\u00a0\u00c2\u00a0\u00c2\u00a0 Chorvereinigung 1905 Burghaun<br \/>\n-\u00c2\u00a0\u00c2\u00a0\u00c2\u00a0\u00c2\u00a0\u00c2\u00a0\u00c2\u00a0 Singkreis Schlotzau<br \/>\n-\u00c2\u00a0\u00c2\u00a0\u00c2\u00a0\u00c2\u00a0\u00c2\u00a0\u00c2\u00a0 Kirchenchor C\u00e4cilia Burghaun<\/p>\n<p>Ebenfalls l\u00e4dt das Weindorf am Marktplatz ab 18.00 Uhr zum gem\u00fctlichen Verweilen bei einem guten Schluck Wein ein. Um die Deutsche Nationalmannschaft am kommenden Freitag im Spiel gegen Griechenland angemessen zu unterst\u00fctzen, wird es auf der B\u00fchne am Markplatz ein Public Viewing geben. Anpfiff wird um 20.45 Uhr.<\/p>\n","protected":false},"excerpt":{"rendered":"<div class=\"tmnf_excerpt\"><p>Burghaun. Im Rahmen der 750-Jahr-Feier vom 15.06.2012 bis zum 24.06.2012 veranstaltet die Marktgemeinde, die Freiwillige Feuerwehr Burghaun und der Partnerschaftsverein Mertzwiller einen \u201eEls\u00e4sser Abend\u201c mit den Lichtbergkrainernam Freitag, den 22.06.2012um 19.30 Uhr am Marktplatz in Burghaun. Bereits um 18.00 Uhr wird der Abend mit einem gemeinsamen Liedvortrag von neun Burghauner Ch\u00f6ren auf den Kirchentreppen er\u00f6ffnet.<\/p>\n<\/div>","protected":false},"author":1,"featured_media":0,"comment_status":"closed","ping_status":"closed","sticky":false,"template":"","format":"standard","meta":{"footnotes":""},"categories":[1,44],"tags":[],"class_list":["post-99593","post","type-post","status-publish","format-standard","hentry","category-startseite","category-kultur"],"_links":{"self":[{"href":"https:\/\/www.fuldaernachrichten.de\/index.php?rest_route=\/wp\/v2\/posts\/99593","targetHints":{"allow":["GET"]}}],"collection":[{"href":"https:\/\/www.fuldaernachrichten.de\/index.php?rest_route=\/wp\/v2\/posts"}],"about":[{"href":"https:\/\/www.fuldaernachrichten.de\/index.php?rest_route=\/wp\/v2\/types\/post"}],"author":[{"embeddable":true,"href":"https:\/\/www.fuldaernachrichten.de\/index.php?rest_route=\/wp\/v2\/users\/1"}],"replies":[{"embeddable":true,"href":"https:\/\/www.fuldaernachrichten.de\/index.php?rest_route=%2Fwp%2Fv2%2Fcomments&post=99593"}],"version-history":[{"count":0,"href":"https:\/\/www.fuldaernachrichten.de\/index.php?rest_route=\/wp\/v2\/posts\/99593\/revisions"}],"wp:attachment":[{"href":"https:\/\/www.fuldaernachrichten.de\/index.php?rest_route=%2Fwp%2Fv2%2Fmedia&parent=99593"}],"wp:term":[{"taxonomy":"category","embeddable":true,"href":"https:\/\/www.fuldaernachrichten.de\/index.php?rest_route=%2Fwp%2Fv2%2Fcategories&post=99593"},{"taxonomy":"post_tag","embeddable":true,"href":"https:\/\/www.fuldaernachrichten.de\/index.php?rest_route=%2Fwp%2Fv2%2Ftags&post=99593"}],"curies":[{"name":"wp","href":"https:\/\/api.w.org\/{rel}","templated":true}]}}