{"id":99587,"date":"2012-06-19T00:13:49","date_gmt":"2012-06-19T00:13:49","guid":{"rendered":"http:\/\/www.fuldaer-nachrichten.de\/?p=99587"},"modified":"2012-06-19T07:41:08","modified_gmt":"2012-06-19T07:41:08","slug":"tragikomodie-mein-bester-feind-am-freitag-om-cafe-panama","status":"publish","type":"post","link":"https:\/\/www.fuldaernachrichten.de\/?p=99587","title":{"rendered":"Tragikom\u00f6die \u201eMein bester Feind\u201c am Freitag om Caf\u00e9 Panama"},"content":{"rendered":"<p>Fulda. Die Kultur- und Kinoinitiative Fulda e.V. zeigt am Freitag, den 22.06. um 21.00 Uhr im Caf\u00e9 Panama in der Langebr\u00fcckenstr. 14, 36037 Fulda, die Tragikom\u00f6die \u201eMein bester Feind\u201c. Victor Kaufmann und Rudi Smekal sind Freunde seit ihrer Kindheit. Doch Victor landet im KZ und Rudi bei den Nazis. Als Rudi Victor aus dem KZ nach Berlin bringen soll, \u00e4ndert sich alles. Der j\u00fcdische Gefangene wird zum SS-Mann und der Sturmbannf\u00fchrer zum KZ-H\u00e4ftling. Ein Spiel mit vertauschten Rollen, ein Spiel um Leben und Tod.<!--more--><br \/>\nDer Film ist ein mit leichter Hand inszeniertes, ausgefuchstes Katz- und Maus-Spiel aus der Feder von Erfolgsregisseur Wolfgang Murnberger. Moritz Bleibtreu und Georg Friedrich jagen mit unb\u00e4ndiger Spielfreude der Wahrheit, der Kunst und der Liebe nach und schaffen dabei \u2013 ganz gro\u00dfes Kino. Weitere Infos erhalten Sie unter der Telefonnummer 0661-48 0045-90 oder<br \/>\nunter <a href=\"http:\/\/www.35kino.de\" target=\"_blank\">www.35kino.de<\/a><\/p>\n","protected":false},"excerpt":{"rendered":"<div class=\"tmnf_excerpt\"><p>Fulda. Die Kultur- und Kinoinitiative Fulda e.V. zeigt am Freitag, den 22.06. um 21.00 Uhr im Caf\u00e9 Panama in der Langebr\u00fcckenstr. 14, 36037 Fulda, die Tragikom\u00f6die \u201eMein bester Feind\u201c. Victor Kaufmann und Rudi Smekal sind Freunde seit ihrer Kindheit. Doch Victor landet im KZ und Rudi bei den Nazis. Als Rudi Victor aus dem KZ &hellip;<\/p>\n<\/div>","protected":false},"author":1,"featured_media":0,"comment_status":"closed","ping_status":"closed","sticky":false,"template":"","format":"standard","meta":{"footnotes":""},"categories":[1,44],"tags":[],"class_list":["post-99587","post","type-post","status-publish","format-standard","hentry","category-startseite","category-kultur"],"_links":{"self":[{"href":"https:\/\/www.fuldaernachrichten.de\/index.php?rest_route=\/wp\/v2\/posts\/99587","targetHints":{"allow":["GET"]}}],"collection":[{"href":"https:\/\/www.fuldaernachrichten.de\/index.php?rest_route=\/wp\/v2\/posts"}],"about":[{"href":"https:\/\/www.fuldaernachrichten.de\/index.php?rest_route=\/wp\/v2\/types\/post"}],"author":[{"embeddable":true,"href":"https:\/\/www.fuldaernachrichten.de\/index.php?rest_route=\/wp\/v2\/users\/1"}],"replies":[{"embeddable":true,"href":"https:\/\/www.fuldaernachrichten.de\/index.php?rest_route=%2Fwp%2Fv2%2Fcomments&post=99587"}],"version-history":[{"count":1,"href":"https:\/\/www.fuldaernachrichten.de\/index.php?rest_route=\/wp\/v2\/posts\/99587\/revisions"}],"predecessor-version":[{"id":99588,"href":"https:\/\/www.fuldaernachrichten.de\/index.php?rest_route=\/wp\/v2\/posts\/99587\/revisions\/99588"}],"wp:attachment":[{"href":"https:\/\/www.fuldaernachrichten.de\/index.php?rest_route=%2Fwp%2Fv2%2Fmedia&parent=99587"}],"wp:term":[{"taxonomy":"category","embeddable":true,"href":"https:\/\/www.fuldaernachrichten.de\/index.php?rest_route=%2Fwp%2Fv2%2Fcategories&post=99587"},{"taxonomy":"post_tag","embeddable":true,"href":"https:\/\/www.fuldaernachrichten.de\/index.php?rest_route=%2Fwp%2Fv2%2Ftags&post=99587"}],"curies":[{"name":"wp","href":"https:\/\/api.w.org\/{rel}","templated":true}]}}