{"id":99585,"date":"2012-06-19T00:12:59","date_gmt":"2012-06-19T00:12:59","guid":{"rendered":"http:\/\/www.fuldaer-nachrichten.de\/?p=99585"},"modified":"2012-06-19T07:39:29","modified_gmt":"2012-06-19T07:39:29","slug":"ehrenbriefes-des-landes-hessen-an-peter-rosler-aus-flieden-ruckers-verliehen","status":"publish","type":"post","link":"https:\/\/www.fuldaernachrichten.de\/?p=99585","title":{"rendered":"Ehrenbriefes des Landes Hessen an Peter R\u00f6\u00dfler aus Flieden-R\u00fcckers verliehen"},"content":{"rendered":"<p><a href=\"http:\/\/www.fuldaer-nachrichten.de\/wp-content\/uploads\/2012\/06\/120619_Ehrenbrief.jpg\"><img fetchpriority=\"high\" decoding=\"async\" class=\"alignleft size-thumbnail wp-image-99586\" title=\"120619_Ehrenbrief\" src=\"http:\/\/www.fuldaer-nachrichten.de\/wp-content\/uploads\/2012\/06\/120619_Ehrenbrief-265x195.jpg\" alt=\"\" width=\"265\" height=\"195\" srcset=\"https:\/\/www.fuldaernachrichten.de\/wp-content\/uploads\/2012\/06\/120619_Ehrenbrief-265x195.jpg 265w, https:\/\/www.fuldaernachrichten.de\/wp-content\/uploads\/2012\/06\/120619_Ehrenbrief.jpg 600w\" sizes=\"(max-width: 265px) 100vw, 265px\" \/><\/a>Flieden-R\u00fcckers. Im Rahmen des Gemeindefeuerwehrtages im Fliedener Ortsteil R\u00fcckers konnte B\u00fcrgermeister Winfried Kre\u00df anl\u00e4sslich der \u00dcberreichung des Ehrenbriefes des Landes Hessen an Herrn Peter R\u00f6\u00dfler neben den zahlreich erschienen Mitb\u00fcrgerinnen und Mitb\u00fcrgern und Feuerwehrleuten auch eine Reihe an Ehreng\u00e4sten aus der kommunalen Politik begr\u00fc\u00dfen.<!--more--><\/p>\n<p>In einer kurzen Laudatio auf den zu Ehrenden konnte B\u00fcrgermeister Kre\u00df eine ganze Reihe an ehrenamtlichen Aktivit\u00e4ten anf\u00fchren, in denen Herr Peter R\u00f6\u00dfler sich f\u00fcr das Gemeinwohl engagiert hat. So hat er von 1997 bis 2011 ununterbrochen dem Ortsbeirat R\u00fcckers angeh\u00f6rt, in dem er \u00fcber zwei Wahlperioden auch als stellvertretender Ortsvorsteher fungierte.<\/p>\n<p>Dar\u00fcber hinaus war er vor dieser Zeit bereits 12 Jahre im Ortsbeirat des Schl\u00fcchterner Stadtteils Hutten t\u00e4tig gewesen. Neben den kommunalpolitischen Aktivit\u00e4ten blickt Peter R\u00f6\u00dfler auch auf verschiedene Vorstandst\u00e4tigkeiten in \u00f6rtlichen Vereinen zur\u00fcck. So war er<\/p>\n<p>&#8211; von 2005 \u2013 2008 2. Vorsitzender des Carnevalvereins R\u00fcckers und<br \/>\nvon 2008 bis heute 1. Vorsitzender<br \/>\n&#8211; von 2002 bis heute 1. Vorsitzender der Steinkammerspatzen und<br \/>\nseit 7 Jahren Vorsitzender des SPD-Ortsvereins R\u00fcckers.<\/p>\n<p>B\u00fcrgermeister Kre\u00df und der ihm bei der Ehrenbriefverleihung assistierende R\u00fcckerser Ortsvorsteher Peter Auth gratulierten ihrem Mitb\u00fcrger Peter R\u00f6\u00dfler im Namen der Gemeinde Flieden und des Ortsteils R\u00fcckers f\u00fcr dessen \u00f6ffentliches Engagement und w\u00fcnschten ihm f\u00fcr die Zukunft alles Gute. Seiner Ehefrau Marietta R\u00f6\u00dfler \u00fcberreichten sie einen Blumenstrau\u00df als Dank daf\u00fcr, dass sie es \u00fcber all die Jahrzehnte hinweg immer unterst\u00fctzt hat, wenn ihr Ehemann sich f\u00fcr die Allgemeinheit eingesetzt und daf\u00fcr auch entsprechend viel Zeit verwandt hat.<\/p>\n","protected":false},"excerpt":{"rendered":"<div class=\"tmnf_excerpt\"><p>Flieden-R\u00fcckers. Im Rahmen des Gemeindefeuerwehrtages im Fliedener Ortsteil R\u00fcckers konnte B\u00fcrgermeister Winfried Kre\u00df anl\u00e4sslich der \u00dcberreichung des Ehrenbriefes des Landes Hessen an Herrn Peter R\u00f6\u00dfler neben den zahlreich erschienen Mitb\u00fcrgerinnen und Mitb\u00fcrgern und Feuerwehrleuten auch eine Reihe an Ehreng\u00e4sten aus der kommunalen Politik begr\u00fc\u00dfen.<\/p>\n<\/div>","protected":false},"author":1,"featured_media":0,"comment_status":"closed","ping_status":"closed","sticky":false,"template":"","format":"standard","meta":{"footnotes":""},"categories":[1],"tags":[],"class_list":["post-99585","post","type-post","status-publish","format-standard","hentry","category-startseite"],"_links":{"self":[{"href":"https:\/\/www.fuldaernachrichten.de\/index.php?rest_route=\/wp\/v2\/posts\/99585","targetHints":{"allow":["GET"]}}],"collection":[{"href":"https:\/\/www.fuldaernachrichten.de\/index.php?rest_route=\/wp\/v2\/posts"}],"about":[{"href":"https:\/\/www.fuldaernachrichten.de\/index.php?rest_route=\/wp\/v2\/types\/post"}],"author":[{"embeddable":true,"href":"https:\/\/www.fuldaernachrichten.de\/index.php?rest_route=\/wp\/v2\/users\/1"}],"replies":[{"embeddable":true,"href":"https:\/\/www.fuldaernachrichten.de\/index.php?rest_route=%2Fwp%2Fv2%2Fcomments&post=99585"}],"version-history":[{"count":0,"href":"https:\/\/www.fuldaernachrichten.de\/index.php?rest_route=\/wp\/v2\/posts\/99585\/revisions"}],"wp:attachment":[{"href":"https:\/\/www.fuldaernachrichten.de\/index.php?rest_route=%2Fwp%2Fv2%2Fmedia&parent=99585"}],"wp:term":[{"taxonomy":"category","embeddable":true,"href":"https:\/\/www.fuldaernachrichten.de\/index.php?rest_route=%2Fwp%2Fv2%2Fcategories&post=99585"},{"taxonomy":"post_tag","embeddable":true,"href":"https:\/\/www.fuldaernachrichten.de\/index.php?rest_route=%2Fwp%2Fv2%2Ftags&post=99585"}],"curies":[{"name":"wp","href":"https:\/\/api.w.org\/{rel}","templated":true}]}}