{"id":99582,"date":"2012-06-19T07:34:37","date_gmt":"2012-06-19T07:34:37","guid":{"rendered":"http:\/\/www.fuldaer-nachrichten.de\/?p=99582"},"modified":"2012-06-19T07:34:37","modified_gmt":"2012-06-19T07:34:37","slug":"sparkassenvorstand-uwe-marohn-uberreichte-ob-moller-eine-der-ersten-medaillen-zum-domjubilaum","status":"publish","type":"post","link":"https:\/\/www.fuldaernachrichten.de\/?p=99582","title":{"rendered":"Sparkassenvorstand Uwe Marohn \u00fcberreichte OB M\u00f6ller eine der ersten Medaillen zum Domjubil\u00e4um"},"content":{"rendered":"<p><a href=\"http:\/\/www.fuldaer-nachrichten.de\/wp-content\/uploads\/2012\/06\/120619_Marohn-und-Mo\u00cc\u02c6ller-2.jpg\"><img decoding=\"async\" class=\"alignleft size-thumbnail wp-image-99583\" title=\"120619_Marohn und Mo\u00cc\u02c6ller (2)\" src=\"http:\/\/www.fuldaer-nachrichten.de\/wp-content\/uploads\/2012\/06\/120619_Marohn-und-Mo\u00cc\u02c6ller-2-265x175.jpg\" alt=\"\" width=\"265\" height=\"175\" \/><\/a>Fulda (mb). Sie ist elegant, sie ist sch\u00f6n, sie ist wertvoll: die Sonderpr\u00e4gung einer Gedenkmedaille der Sparkasse Fulda zum 300. Geburtstag des Fuldaer Doms St. Salvator.\u00c2\u00a0 Die filigran heraus gearbeitete Domsilhouette mit den Jubil\u00e4umsdaten schm\u00fcckt die Vorderseite des edlen St\u00fccks. Auf der R\u00fcckseite ist das Wappen des Erbauers Adalbert von Schleifras\u00c2\u00a0 zu sehen. Wer Freude an der als Sammler- oder Erinnerungsst\u00fcck gleichermassen begehrten Medaille hat, kann sie sowohl als 999 Feinsilber Pr\u00e4gung zum Preis von 49,90 Euro erhalten oder auf Anfrage auch als 999,9 Feingold Variante. Aus Anlass des Domjubil\u00e4ums erhielt auch Fuldas Oberb\u00fcrgermeister Gerhard M\u00f6ller eine der ersten der auf 300 Exemplare begrenzten Sonderpr\u00e4gung.<!--more--><\/p>\n<p><strong>Besondere Erinnerung<\/strong><\/p>\n<p>Wer nach Fulda gefragt wird, denkt meist an den Dom. &#8220;Er ist zweifellos eines\u00c2\u00a0\u00c2\u00a0 \u00c2\u00a0unserer markantesten Wahrzeichen und verdient zum au\u00dfergew\u00f6hnlichen Jubil\u00e4um auch eine besondere Form der Erinnerung&#8221;, betonte M\u00f6ller bei der Medaillen\u00fcbergabe durch Sparkassenvorstand Uwe Marohn. Die Kathedralkirche spiegele in mehrfacher Hinsicht das Selbstverst\u00e4ndnis der Fuldaer wider. Der Dom sei ein ausdrucksvolles Zeichen des Glaubens. In ihm manifestiere sich aber auch, wie architektonische Trends der Zeit aufgegriffen worden sind und sparsames Haushalten einen solchen Bau erst m\u00f6glich gemacht hat. Denn Bischof Adalbert von Schleifras hatte auf die prall gef\u00fcllten Schatullen seines Amtsvorg\u00e4ngers Placidus von Droste zur\u00fcckgreifen k\u00f6nnen. Er war ein Westfale. Sie gelten seit jeher &#8220;sehr sparsam&#8221;, wie Bischof Heinz Josef Algermissen seinen Vorg\u00e4nger, Bischof Placidus, beschrieb.<\/p>\n<p>Der Dom, so Fuldas Verwaltungschef, sei heute zusammen mit dem Stadtschloss, dem Schlossgarten sowie der Orangerie Teil des historisch wertvollen Barockensembles, dessen unverwechselbares Flair nicht nur die Fuldaer selbst, sondern j\u00e4hrlich Zehntausende von Touristen zu sch\u00e4tzen wissen. &#8220;F\u00fcr uns ist er zugleich ein sichtbares Symbol daf\u00fcr, dass Werte in unserer Stadt ihren festen Platz haben.&#8221; Der Sparkasse dankte M\u00f6ller f\u00fcr die gelungene Idee sowie die gute Zusammenarbeit bei der Medaillengestaltung mit dem Bistum Fulda. Professor Dr. Werner Kathrein als Domdechant habe ma\u00dfgeblich durch seine Beratung zur erfolgreichen Umsetzung der Medaillenpragung beigetragen.<\/p>\n<p><strong>Heimatverbundenheit<\/strong><\/p>\n<p>F\u00fcr Sparkassenvorstand Marohn war die \u00dcbergabe der Medaille an Oberb\u00fcrgermeister M\u00f6ller ein willkommener Anlass, um die historischen Ankn\u00fcpfungspunkte seines Hauses zum Bistum\u00c2\u00a0 hervorzuheben. Die urspr\u00fcnglich als &#8220;St\u00e4dtische Vorschusskasse&#8221; gegr\u00fcndete Sparkasse gehe auf den letzten Fuldaer F\u00fcrstbischof Adalbert III. von Harstall zur\u00fcck, der sie ins Leben rief. Seine Initiative sei in hohem Mass sozial- caritativ inspiriert gewesen und habe sich damit in der Tradition christlicher Armenf\u00fcrsorge bewegt. Gerne habe die Sparkasse, die zu einer der \u00e4ltesten Deutschlands z\u00e4hlt, den Gedanken aufgegriffen, zum 300j\u00e4hrigen Geburtstag des Doms, der am 15. August gefeiert wird, eine Jubil\u00e4umsmedaille aufzulegen. Das\u00c2\u00a0 Jubil\u00e4um des von Johann Dientzenhofer\u00c2\u00a0 errichteten Barockbaus spiegele ein St\u00fcck Fuldaer Geschichte, Heimat und Glaubensheimat wider. Auch die zahlreichen Gemeindejubil\u00e4en wie in Rothemann oder Dipperz st\u00fcnden f\u00fcr diese Heimatverbundenheit, f\u00fcr die Tradition in der Region, die die Sparkasse mit einer Sonderpr\u00e4gung aus \u00dcberzeugung f\u00f6rdere. Die Medaille in Silber ist in allen Filialen der Sparkasse erh\u00e4ltlich; bevorzugt in der Gesch\u00e4ftsstelle am Buttermarkt. Die Ausf\u00fchrung in Gold erfolgt auf Anfrage.<\/p>\n","protected":false},"excerpt":{"rendered":"<div class=\"tmnf_excerpt\"><p>Fulda (mb). Sie ist elegant, sie ist sch\u00f6n, sie ist wertvoll: die Sonderpr\u00e4gung einer Gedenkmedaille der Sparkasse Fulda zum 300. Geburtstag des Fuldaer Doms St. Salvator.\u00c2\u00a0 Die filigran heraus gearbeitete Domsilhouette mit den Jubil\u00e4umsdaten schm\u00fcckt die Vorderseite des edlen St\u00fccks. Auf der R\u00fcckseite ist das Wappen des Erbauers Adalbert von Schleifras\u00c2\u00a0 zu sehen. Wer Freude &hellip;<\/p>\n<\/div>","protected":false},"author":1,"featured_media":0,"comment_status":"closed","ping_status":"closed","sticky":false,"template":"","format":"standard","meta":{"footnotes":""},"categories":[1,29],"tags":[],"class_list":["post-99582","post","type-post","status-publish","format-standard","hentry","category-startseite","category-politik"],"_links":{"self":[{"href":"https:\/\/www.fuldaernachrichten.de\/index.php?rest_route=\/wp\/v2\/posts\/99582","targetHints":{"allow":["GET"]}}],"collection":[{"href":"https:\/\/www.fuldaernachrichten.de\/index.php?rest_route=\/wp\/v2\/posts"}],"about":[{"href":"https:\/\/www.fuldaernachrichten.de\/index.php?rest_route=\/wp\/v2\/types\/post"}],"author":[{"embeddable":true,"href":"https:\/\/www.fuldaernachrichten.de\/index.php?rest_route=\/wp\/v2\/users\/1"}],"replies":[{"embeddable":true,"href":"https:\/\/www.fuldaernachrichten.de\/index.php?rest_route=%2Fwp%2Fv2%2Fcomments&post=99582"}],"version-history":[{"count":1,"href":"https:\/\/www.fuldaernachrichten.de\/index.php?rest_route=\/wp\/v2\/posts\/99582\/revisions"}],"predecessor-version":[{"id":99584,"href":"https:\/\/www.fuldaernachrichten.de\/index.php?rest_route=\/wp\/v2\/posts\/99582\/revisions\/99584"}],"wp:attachment":[{"href":"https:\/\/www.fuldaernachrichten.de\/index.php?rest_route=%2Fwp%2Fv2%2Fmedia&parent=99582"}],"wp:term":[{"taxonomy":"category","embeddable":true,"href":"https:\/\/www.fuldaernachrichten.de\/index.php?rest_route=%2Fwp%2Fv2%2Fcategories&post=99582"},{"taxonomy":"post_tag","embeddable":true,"href":"https:\/\/www.fuldaernachrichten.de\/index.php?rest_route=%2Fwp%2Fv2%2Ftags&post=99582"}],"curies":[{"name":"wp","href":"https:\/\/api.w.org\/{rel}","templated":true}]}}