{"id":99573,"date":"2012-06-19T00:12:49","date_gmt":"2012-06-19T00:12:49","guid":{"rendered":"http:\/\/www.fuldaer-nachrichten.de\/?p=99573"},"modified":"2012-06-19T07:17:27","modified_gmt":"2012-06-19T07:17:27","slug":"vereinte-nationen-zeichnen-dwv-schulwander-initiative-aus","status":"publish","type":"post","link":"https:\/\/www.fuldaernachrichten.de\/?p=99573","title":{"rendered":"Vereinte Nationen zeichnen DWV-Schulwander-Initiative aus"},"content":{"rendered":"<p>Kassel. Das Ausbildungssystem zum Schulwandern des Deutschen Wanderverbandes (DWV) ist am vergangenen Freitag von den Vereinten Nationen als \u201eOffizielle Ma\u00dfnahme der UN-Dekade f\u00fcr nachhaltige Entwicklung\u201c ausgezeichnet worden. Die Auszeichnung bekommen nur wenige.<!--more--><\/p>\n<p><strong><\/strong>Schulwanderungen bieten viele Vorteile. Sie f\u00f6rdern die Pers\u00f6nlichkeitsentwicklung sowie\u00c2\u00a0 das soziale Verhalten junger Menschen und geben Einblicke in die Natur. Ute Dicks, Gesch\u00e4ftsf\u00fchrerin des Deutschen Wanderverbandes: \u201eDa wird Bildung f\u00fcr nachhaltige Entwicklung f\u00fcr junge Menschen konkret.\u201c Der Deutsche Wanderverband will mit seiner Ausbildungsinitiative erreichen, dass Kinder und Jugendliche in der Schule regelm\u00e4\u00dfig wandern und dabei lernen, sich f\u00fcr eine zukunftsf\u00e4hige Entwicklung einzusetzen. Das Konzept daf\u00fcr wird von der Deutschen Bundesstiftung Umwelt (DBU) gef\u00f6rdert und ist nun von der deutschen UNESCO-Kommission als vorbildliche Bildungsarbeit und \u201eOffizielle Ma\u00dfnahme der Weltdekade&#8221; im Haus der Kulturen der Welt in Berlin ausgezeichnet worden.<\/p>\n<p>Das Ausbildungskonzept, das der Wanderverband in Kooperation mit der Deutschen Wanderjugend (DWJ) auf den Weg gebracht hat, besteht aus zwei Elementen: Zum einen werden Lehrer und Wanderf\u00fchrer \u00c2\u00a0zu \u201ezertifizierten Schulwanderf\u00fchrern\u201c fortgebildet. Zum anderen werden &#8211; auf die Rahmenbedingungen einzelner Bundesl\u00e4nder abgestimmt &#8211; Fortbilder ausgebildet, die in ihren Bundesl\u00e4ndern ihrerseits Experten f\u00fcr Schulwanderungen qualifizieren.<\/p>\n<p>Die \u201eOffiziellen Ma\u00dfnahmen&#8221; spielen bei der Umsetzung der strategischen Ziele des Nationalen Aktionsplans der UN-Dekade \u201eBildung f\u00fcr nachhaltige Entwicklung\u201c eine zentrale Rolle. Im Unterschied zu zahlreichen eher lokal ausgerichteten Projekten, die als Beispiele guter Praxis ebenfalls ausgezeichnet werden, leisten die \u201eOffiziellen Ma\u00dfnahmen der Weltdekade&#8221; einen strukturellen Beitrag zur systematischen Verankerung von Bildung f\u00fcr nachhaltige Entwicklung. Das DWV-Projekt ist eins von nur 19, welche sich seit vergangenen Freitag (15.Juni) \u201eOffizielle Ma\u00dfnahme der Weltdekade&#8221; nennen d\u00fcrfen. \u201eWir sind stolz, mit unserem Aus- und Fortbildungskonzept dazu beizutragen, Bildung f\u00fcr nachhaltige Entwicklung in Deutschland langfristig zu verankern\u201c, so die DWV-Gesch\u00e4ftsf\u00fchrerin.<\/p>\n<p>Tats\u00e4chlich eignen sich Schulwanderungen P\u00e4dagogen zufolge bestens daf\u00fcr, junge Menschen gerade f\u00fcr das Thema \u201enachhaltige Entwicklung\u201c und f\u00fcr damit verbundene Themen wie Konsum, Lebensstil, Klimawandel und Biologische Vielfalt zu sensibilisieren:<br \/>\nDie fair gehandelte Pausenschokolade unterst\u00fctzt eine gerechte Bezahlung der Kakaobauern und verhindert Kinderarbeit; ein Picknick mit Zutaten, die gerade in der eigenen Region wachsen, schont genauso das Klima wie die Anreise zur Schulwanderung mit dem \u00d6PNV. W\u00e4hrend einer Wanderung k\u00f6nnen die Sch\u00fcler auch Ideen f\u00fcr eigene Nachhaltigkeitsprojekte bekommen. So k\u00f6nnen sie etwa eine Streuobstwiesenpatenschaft \u00fcbernehmen, diese pflegen und den selbstgepressten Saft im Sch\u00fclercaf\u00e9 verkaufen.<\/p>\n<p>Gabi Diethers, Referentin f\u00fcr Schulwandern und Bildung f\u00fcr nachhaltige Entwicklung beim Deutschen Wanderverband: \u201eNachhaltige Entwicklung betrifft jeden. Denn es geht um unsere und die Zukunft nachfolgender Generationen. In allen Lebensbereichen k\u00f6nnen wir viel erreichen. Gerade unser Konsumverhalten wirkt sich weltweit aus.\u201c<\/p>\n<p>&nbsp;<\/p>\n<p>&nbsp;<\/p>\n","protected":false},"excerpt":{"rendered":"<div class=\"tmnf_excerpt\"><p>Kassel. Das Ausbildungssystem zum Schulwandern des Deutschen Wanderverbandes (DWV) ist am vergangenen Freitag von den Vereinten Nationen als \u201eOffizielle Ma\u00dfnahme der UN-Dekade f\u00fcr nachhaltige Entwicklung\u201c ausgezeichnet worden. Die Auszeichnung bekommen nur wenige.<\/p>\n<\/div>","protected":false},"author":1,"featured_media":0,"comment_status":"closed","ping_status":"closed","sticky":false,"template":"","format":"standard","meta":{"footnotes":""},"categories":[1,52],"tags":[],"class_list":["post-99573","post","type-post","status-publish","format-standard","hentry","category-startseite","category-umwelt"],"_links":{"self":[{"href":"https:\/\/www.fuldaernachrichten.de\/index.php?rest_route=\/wp\/v2\/posts\/99573","targetHints":{"allow":["GET"]}}],"collection":[{"href":"https:\/\/www.fuldaernachrichten.de\/index.php?rest_route=\/wp\/v2\/posts"}],"about":[{"href":"https:\/\/www.fuldaernachrichten.de\/index.php?rest_route=\/wp\/v2\/types\/post"}],"author":[{"embeddable":true,"href":"https:\/\/www.fuldaernachrichten.de\/index.php?rest_route=\/wp\/v2\/users\/1"}],"replies":[{"embeddable":true,"href":"https:\/\/www.fuldaernachrichten.de\/index.php?rest_route=%2Fwp%2Fv2%2Fcomments&post=99573"}],"version-history":[{"count":0,"href":"https:\/\/www.fuldaernachrichten.de\/index.php?rest_route=\/wp\/v2\/posts\/99573\/revisions"}],"wp:attachment":[{"href":"https:\/\/www.fuldaernachrichten.de\/index.php?rest_route=%2Fwp%2Fv2%2Fmedia&parent=99573"}],"wp:term":[{"taxonomy":"category","embeddable":true,"href":"https:\/\/www.fuldaernachrichten.de\/index.php?rest_route=%2Fwp%2Fv2%2Fcategories&post=99573"},{"taxonomy":"post_tag","embeddable":true,"href":"https:\/\/www.fuldaernachrichten.de\/index.php?rest_route=%2Fwp%2Fv2%2Ftags&post=99573"}],"curies":[{"name":"wp","href":"https:\/\/api.w.org\/{rel}","templated":true}]}}