{"id":99568,"date":"2012-06-19T00:06:06","date_gmt":"2012-06-19T00:06:06","guid":{"rendered":"http:\/\/www.fuldaer-nachrichten.de\/?p=99568"},"modified":"2012-06-19T07:10:24","modified_gmt":"2012-06-19T07:10:24","slug":"zuhoren-und-mitsingen-am-30-juni-beginnt-die-frankische-woche-in-rhon-grabfeld-eintritt-meist-frei","status":"publish","type":"post","link":"https:\/\/www.fuldaernachrichten.de\/?p=99568","title":{"rendered":"Zuh\u00f6ren und Mitsingen: Am 30. Juni beginnt die Fr\u00e4nkische Woche in Rh\u00f6n-Grabfeld \/ Eintritt meist frei"},"content":{"rendered":"<p><a href=\"http:\/\/www.fuldaer-nachrichten.de\/wp-content\/uploads\/2012\/06\/120619_Kirmesmusikanten_Presse.jpg\"><img fetchpriority=\"high\" decoding=\"async\" class=\"alignnone size-full wp-image-99569\" title=\"120619_Kirmesmusikanten_Presse\" src=\"http:\/\/www.fuldaer-nachrichten.de\/wp-content\/uploads\/2012\/06\/120619_Kirmesmusikanten_Presse.jpg\" alt=\"\" width=\"560\" height=\"409\" \/><\/a><\/p>\n<p>Rh\u00f6n-Grabfeld. Ganz im Zeichen des fr\u00e4nkischen Liedguts steht die diesj\u00e4hrige \u201eFr\u00e4nkische Woche\u201c. Diese findet bereits zum sechsten Mal unter Federf\u00fchrung der Kulturagentur im Landkreis Rh\u00f6n-Grabfeld mit Unterst\u00fctzung des Bezirks Unterfranken statt. Vom 30. Juni bis 08. Juli 2012 sind Besucher herzlich zu 21 Veranstaltungen in zw\u00f6lf St\u00e4dten und Orten der Region eingeladen. Wer mag wandert oder radelt zu Kulturevents, die meist an Rad- und Wanderwegen liegen.<!--more--><\/p>\n<p><strong><\/strong>Das diesj\u00e4hrige Motto lautet aufgrund einer Vielzahl von Jubil\u00e4en regionaler und \u00fcberregionaler S\u00e4ngervereinigungen: \u201eSo singen wir in Franken\u201c. Zahlreiche Ch\u00f6re, Trachtengruppen und Kapellen, junge und alte Musikanten und S\u00e4nger unterhalten mit fr\u00e4nkischen Liedern und Gedichten in Mundart und traditionellen T\u00e4nzen; aber auch Kabarett und Lesungen stehen auf dem bunt gemischten Programm. Die K\u00fcnstler stammen fast ausschlie\u00dflich aus der Region.<\/p>\n<p>Die offizielle Auftaktveranstaltung findet am <strong>Samstag,<\/strong> <strong>30. Juni<\/strong> um 17:00 Uhr in der Katholischen Pfarrkirche St. Kilian in Oberelsbach im Rahmen der 1200-Jahr-Feierlichkeiten der Marktgemeinde statt. Gleich drei Jubil\u00e4en &#8211; 150 Jahre Fr\u00e4nkischer S\u00e4ngerbund, 50 Jahre Deutscher Chorverband und 90 Jahre S\u00e4ngerkreis Schweinfurt &#8211; werden mit einem Festkonzert mit Solisten, Ch\u00f6ren und Streichorchester gefeiert. In der Elstalhalle geht es um 20:00 Uhr weiter mit einem Konzert junger Ch\u00f6re aus dem gesamten S\u00e4ngerkreis Schweinfurt.<\/p>\n<p>Am <strong>Sonntag,<\/strong> <strong>01. Juli,<\/strong> findet in der Pfarrkirche in Oberelsbach um 09:15 Uhr eine Kirchenparade mit anschlie\u00dfendem Festgottesdienst statt, musikalisch begleitet vom Streicherensemble der Berufsfachschule f\u00fcr Musik Bad K\u00f6nigshofen und der Musikkapelle Oberelsbach. Um 13:00 Uhr zieht ein Festzug\u00c2\u00a0 mit allen Musikgruppen zum Marktplatz, wo auch ein Gemeinschaftschor singen wird. Von 14:00 bis 16:00 Uhr kann man dann in der Pfarrkirche, in der Elstalhalle und am Marktplatz am Offenen Singen mit 20 Ch\u00f6ren teilnehmen. Ebenfalls am Sonntag findet in der Kreisgalerie Caf\u00e9 Art in Mellrichstadt um 16:00 Uhr die Veranstaltung Mellrichstadt liest: \u201eIns Land der Franken fahren\u201c mit heiteren Geschichten aus Franken statt.<\/p>\n<p>In Stockheim kann man am <strong>Montag, 02. Juli,<\/strong> um 19:00 Uhr an einem Musikalischen Spaziergang mit Liedbeitr\u00e4gen und Informationen zur Geschichte des Dorfes mit dem S\u00e4ngerverein C\u00e4cilia teilnehmen. Im Biergarten der Pizzeria \u201eBei Nino\u201c in Burglauer findet um 19:30 Uhr ein Offenes Singen mit dem Gesangverein Frohsinn Burglauer statt.<\/p>\n<p>Am <strong>Dienstag, 03. Juli,<\/strong> findet im Kloster Wechterswinkel ab <strong>14.30 Uhr <\/strong>eine Fortbildung f\u00fcr Lehrkr\u00e4fte aller Schularten statt: traditionelle fr\u00e4nkische Lieder und T\u00e4nze werden vermittelt, um das fr\u00e4nkische Brauchtum in der Schule aufleben zu lassen. Anmelden kann man sich beim Schulamt Bad Neustadt unter 09771 94 635.<\/p>\n<p>Im Kulturarsenal \u201eDarre\u201c in Bad K\u00f6nigshofen singen am <strong>Mittwoch, 04. Juli,<\/strong> um 14:30 Uhr Wandergruppen ihre Lieblingslieder mit Clemens Behr und Engelbrecht Br\u00fcger bei Kaffee und Kuchen.<\/p>\n<p>Livemusik zum Mitsingen bietet der \u201eMusikalische Kaffeeplausch\u201c im Haus St. Michael in Bad K\u00f6nigshofen mit der Prominentenband Bad K\u00f6nigshofen am <strong>Donnerstag, 05. Juli, <\/strong>um 14:00 Uhr. Ebenfalls am Donnerstag um 19:30 Uhr fordert der Dorfchor Rothausen auf: \u201eLasst uns fr\u00f6hlich singen\u201c. Am Oberen Dorfplatz 5 veranstaltet er in Zusammenarbeit mit der Berufsfachschule f\u00fcr Musik ein offenes fr\u00e4nkisches Heimatsingen.<\/p>\n<p>Schauplatz der Fr\u00e4nkischen Woche am <strong>Freitag, 6. Juli,<\/strong> ist das Rh\u00f6nst\u00e4dtchen Bischofsheim mit seinem Freitagskonzert ab 19:30 Uhr. Es spielt die Trachtenkapelle Unterwei\u00dfenbrunn auf dem Marktplatz. <strong><\/strong><\/p>\n<p>Mit den beliebten Fladungen Classics klingt die 6. Fr\u00e4nkische Woche aus; am <strong>Samstag, 7. Juli,<\/strong> spielen die Kirmesmusikanten ab 13:00 Uhr st\u00fcndlich bekannte Wirtshauslieder; ab 14:30 Uhr sorgt der Musikverein Fladungen in der Dr. H\u00f6ffingstra\u00dfe f\u00fcr Stimmung. Parallel findet am 07. Juli in Gro\u00dfeibstadt in der Alten Schmiede um 19:30 Uhr zum dritten Mal das Schmiedstor-Kabarett der Theatergruppe Gro\u00dfeibstadt statt.<\/p>\n<p>Auch am <strong>Sonntag, 8. Juli,<\/strong> ist die Fr\u00e4nkische Woche bei den Fladungen Classics zu Gast. Ab 13:00 Uhr schwingt der Musikverein Fladungen wieder den Taktstock und ab 14:00 Uhr singen die Kirmesmusikanten erneut an wechselnden Orten in dem Rh\u00f6nst\u00e4dtchen. In Bad K\u00f6nigshofen feiert der Gesangverein Harmonia ab 10:00 Uhr sein 140j\u00e4hriges Bestehen mit einem Chorfestival, der Gottesdienst, Festzug zum Hof der alten Volksschule, Fr\u00fchschoppen, Mittagessen und Chorauftritte umfasst. Im Gemeindehaus in Weisbach laden Musikverein, Trachtengruppe und Dorfjugend Weisbach um 15:00 Uhr zur Veranstaltung \u201eFr\u00e4nkische Musik \u2013 jung und frech\u201c. In Aubstadt schlie\u00dft die 6. Fr\u00e4nkische Woche mit einem offenen Singen in der M\u00f6nchshecke mit dem Gesangverein Eintracht 1897 Aubstadt um 18:00 Uhr.<\/p>\n<p>Das Programm ist unter <a href=\"http:\/\/www.fraenkischewoche.de\/\">www.fraenkischewoche.de<\/a> zu finden. Ebenso liegen in vielen Gesch\u00e4ften kostenlose Programmhefte aus. Diese sind auch bei der Kulturagentur des Landkreises Rh\u00f6n-Grabfeld im Landratsamt Bad Neustadt (Sp\u00f6rleinstr. 11, Bad Neustadt) erh\u00e4ltlich. Weitere Informationen gibt es unter Tel. 09771\/94 674.<\/p>\n<p>&nbsp;<\/p>\n<p>&nbsp;<\/p>\n","protected":false},"excerpt":{"rendered":"<div class=\"tmnf_excerpt\"><p>Rh\u00f6n-Grabfeld. Ganz im Zeichen des fr\u00e4nkischen Liedguts steht die diesj\u00e4hrige \u201eFr\u00e4nkische Woche\u201c. Diese findet bereits zum sechsten Mal unter Federf\u00fchrung der Kulturagentur im Landkreis Rh\u00f6n-Grabfeld mit Unterst\u00fctzung des Bezirks Unterfranken statt. Vom 30. Juni bis 08. Juli 2012 sind Besucher herzlich zu 21 Veranstaltungen in zw\u00f6lf St\u00e4dten und Orten der Region eingeladen. Wer mag wandert &hellip;<\/p>\n<\/div>","protected":false},"author":1,"featured_media":0,"comment_status":"closed","ping_status":"closed","sticky":false,"template":"","format":"standard","meta":{"footnotes":""},"categories":[1,44,78],"tags":[],"class_list":["post-99568","post","type-post","status-publish","format-standard","hentry","category-startseite","category-kultur","category-topthema"],"_links":{"self":[{"href":"https:\/\/www.fuldaernachrichten.de\/index.php?rest_route=\/wp\/v2\/posts\/99568","targetHints":{"allow":["GET"]}}],"collection":[{"href":"https:\/\/www.fuldaernachrichten.de\/index.php?rest_route=\/wp\/v2\/posts"}],"about":[{"href":"https:\/\/www.fuldaernachrichten.de\/index.php?rest_route=\/wp\/v2\/types\/post"}],"author":[{"embeddable":true,"href":"https:\/\/www.fuldaernachrichten.de\/index.php?rest_route=\/wp\/v2\/users\/1"}],"replies":[{"embeddable":true,"href":"https:\/\/www.fuldaernachrichten.de\/index.php?rest_route=%2Fwp%2Fv2%2Fcomments&post=99568"}],"version-history":[{"count":0,"href":"https:\/\/www.fuldaernachrichten.de\/index.php?rest_route=\/wp\/v2\/posts\/99568\/revisions"}],"wp:attachment":[{"href":"https:\/\/www.fuldaernachrichten.de\/index.php?rest_route=%2Fwp%2Fv2%2Fmedia&parent=99568"}],"wp:term":[{"taxonomy":"category","embeddable":true,"href":"https:\/\/www.fuldaernachrichten.de\/index.php?rest_route=%2Fwp%2Fv2%2Fcategories&post=99568"},{"taxonomy":"post_tag","embeddable":true,"href":"https:\/\/www.fuldaernachrichten.de\/index.php?rest_route=%2Fwp%2Fv2%2Ftags&post=99568"}],"curies":[{"name":"wp","href":"https:\/\/api.w.org\/{rel}","templated":true}]}}